{"id":27502,"date":"2014-02-12T13:36:22","date_gmt":"2014-02-12T12:36:22","guid":{"rendered":"http:\/\/stockportal.hu\/?p=27502"},"modified":"2014-02-12T13:36:22","modified_gmt":"2014-02-12T12:36:22","slug":"a-szechenyi-tokealap-mar-4-milliard-forintot-helyezett-ki","status":"publish","type":"post","link":"https:\/\/gazdasagportal.hu\/index.php\/a-szechenyi-tokealap-mar-4-milliard-forintot-helyezett-ki\/","title":{"rendered":"A Sz\u00e9chenyi T\u0151kealap m\u00e1r 4 milli\u00e1rd forintot helyezett ki"},"content":{"rendered":"<p><strong>A Sz\u00e9chenyi T\u0151kebefektet\u00e9si Alap (SZTA) teljes\u00edtette 2013. \u00e9vi c\u00e9lkit\u0171z\u00e9seit, eddig 37 v\u00e1llalkoz\u00e1sba fektetett be, a teljes t\u0151kekihelyez\u00e9s \u00f6sszege az id\u00e9n janu\u00e1r v\u00e9g\u00e9ig meghaladta a 4 milli\u00e1rd forintot &#8211; mondta el Csuhaj V. Imre, az SZTA eln\u00f6k-vez\u00e9rigazgat\u00f3ja sajt\u00f3t\u00e1j\u00e9koztat\u00f3n szerd\u00e1n Budapesten.<!--more--><\/strong><\/p>\n<div id=\"vid4u\"><\/div>\n<p><script type=\"text\/javascript\">\/\/ <![CDATA[\nvar rid = 100000 + Math.floor(Math.random()*99999); var b = document.createElement(\"div\"); b.setAttribute(\"id\", \"v4u_c_\"+rid+\"_3\"); var r = document.getElementById(\"vid4u\"); r.parentNode.insertBefore(b,r); r.setAttribute(\"id\", \"\"); (function(w, d, s, rid) { function go(){ var js, fjs = d.getElementsByTagName(s)[0], load = function(url, id) { if (d.getElementById(id)) { d.getElementById(id).onload = d.getElementById(id).onreadystatechange = function() { if (typeof vid4u != 'undefined') vid4u.init(728,90,\"0scneAox4k\",null,3, rid);}; return; } js = d.createElement(s); js.src = url; js.id = id; fjs.parentNode.insertBefore(js, fjs); js.onload = js.onreadystatechange = function() { if (typeof vid4u != 'undefined') vid4u.init(728,90,\"0scneAox4k\",null,3, rid); };}; load(\"\/\/video.vid4u.org\/vid4ul.js\", \"vjs_\"+rid); } go(); }(window, document, \"script\", rid));\n\/\/ ]]><\/script><\/p>\n<p>T\u00f6r\u00f6k J\u00f3zsef \u00fczletfejleszt\u00e9si igazgat\u00f3 k\u00f6z\u00f6lte, hogy 2014 v\u00e9g\u00e9ig \u00fajabb 5 milli\u00e1rd forint kihelyez\u00e9s\u00e9t tervezi az alap, ezzel a kihelyez\u00e9sek el\u00e9rik az alap t\u0151k\u00e9j\u00e9nek k\u00f6zel h\u00e1romnegyed\u00e9t. A k\u00f6vetkez\u0151 egy \u00e9vben mintegy 30 \u00faj kihelyez\u00e9ssel sz\u00e1mol az SZTA. A 2014-2020. \u00e9vi uni\u00f3s programoz\u00e1s keret\u00e9ben az SZTA megkezdi egy \u00fajabb t\u0151kealap l\u00e9tes\u00edt\u00e9s\u00e9nek el\u0151k\u00e9sz\u00edt\u00e9s\u00e9t.<br \/>\nAz alapkezel\u0151 2013 nyar\u00e1n az Eur\u00f3pai Uni\u00f3 enged\u00e9ly\u00e9vel \u00faj term\u00e9ket ind\u00edtott, amellyel egy c\u00e9gbe 30 \u00e9s 200 milli\u00f3 forint k\u00f6z\u00f6tti \u00f6sszeg\u0171 befektet\u00e9st is megval\u00f3s\u00edthat, a megemelt fels\u0151 hat\u00e1rnak (750 ezer eur\u00f3) k\u00f6sz\u00f6nhet\u0151en az \u00e9v m\u00e1sodik fel\u00e9ben felgyorsult a kihelyez\u00e9s \u00fcteme.<br \/>\nAz SZTA befektet\u00e9seib\u0151l az orsz\u00e1g valamennyi r\u00e9gi\u00f3j\u00e1ba jutott. A kliensek nagyobb r\u00e9sze mikrov\u00e1llalkoz\u00e1s, kisebb r\u00e9szben pedig kisv\u00e1llalkoz\u00e1soknak juttatott forr\u00e1st a kock\u00e1zatit\u0151ke-befektet\u0151 alap tavaly, m\u00edg m\u0171k\u00f6d\u00e9s\u00e9nek els\u0151 k\u00e9t \u00e9v\u00e9ben ford\u00edtott volt ez az ar\u00e1ny.<br \/>\nA v\u00e1llalkoz\u00e1sok tev\u00e9kenys\u00e9g\u00e9t tekintve a hagyom\u00e1nyos ipar\u00e1gak domin\u00e1lnak, de jelent\u0151s r\u00e9szt k\u00e9pvisel a fejl\u0151d\u0151k\u00e9pes eg\u00e9szs\u00e9g\u00fcgyi portf\u00f3li\u00f3, tov\u00e1bb\u00e1 \u00faj befektet\u00e9si ter\u00fcletk\u00e9nt megjelent a kreat\u00edv \u00e9s divatipar &#8211; ismertette Csuhaj V. Imre.<br \/>\nA v\u00e1llalkoz\u00e1sok technol\u00f3giai fejleszt\u00e9sre, kapacit\u00e1sb\u0151v\u00edt\u00e9sre k\u00f6ltik els\u0151sorban a juttatott t\u0151k\u00e9t, tov\u00e1bb\u00e1 t\u00e1rgyi eszk\u00f6z\u00f6k beszerz\u00e9s\u00e9re, hum\u00e1n er\u0151forr\u00e1s finansz\u00edroz\u00e1sra \u00e9s kisebb r\u00e9szben a piaci terjeszked\u00e9shez sz\u00fcks\u00e9ges marketingre is felhaszn\u00e1lj\u00e1k. Az alap befektet\u00e9sei els\u0151sorban a hat\u00e9konys\u00e1gn\u00f6vel\u00e9st \u00e9s eredm\u00e9nyn\u00f6vel\u00e9st c\u00e9lozz\u00e1k a v\u00e1llalkoz\u00e1sokn\u00e1l.<br \/>\nAz alap portf\u00f3li\u00f3j\u00e1ban k\u00e9tharmad f\u00f6l\u00f6tt van azon c\u00e9gek ar\u00e1nya, amelyekn\u00e9l az innov\u00e1ci\u00f3 jelen van, ami komoly n\u00f6veked\u00e9si potenci\u00e1lt rejt. Az exportk\u00e9pess\u00e9g ugyan nem k\u00f6vetelm\u00e9ny a t\u0151kebefektet\u00e9shez, de a t\u00e1mogatott v\u00e1llalatok mintegy fele exportpiacon is jelen van. Ez az ar\u00e1ny jelent\u0151sen meghaladja a magyar v\u00e1llalkoz\u00e1sok k\u00f6r\u00e9ben \u00e1tlagos 10 sz\u00e1zal\u00e9kot.<br \/>\nCsuhaj V. Imre besz\u00e9lt arr\u00f3l is, hogy a k\u00f6vetkez\u0151 uni\u00f3s p\u00e9nz\u00fcgyi ciklusban jelent\u0151sen n\u0151het a visszat\u00e9r\u00edtend\u0151 forr\u00e1sok ar\u00e1nya az eredm\u00e9nyesebb felhaszn\u00e1l\u00e1s \u00e9rdek\u00e9ben. A c\u00e9l az, hogy a t\u00e1mogat\u00e1s makroszinten a lehet\u0151 legnagyobb hasznot hozza, p\u00e9ld\u00e1ul \u00faj munkahelyeket hozzon l\u00e9tre, el\u0151seg\u00edtse a gazdas\u00e1gi n\u00f6veked\u00e9st. V\u00e9lem\u00e9nye szerint a magyar gazdas\u00e1g akkor tud t\u00f6bb uni\u00f3s forr\u00e1st felsz\u00edvni, ha a hazai v\u00e1llalkoz\u00e1sok akt\u00edvan keresik a piacb\u0151v\u00edt\u00e9si lehet\u0151s\u00e9geket.<br \/>\nA Sz\u00e9chenyi T\u0151kealap-kezel\u0151 Zrt. a magyar \u00e1llam 100 sz\u00e1zal\u00e9kos tulajdon\u00e1ban \u00e1ll\u00f3 gazdas\u00e1gi t\u00e1rsas\u00e1g. Az alapkezel\u0151 feladata a Region\u00e1lis Operat\u00edv Programok keret\u00e9b\u0151l l\u00e9trehozott Sz\u00e9chenyi T\u0151kebefektet\u00e9si Alap 14 milli\u00e1rd forintos forr\u00e1s\u00e1nak eljuttat\u00e1sa a magyar kis- \u00e9s k\u00f6z\u00e9pv\u00e1llalkoz\u00f3i szektor fel\u00e9, meghat\u00e1rozott id\u0151tartamra sz\u00f3l\u00f3 t\u0151kebefektet\u00e9s form\u00e1j\u00e1ban. R\u00e9gi\u00f3nk\u00e9nt 2-2 milli\u00e1rd forint fektethet\u0151 be. A 14 milli\u00e1rd forint 85 sz\u00e1zal\u00e9ka uni\u00f3s forr\u00e1sb\u00f3l sz\u00e1rmazik, 15 sz\u00e1zal\u00e9ka magyar \u00e1llami forr\u00e1s. A 2011 j\u00fanius\u00e1ban indult SZTA futamideje 10 \u00e9v, a befektet\u00e9si id\u0151szak 2015. december 31-ig tart.<br \/>\nAz alap kiz\u00e1r\u00f3lag t\u0151keemel\u00e9s form\u00e1j\u00e1ban juttat forr\u00e1st, legfeljebb 49 sz\u00e1zal\u00e9kos kisebbs\u00e9gi r\u00e9szesed\u00e9sszerz\u00e9ssel. A befektet\u00e9sek id\u0151tartama 4-6 \u00e9v, az elv\u00e1rt hozam pedig \u00e9vi 10 sz\u00e1zal\u00e9k.(MTI)<\/p>\n","protected":false},"excerpt":{"rendered":"<p>A Sz\u00e9chenyi T\u0151kebefektet\u00e9si Alap (SZTA) teljes\u00edtette 2013. \u00e9vi c\u00e9lkit\u0171z\u00e9seit, eddig 37 v\u00e1llalkoz\u00e1sba fektetett be, a teljes t\u0151kekihelyez\u00e9s \u00f6sszege az id\u00e9n janu\u00e1r v\u00e9g\u00e9ig meghaladta a 4 milli\u00e1rd forintot &#8211; mondta el Csuhaj V. Imre, az SZTA eln\u00f6k-vez\u00e9rigazgat\u00f3ja sajt\u00f3t\u00e1j\u00e9koztat\u00f3n szerd\u00e1n Budapesten.<\/p>\n","protected":false},"author":1,"featured_media":0,"comment_status":"open","ping_status":"closed","sticky":false,"template":"","format":"standard","meta":[],"categories":[19],"tags":[],"_links":{"self":[{"href":"https:\/\/gazdasagportal.hu\/index.php\/wp-json\/wp\/v2\/posts\/27502"}],"collection":[{"href":"https:\/\/gazdasagportal.hu\/index.php\/wp-json\/wp\/v2\/posts"}],"about":[{"href":"https:\/\/gazdasagportal.hu\/index.php\/wp-json\/wp\/v2\/types\/post"}],"author":[{"embeddable":true,"href":"https:\/\/gazdasagportal.hu\/index.php\/wp-json\/wp\/v2\/users\/1"}],"replies":[{"embeddable":true,"href":"https:\/\/gazdasagportal.hu\/index.php\/wp-json\/wp\/v2\/comments?post=27502"}],"version-history":[{"count":1,"href":"https:\/\/gazdasagportal.hu\/index.php\/wp-json\/wp\/v2\/posts\/27502\/revisions"}],"predecessor-version":[{"id":27503,"href":"https:\/\/gazdasagportal.hu\/index.php\/wp-json\/wp\/v2\/posts\/27502\/revisions\/27503"}],"wp:attachment":[{"href":"https:\/\/gazdasagportal.hu\/index.php\/wp-json\/wp\/v2\/media?parent=27502"}],"wp:term":[{"taxonomy":"category","embeddable":true,"href":"https:\/\/gazdasagportal.hu\/index.php\/wp-json\/wp\/v2\/categories?post=27502"},{"taxonomy":"post_tag","embeddable":true,"href":"https:\/\/gazdasagportal.hu\/index.php\/wp-json\/wp\/v2\/tags?post=27502"}],"curies":[{"name":"wp","href":"https:\/\/api.w.org\/{rel}","templated":true}]}}