{"id":27112,"date":"2014-02-08T11:10:41","date_gmt":"2014-02-08T10:10:41","guid":{"rendered":"http:\/\/stockportal.hu\/?p=27112"},"modified":"2014-02-08T11:10:41","modified_gmt":"2014-02-08T10:10:41","slug":"mavir-mar-rovid-tavon-3000-megawatt-uj-eromuvi-kapacitas-szukseges","status":"publish","type":"post","link":"https:\/\/gazdasagportal.hu\/index.php\/mavir-mar-rovid-tavon-3000-megawatt-uj-eromuvi-kapacitas-szukseges\/","title":{"rendered":"Mavir: m\u00e1r r\u00f6vid t\u00e1von 3000 megawatt \u00faj er\u0151m\u0171vi kapacit\u00e1s sz\u00fcks\u00e9ges"},"content":{"rendered":"<p><strong>A magyarorsz\u00e1gi er\u0151m\u0171park jelenlegi t\u00f6bb mint 9000 megawattos \u00f6sszkapacit\u00e1sa 2018-ra 30 sz\u00e1zal\u00e9kkal, 2030-ig t\u00f6bb mint 40 sz\u00e1zal\u00e9kkal cs\u00f6kken a sz\u00fcks\u00e9ges selejtez\u00e9sek miatt, ez\u00e9rt r\u00f6vid t\u00e1von 3000 megawatt, hossz\u00fa t\u00e1von 6300 megawatt \u00faj kapacit\u00e1s \u00e9p\u00edt\u00e9se v\u00e1lik sz\u00fcks\u00e9gess\u00e9 a Magyar Villamosenergia-ipari Rendszerir\u00e1ny\u00edt\u00f3 Zrt. (Mavir) elemz\u00e9se szerint.<!--more--><\/strong><\/p>\n<p>A Mavir Zrt. a piaci szerepl\u0151kt\u0151l kapott, illetve egy\u00e9b forr\u00e1sokb\u00f3l szerzett inform\u00e1ci\u00f3k alapj\u00e1n jogszab\u00e1lyokban r\u00f6gz\u00edtett feladatak\u00e9nt, \u00e9vente elemzi a magyarorsz\u00e1gi villamosenergia-rendszer t\u00e1vlati fejl\u0151d\u00e9s\u00e9t. A legfrissebb tanulm\u00e1ny a rendszerir\u00e1ny\u00edt\u00f3 honlapj\u00e1n olvashat\u00f3.<br \/>\nAz elemz\u0151k azzal sz\u00e1molnak, hogy Magyarorsz\u00e1gon a nett\u00f3 villamosenergia-ig\u00e9ny n\u00f6veked\u00e9si \u00fcteme a k\u00f6vetkez\u0151 tizen\u00f6t \u00e9vben \u2013 r\u00f6vid \u00e1tmeneti id\u0151szak ut\u00e1n \u2013 \u00e9vente \u00e1tlagosan 1,5 sz\u00e1zal\u00e9k lesz, emellett a villamos cs\u00facsterhel\u00e9s \u00e9vente jellemz\u0151en 70 megawattal fog n\u00f6vekedni. A fogyaszt\u00e1sn\u00f6veked\u00e9s mellett azonban els\u0151sorban a p\u00f3tl\u00e1si ig\u00e9nyek teszik sz\u00fcks\u00e9gess\u00e9 az \u00faj kapacit\u00e1sok l\u00e9tes\u00edt\u00e9s\u00e9t.<br \/>\nA tanulm\u00e1ny meg\u00e1llap\u00edtja, hogy a magyar villamosenergia-rendszer termel\u0151i oldal\u00e1n tov\u00e1bbra is meghat\u00e1roz\u00f3 a Paksi Atomer\u0151m\u0171, amely 2012-ben a hazai termel\u00e9s 45,9 sz\u00e1zal\u00e9k\u00e1t adta. A M\u00e1trai Er\u0151m\u0171 17,8 sz\u00e1zal\u00e9kkal, a Dunamenti Er\u0151m\u0171 6 sz\u00e1zal\u00e9kkal, a Csepeli Er\u0151m\u0171 4,7 sz\u00e1zal\u00e9kkal j\u00e1rult hozz\u00e1 a hazai termel\u00e9shez. A t\u00f6bbi nagyer\u0151m\u0171 r\u00e9szesed\u00e9se ez alatti volt.<br \/>\nAz elemz\u00e9s r\u00e1mutat arra, hogy a 2008 \u0151sz\u00e9n jelentkez\u0151 gazdas\u00e1gi v\u00e1ls\u00e1g a hazai er\u0151m\u0171vek jelent\u0151s r\u00e9sz\u00e9t h\u00e1tr\u00e1nyosan \u00e9rintette: piacelemz\u00e9sek szerint a villamos energia nagykereskedelmi \u00e1ra 40 sz\u00e1zal\u00e9kkal cs\u00f6kkent ebben az id\u0151szakban. N\u0151tt a behozatal r\u00e9szar\u00e1nya, \u00edgy t\u00f6bb rossz hat\u00e1sfok\u00fa hazai er\u0151m\u0171 szinte teljesen kiszorult a villamosenergia-piacr\u00f3l. A h\u0151szolg\u00e1ltat\u00f3 er\u0151m\u0171vek k\u00f6z\u00fcl nagym\u00e9rt\u00e9kben visszaesett a Csepeli Er\u0151m\u0171, az \u00dajpesti Er\u0151m\u0171, a Kispesti Er\u0151m\u0171, \u00e9s a Debreceni Kombin\u00e1lt Ciklus\u00fa Er\u0151m\u0171 kihaszn\u00e1l\u00e1sa.<br \/>\nA 2013. janu\u00e1ri \u00e1llapot szerint a hazai nagyer\u0151m\u0171vek brutt\u00f3 be\u00e9p\u00edtett teljes\u00edt\u0151k\u00e9pess\u00e9ge 7621 megawatt volt, a kiser\u0151m\u0171vek\u00e9 pedig 1458 megawatt. Tart\u00f3san nem vett r\u00e9szt az \u00e1ramtermel\u00e9sben 495 megawattnyi kapacit\u00e1s.<br \/>\nA Mavir elemz\u0151i szerint a t\u00f6bb mint 7600 megawattnyi nagyer\u0151m\u0171parkb\u00f3l m\u00e1r t\u00edz \u00e9ven bel\u00fcl is csak mintegy 5500 megawatt maradhat meg, 2030-ra pedig legfeljebb 4100 megawatt \u00fczem\u00e9re lehet sz\u00e1m\u00edtani. A m\u00e1r jelenleg sem fiatal \u00e1tlag\u00e9letkor\u00fa nagyer\u0151m\u0171vek egy\u00fcttes n\u00e9vleges be\u00e9p\u00edtett villamos teljes\u00edt\u0151k\u00e9pess\u00e9g\u00e9nek teh\u00e1t t\u00f6bb mint a fele helyettes\u00edt\u00e9sre szorul.<br \/>\nA jelenlegi kiser\u0151m\u0171veknek 2030-ig a k\u00e9tharmada, mintegy 1000 megawatt lesz m\u00e9g \u00fczemk\u00e9pes.<br \/>\nA jelenlegi, \u00f6sszess\u00e9g\u00e9ben mintegy 9100 megawatt kapacit\u00e1sb\u00f3l eszerint t\u00edz \u00e9v m\u00falva nem eg\u00e9szen 6700 megawatt, a 2030-ra nagyj\u00e1b\u00f3l 5100 megawatt maradhat meg. Ez alapj\u00e1n, valamint a prognosztiz\u00e1lhat\u00f3 fogyaszt\u00e1si ig\u00e9nyb\u0151l az elemz\u0151k \u00fagy sz\u00e1molnak, hogy a hossz\u00fa t\u00e1v\u00fa biztons\u00e1gos villamosenergia-ell\u00e1t\u00e1s fenntart\u00e1sa \u00e9rdek\u00e9ben nagy val\u00f3sz\u00edn\u0171s\u00e9ggel egy \u00e9vtized alatt mintegy 4000 megawatt \u00faj kapacit\u00e1st kell l\u00e9tes\u00edteni, tizen\u00f6t \u00e9v alatt pedig majdnem 6500 megawattot.<br \/>\nA Mavir &#8211; befektet\u0151i sz\u00e1nd\u00e9knyilatkozatok alapj\u00e1n sz\u00e1molt &#8211; konzervat\u00edv el\u0151rejelz\u00e9se szerint a hazai er\u0151m\u0171park 2013. janu\u00e1ri 9079 megawatt brutt\u00f3 n\u00e9vleges villamos teljes\u00edt\u0151k\u00e9pess\u00e9ge 2030-ra 10 500 megawattra n\u00f6vekedhet. Az \u00faj kapacit\u00e1sb\u00f3l 3600-7000 megawattot tehetnek ki a nagyer\u0151m\u0171vek. Nagyer\u0151m\u0171-l\u00e9tes\u00edt\u00e9sekn\u00e9l l\u00e9nyeg\u00e9ben k\u00e9t primer energia-hordoz\u00f3ra lehet alapozni: a f\u00f6ldg\u00e1zra \u00e9s a hasad\u00f3anyagra.<br \/>\nAz elemz\u0151k szerint az ell\u00e1t\u00e1s biztos\u00edt\u00e1sa szempontj\u00e1b\u00f3l nagy k\u00e9rd\u00e9s, hogy mikor helyezik \u00fczembe az els\u0151 \u00e9s a m\u00e1sodik \u00faj paksi blokkot. \u00dagy v\u00e9lik, a h\u00faszas \u00e9vek m\u00e1sodik fel\u00e9ben felt\u00e9tlen\u00fcl sz\u00e1molni kell ezen egys\u00e9gekkel, az els\u0151re legk\u00e9s\u0151bb 2026-ban sz\u00fcks\u00e9g lehet. A tanulm\u00e1ny konzervat\u00edvabb \u00e9s kev\u00e9sb\u00e9 szigor\u00fa alapokon nyugv\u00f3 el\u0151rejelz\u00e9s\u00e9ben is k\u00e9t \u00faj blokkal sz\u00e1mol 2030-ra.<br \/>\nAz elemz\u00e9s szerint tov\u00e1bbi 1600 megawatt \u00faj kapacit\u00e1st els\u0151sorban a meg\u00fajul\u00f3 forr\u00e1sra \u00e9p\u00edthet\u0151 kiser\u0151m\u0171vek \u00e9p\u00edt\u00e9se eredm\u00e9nyezhet, ezekek k\u00f6z\u00fcl f\u0151leg a sz\u00e9ler\u0151m\u0171vek \u00e9s a biomassza-t\u00fczel\u00e9s\u0171ek b\u0151v\u00fclhetnek. Nagy val\u00f3sz\u00edn\u0171s\u00e9ggel legfeljebb 180 megawattnyi \u00faj f\u00f6ldg\u00e1zt\u00fczel\u00e9s\u0171, kapcsolt h\u0151- \u00e9s villamosenergia-termel\u00e9s\u0171 kiser\u0151m\u0171 is \u00e9p\u00fcl 2030-ig, t\u00f6bbs\u00e9g\u00fck v\u00e1rhat\u00f3an a mostani \u00e9vtizedben.<br \/>\nA tanulm\u00e1ny vizsg\u00e1lja a t\u00e1vlati importlehet\u0151s\u00e9geket is. A magyar er\u0151m\u0171rendszer be\u00e9p\u00edtett teljes\u00edt\u0151k\u00e9pess\u00e9ge ugyan lehet\u0151v\u00e9 tenn\u00e9 a tiszt\u00e1n hazai er\u0151m\u0171vekb\u0151l t\u00f6rt\u00e9n\u0151 villamosenergia-ell\u00e1t\u00e1st, azonban az er\u0151m\u0171-\u00f6sszet\u00e9tel \u00e9s a termel\u00e9si k\u00f6lts\u00e9gek miatt a villamosenergia-ell\u00e1t\u00e1sban \u00e9vek \u00f3ta nagy szerepet kap az import, amely 2012-ben a brutt\u00f3 villamosenergia-fogyaszt\u00e1s 19,9 sz\u00e1zal\u00e9k\u00e1t tette ki.<br \/>\nAz importk\u00edn\u00e1latot befoly\u00e1solj\u00e1k a t\u00e9rs\u00e9gben foly\u00f3 er\u0151m\u0171vi beruh\u00e1z\u00e1sok. A k\u00f6vetkez\u0151 \u00e9vekben sz\u00e1molni kell azzal, hogy Szlov\u00e1ki\u00e1ban 2015-ben v\u00e1rhat\u00f3an megkezdi a kereskedelmi \u00fczemet a Mohi Atomer\u0151m\u0171 k\u00e9t \u00faj blokkja. A J\u00e1szl\u00f3i\/Ap\u00e1tszentmih\u00e1lyi (Jaslovsk\u00e9 Bohunice) Atomer\u0151m\u0171be tervezett beruh\u00e1z\u00e1s megval\u00f3sul\u00e1sa 2025 el\u0151tt egyel\u0151re nem lehet re\u00e1lis. A Cseh K\u00f6zt\u00e1rsas\u00e1gban a Temel\u00edni Atomer\u0151m\u0171 k\u00e9t blokkj\u00e1nak b\u0151v\u00edt\u00e9se 2023-ra, illetve 2024-re k\u00e9sz\u00fclhet el. Rom\u00e1ni\u00e1ban bizonytalan a Cernavod\u0103i Atomer\u0151m\u0171 harmadik \u00e9s negyedik blokkj\u00e1nak megval\u00f3sul\u00e1sa. A kor\u00e1bbi lengyel atomer\u0151m\u0171-\u00e9p\u00edt\u00e9si tervek az elm\u00falt id\u0151szakban h\u00e1tt\u00e9rbe szorultak, ugyanakkor a k\u00f6vetkezend\u0151 \u00e9vekben jelent\u0151s sz\u00e9ner\u0151m\u0171vi kapacit\u00e1s esik majd ki. Szlov\u00e9nia a 20-as \u00e9vekre tervezi a Krsk\u00f3i Atomer\u0151m\u0171 \u00fajabb blokkj\u00e1nak \u00e9p\u00edt\u00e9s\u00e9t. Ausztria \u00e9s N\u00e9metorsz\u00e1g ink\u00e1bb szivatty\u00fas-t\u00e1roz\u00f3s er\u0151m\u0171vek l\u00e9tes\u00edt\u00e9s\u00e9ben gondolkodik, N\u00e9metorsz\u00e1gban az atomer\u0151m\u0171vek fokozatosan le\u00e1llnak 2022-ig.(MTI)<\/p>\n","protected":false},"excerpt":{"rendered":"<p>A magyarorsz\u00e1gi er\u0151m\u0171park jelenlegi t\u00f6bb mint 9000 megawattos \u00f6sszkapacit\u00e1sa 2018-ra 30 sz\u00e1zal\u00e9kkal, 2030-ig t\u00f6bb mint 40 sz\u00e1zal\u00e9kkal cs\u00f6kken a sz\u00fcks\u00e9ges selejtez\u00e9sek miatt, ez\u00e9rt r\u00f6vid t\u00e1von 3000 megawatt, hossz\u00fa t\u00e1von 6300 megawatt \u00faj kapacit\u00e1s \u00e9p\u00edt\u00e9se v\u00e1lik sz\u00fcks\u00e9gess\u00e9 a Magyar Villamosenergia-ipari Rendszerir\u00e1ny\u00edt\u00f3 Zrt. (Mavir) elemz\u00e9se szerint.<\/p>\n","protected":false},"author":1,"featured_media":0,"comment_status":"open","ping_status":"closed","sticky":false,"template":"","format":"standard","meta":[],"categories":[19],"tags":[],"_links":{"self":[{"href":"https:\/\/gazdasagportal.hu\/index.php\/wp-json\/wp\/v2\/posts\/27112"}],"collection":[{"href":"https:\/\/gazdasagportal.hu\/index.php\/wp-json\/wp\/v2\/posts"}],"about":[{"href":"https:\/\/gazdasagportal.hu\/index.php\/wp-json\/wp\/v2\/types\/post"}],"author":[{"embeddable":true,"href":"https:\/\/gazdasagportal.hu\/index.php\/wp-json\/wp\/v2\/users\/1"}],"replies":[{"embeddable":true,"href":"https:\/\/gazdasagportal.hu\/index.php\/wp-json\/wp\/v2\/comments?post=27112"}],"version-history":[{"count":2,"href":"https:\/\/gazdasagportal.hu\/index.php\/wp-json\/wp\/v2\/posts\/27112\/revisions"}],"predecessor-version":[{"id":27134,"href":"https:\/\/gazdasagportal.hu\/index.php\/wp-json\/wp\/v2\/posts\/27112\/revisions\/27134"}],"wp:attachment":[{"href":"https:\/\/gazdasagportal.hu\/index.php\/wp-json\/wp\/v2\/media?parent=27112"}],"wp:term":[{"taxonomy":"category","embeddable":true,"href":"https:\/\/gazdasagportal.hu\/index.php\/wp-json\/wp\/v2\/categories?post=27112"},{"taxonomy":"post_tag","embeddable":true,"href":"https:\/\/gazdasagportal.hu\/index.php\/wp-json\/wp\/v2\/tags?post=27112"}],"curies":[{"name":"wp","href":"https:\/\/api.w.org\/{rel}","templated":true}]}}