{"id":27103,"date":"2014-02-08T09:21:45","date_gmt":"2014-02-08T08:21:45","guid":{"rendered":"http:\/\/stockportal.hu\/?p=27103"},"modified":"2014-02-08T09:21:45","modified_gmt":"2014-02-08T08:21:45","slug":"sziria-amerikai-miniszter-a-polgarhaboru-amerikai-belbiztonsagi-uggye-valt","status":"publish","type":"post","link":"https:\/\/gazdasagportal.hu\/index.php\/sziria-amerikai-miniszter-a-polgarhaboru-amerikai-belbiztonsagi-uggye-valt\/","title":{"rendered":"Sz\u00edria &#8211; Amerikai miniszter: a polg\u00e1rh\u00e1bor\u00fa amerikai belbiztons\u00e1gi \u00fcggy\u00e9 v\u00e1lt"},"content":{"rendered":"<p><strong>A sz\u00edriai polg\u00e1rh\u00e1bor\u00fa az Egyes\u00fclt \u00c1llamok belbiztons\u00e1gi \u00fcgy\u00e9v\u00e9 v\u00e1lt, mert amerikai \u00e1llampolg\u00e1rok egy kisebb csoportja a felkel\u0151k oldal\u00e1n bekapcsol\u00f3dott a harcokba, egy r\u00e9sz\u00fck pedig hazat\u00e9rt &#8211; jelentette ki p\u00e9nteken Jeh Johnson amerikai belbiztons\u00e1gi miniszter.<!--more--><\/strong><\/p>\n<p>Johnson nem mondta meg az \u00e9rintettek konkr\u00e9t sz\u00e1m\u00e1t, de hivatalos amerikai forr\u00e1sokra hivatkoz\u00f3 sajt\u00f3\u00e9rtes\u00fcl\u00e9sek szerint t\u00f6bb mint 50 emberr\u0151l lehet sz\u00f3. A miniszter elmondta, hogy hogy a biztons\u00e1gi szolg\u00e1latok vil\u00e1gszerte komoly figyelmet ford\u00edtanak a konfliktusba bekapcsol\u00f3d\u00f3, k\u00fclf\u00f6ldr\u0151l, egyebek k\u00f6z\u00f6tt az Egyes\u00fclt \u00c1llamokb\u00f3l, Kanad\u00e1b\u00f3l \u00e9s Eur\u00f3p\u00e1b\u00f3l \u00e9rkez\u0151 harcosokra.<br \/>\nJohnson r\u00e1mutatott, hogy Sz\u00edri\u00e1ban kik\u00e9pzett embereket sz\u00e9ls\u0151s\u00e9ges k\u00fcldet\u00e9ssel k\u00fcldik vissza a nyugati orsz\u00e1gokba.<br \/>\n&#8222;Sz\u00edria belbiztons\u00e1gi k\u00e9rd\u00e9ss\u00e9 v\u00e1lt. A belbiztons\u00e1gi miniszt\u00e9rium, a Sz\u00f6vets\u00e9gi Nyomoz\u00f3 Iroda (FBI) \u00e9s a h\u00edrszerz\u0151 szervezetek tov\u00e1bbra is szoros egy\u00fcttm\u0171k\u00f6d\u00e9st folytatnak majd azon idegen harcosok beazonos\u00edt\u00e1sa \u00e9rdek\u00e9ben, akik fenyeget\u00e9st jelentenek a haz\u00e1ra&#8221; &#8211; mondta.<br \/>\nA miniszter kijelentette, hogy legjobban a &#8222;mag\u00e1nyos farkas&#8221; t\u00edpus\u00fa terrorist\u00e1k aggasztj\u00e1k, akik nem kaptak kik\u00e9pz\u00e9st az al-Kaid\u00e1t\u00f3l vagy valamely m\u00e1s terrorszervezett\u0151l, hanem magukt\u00f3l radikaliz\u00e1l\u00f3dtak. Johnson a bostoni maraton ellen v\u00e9grehajtott mer\u00e9nylet csecsen elk\u00f6vet\u0151it hozta fel p\u00e9ld\u00e1nak.<br \/>\nAz \u00fajs\u00e1g\u00edr\u00f3knak n\u00e9v n\u00e9lk\u00fcl nyilatkoz\u00f3 amerikai illet\u00e9kesek szerint a harcosokat &#8211; akik k\u00f6z\u00fcl nem mindenki sz\u00edriai sz\u00e1rmaz\u00e1s\u00fa &#8211; sz\u00e9ls\u0151s\u00e9gesek toborozz\u00e1k az Egyes\u00fclt \u00c1llamokb\u00f3l, s terrorista kik\u00e9pz\u00e9st ny\u00fajtanak nekik. A harci ismeretekben r\u00e9szes\u00edttek k\u00f6z\u00fcl t\u00f6bben m\u00e1r hazat\u00e9rtek, \u00e9s \u00fajabb \u00f6nk\u00e9ntesek k\u00e9sz\u00fclnek Sz\u00edri\u00e1ba.<br \/>\nAz amerikai k\u00fcl\u00fcgyminiszt\u00e9riumnak nincsen becsl\u00e9se azzal kapcsolatban, hogy h\u00e1ny amerikai harcolhat a felkel\u0151k oldal\u00e1n, de brit IHS Jane&#8217;s biztons\u00e1gpolitikai tan\u00e1csad\u00f3 c\u00e9g t\u00f6bb tucatra teszi a sz\u00e1mukat. Korm\u00e1nyzati becsl\u00e9sek szerint a l\u00e1zad\u00f3k oldal\u00e1n 1200-1700 eur\u00f3pai foghatott fegyvert.<br \/>\nJames Clapper, az amerikai nemzeti h\u00edrszerz\u00e9s igazgat\u00f3ja, aki 16 szakszolg\u00e1lat munk\u00e1j\u00e1t koordin\u00e1lja, janu\u00e1ri szen\u00e1tusi meghallgat\u00e1s\u00e1n kijelentette, hogy az al-Kaida csoportjai kik\u00e9pz\u0151t\u00e1borokat hoztak l\u00e9tre Sz\u00edri\u00e1ban. Az ezekben kik\u00e9pzett nyugati \u00e1llampolg\u00e1rokat visszak\u00fcldik a haz\u00e1jukba.<br \/>\nClapper azt mondta, hogy a sz\u00edriai l\u00e1zad\u00f3k oldal\u00e1n 7 ezernyi k\u00fclf\u00f6ldi harcol, akik mintegy f\u00e9lsz\u00e1z orsz\u00e1gb\u00f3l \u00e9rkeztek.(MTI)<\/p>\n","protected":false},"excerpt":{"rendered":"<p>A sz\u00edriai polg\u00e1rh\u00e1bor\u00fa az Egyes\u00fclt \u00c1llamok belbiztons\u00e1gi \u00fcgy\u00e9v\u00e9 v\u00e1lt, mert amerikai \u00e1llampolg\u00e1rok egy kisebb csoportja a felkel\u0151k oldal\u00e1n bekapcsol\u00f3dott a harcokba, egy r\u00e9sz\u00fck pedig hazat\u00e9rt &#8211; jelentette ki p\u00e9nteken Jeh Johnson amerikai belbiztons\u00e1gi miniszter.<\/p>\n","protected":false},"author":1,"featured_media":0,"comment_status":"open","ping_status":"closed","sticky":false,"template":"","format":"standard","meta":[],"categories":[16,116],"tags":[],"_links":{"self":[{"href":"https:\/\/gazdasagportal.hu\/index.php\/wp-json\/wp\/v2\/posts\/27103"}],"collection":[{"href":"https:\/\/gazdasagportal.hu\/index.php\/wp-json\/wp\/v2\/posts"}],"about":[{"href":"https:\/\/gazdasagportal.hu\/index.php\/wp-json\/wp\/v2\/types\/post"}],"author":[{"embeddable":true,"href":"https:\/\/gazdasagportal.hu\/index.php\/wp-json\/wp\/v2\/users\/1"}],"replies":[{"embeddable":true,"href":"https:\/\/gazdasagportal.hu\/index.php\/wp-json\/wp\/v2\/comments?post=27103"}],"version-history":[{"count":1,"href":"https:\/\/gazdasagportal.hu\/index.php\/wp-json\/wp\/v2\/posts\/27103\/revisions"}],"predecessor-version":[{"id":27104,"href":"https:\/\/gazdasagportal.hu\/index.php\/wp-json\/wp\/v2\/posts\/27103\/revisions\/27104"}],"wp:attachment":[{"href":"https:\/\/gazdasagportal.hu\/index.php\/wp-json\/wp\/v2\/media?parent=27103"}],"wp:term":[{"taxonomy":"category","embeddable":true,"href":"https:\/\/gazdasagportal.hu\/index.php\/wp-json\/wp\/v2\/categories?post=27103"},{"taxonomy":"post_tag","embeddable":true,"href":"https:\/\/gazdasagportal.hu\/index.php\/wp-json\/wp\/v2\/tags?post=27103"}],"curies":[{"name":"wp","href":"https:\/\/api.w.org\/{rel}","templated":true}]}}