{"id":27097,"date":"2014-02-08T07:06:08","date_gmt":"2014-02-08T06:06:08","guid":{"rendered":"http:\/\/stockportal.hu\/?p=27097"},"modified":"2014-02-07T21:47:18","modified_gmt":"2014-02-07T20:47:18","slug":"mar-nem-angela-merkel-a-legnepszerubb-nemet-politikus","status":"publish","type":"post","link":"https:\/\/gazdasagportal.hu\/index.php\/mar-nem-angela-merkel-a-legnepszerubb-nemet-politikus\/","title":{"rendered":"M\u00e1r nem Angela Merkel a legn\u00e9pszer\u0171bb n\u00e9met politikus"},"content":{"rendered":"<p><strong>Angela Merkel elvesztette az els\u0151 helyet a n\u00e9met politikusok n\u00e9pszer\u0171s\u00e9gi list\u00e1j\u00e1n.<!--more--><\/strong><\/p>\n<p>A kancell\u00e1r k\u00e9t \u00e9vig folyamatosan vezetett az ARD k\u00f6zszolg\u00e1lati telev\u00edzi\u00f3 Deutschlandtrend c\u00edm\u0171 felm\u00e9r\u00e9s\u00e9ben. A p\u00e9nteken bemutatott \u00faj m\u00e9r\u00e9s szerint ugyan n\u00f6velte n\u00e9pszer\u0171s\u00e9g\u00e9t &#8211; munk\u00e1j\u00e1val a n\u00e9metek 69 sz\u00e1zal\u00e9ka el\u00e9gedett, ami egy sz\u00e1zal\u00e9kpontos n\u00f6veked\u00e9s a legut\u00f3bbi, decemberben v\u00e9gzett adatfelv\u00e9tel \u00f3ta -, de Frank-Walter Steinmeier k\u00fcl\u00fcgyminiszter n\u00e9pszer\u0171s\u00e9gi mutat\u00f3ja j\u00f3val nagyobb m\u00e9rt\u00e9kben, 17 sz\u00e1zal\u00e9kponttal emelkedett, \u00e9s \u00edgy el\u00e9rte a 70 sz\u00e1zal\u00e9kot, amivel a szoci\u00e1ldemokrata politikus \u00e1tvette az els\u0151 helyet a konzervat\u00edv korm\u00e1nyf\u0151t\u0151l.<br \/>\nFrank-Walter Steinmeier a legut\u00f3bbi, 2005-2009 k\u00f6z\u00f6tti nagykoal\u00edci\u00f3s korm\u00e1nyban is k\u00fcl\u00fcgyminiszter volt. N\u00e9gy \u00e9v alatt 14 alkalommal v\u00e9gzett az els\u0151 helyen az ARD felm\u00e9r\u00e9s\u00e9ben, legjobb eredm\u00e9nye 74 sz\u00e1zal\u00e9k volt.<br \/>\nN\u00e9metorsz\u00e1gban a k\u00fcl\u00fcgyminiszter hagyom\u00e1nyosan kiemelked\u0151en n\u00e9pszer\u0171, az ut\u00f3bbi hetekben viszont az is emelhette a t\u00e1rcavezet\u0151 munk\u00e1j\u00e1val el\u00e9gedettek ar\u00e1ny\u00e1t, hogy sz\u00e1mos k\u00fclpolitikai t\u00e9ma volt a politikai napirenden, mindenekel\u0151tt az ukr\u00e1n v\u00e1ls\u00e1g.<br \/>\nFrank-Walter Steinmeier \u00e9s Joachim Gauck \u00e1llamf\u0151 a febru\u00e1r elej\u00e9n tartott m\u00fcncheni biztons\u00e1gpolitikai konferenci\u00e1n k\u00fclpolitikai ir\u00e1nyv\u00e1lt\u00e1st hirdetett meg. Mindketten arr\u00f3l besz\u00e9ltek, hogy N\u00e9metorsz\u00e1gnak akt\u00edvabban kell k\u00f6zrem\u0171k\u00f6dnie a vil\u00e1gpolitikai folyamatok alak\u00edt\u00e1s\u00e1ban, v\u00e1llalnia kell az ut\u00f3bbi \u00e9vekben megn\u00f6vekedett nemzetk\u00f6zi tekint\u00e9ly\u00e9vel j\u00e1r\u00f3 felel\u0151ss\u00e9get. Az ARD felm\u00e9r\u00e9se szerint a kezdem\u00e9nyez\u00e9ssel a n\u00e9metek 84 sz\u00e1zal\u00e9ka egyet\u00e9rt, de 75 sz\u00e1zal\u00e9k elutas\u00edtja, hogy a n\u00e9met hadsereg az eddigin\u00e9l t\u00f6bb nemzetk\u00f6zi k\u00fcldet\u00e9sben vegyen r\u00e9szt.(MTI)<\/p>\n","protected":false},"excerpt":{"rendered":"<p>Angela Merkel elvesztette az els\u0151 helyet a n\u00e9met politikusok n\u00e9pszer\u0171s\u00e9gi list\u00e1j\u00e1n.<\/p>\n","protected":false},"author":1,"featured_media":0,"comment_status":"open","ping_status":"closed","sticky":false,"template":"","format":"standard","meta":[],"categories":[12],"tags":[],"_links":{"self":[{"href":"https:\/\/gazdasagportal.hu\/index.php\/wp-json\/wp\/v2\/posts\/27097"}],"collection":[{"href":"https:\/\/gazdasagportal.hu\/index.php\/wp-json\/wp\/v2\/posts"}],"about":[{"href":"https:\/\/gazdasagportal.hu\/index.php\/wp-json\/wp\/v2\/types\/post"}],"author":[{"embeddable":true,"href":"https:\/\/gazdasagportal.hu\/index.php\/wp-json\/wp\/v2\/users\/1"}],"replies":[{"embeddable":true,"href":"https:\/\/gazdasagportal.hu\/index.php\/wp-json\/wp\/v2\/comments?post=27097"}],"version-history":[{"count":2,"href":"https:\/\/gazdasagportal.hu\/index.php\/wp-json\/wp\/v2\/posts\/27097\/revisions"}],"predecessor-version":[{"id":27099,"href":"https:\/\/gazdasagportal.hu\/index.php\/wp-json\/wp\/v2\/posts\/27097\/revisions\/27099"}],"wp:attachment":[{"href":"https:\/\/gazdasagportal.hu\/index.php\/wp-json\/wp\/v2\/media?parent=27097"}],"wp:term":[{"taxonomy":"category","embeddable":true,"href":"https:\/\/gazdasagportal.hu\/index.php\/wp-json\/wp\/v2\/categories?post=27097"},{"taxonomy":"post_tag","embeddable":true,"href":"https:\/\/gazdasagportal.hu\/index.php\/wp-json\/wp\/v2\/tags?post=27097"}],"curies":[{"name":"wp","href":"https:\/\/api.w.org\/{rel}","templated":true}]}}