{"id":27082,"date":"2014-02-07T18:28:37","date_gmt":"2014-02-07T17:28:37","guid":{"rendered":"http:\/\/stockportal.hu\/?p=27082"},"modified":"2014-02-07T15:59:19","modified_gmt":"2014-02-07T14:59:19","slug":"alairta-az-idei-bermegallapodast-a-dunaferr-a-szakszervezetekkel","status":"publish","type":"post","link":"https:\/\/gazdasagportal.hu\/index.php\/alairta-az-idei-bermegallapodast-a-dunaferr-a-szakszervezetekkel\/","title":{"rendered":"Al\u00e1\u00edrta az idei b\u00e9rmeg\u00e1llapod\u00e1st a Dunaferr a szakszervezetekkel"},"content":{"rendered":"<p><strong>Megsz\u00fcletett a meg\u00e1llapod\u00e1s az ISD Dunaferr t\u00e1rsas\u00e1gcsoport vezet\u00e9se \u00e9s a kollekt\u00edv szerz\u0151d\u00e9s k\u00f6t\u00e9s\u00e9re jogosult szakszervezetek k\u00e9pvisel\u0151i k\u00f6z\u00f6tt az idei b\u00e9rfejleszt\u00e9sekr\u0151l \u2013 t\u00e1j\u00e9koztatta a k\u00f6zponti \u00fczemi tan\u00e1cs eln\u00f6ke p\u00e9nteken az MTI-t.<!--more--><\/strong><\/p>\n<p>Borb\u00e9ly Zolt\u00e1n elmondta, hogy az idei b\u00e9remel\u00e9s k\u00e9t sz\u00e1zal\u00e9kos \u00e9s j\u00falius 1-t\u0151l esed\u00e9kes. Amennyiben az infl\u00e1ci\u00f3 2-2,5 sz\u00e1zal\u00e9k k\u00f6z\u00f6tt lesz \u00e9v v\u00e9g\u00e9re, akkor a k\u00f6ztes r\u00e9szt egyszeri jutalomk\u00e9nt fizeti ki a munk\u00e1ltat\u00f3. Amennyiben az infl\u00e1ci\u00f3 2,5 sz\u00e1zal\u00e9kn\u00e1l nagyobb lesz, akkor visszamen\u0151leg f\u00e9lsz\u00e1zal\u00e9kos b\u00e9rfejleszt\u00e9st kapnak a dolgoz\u00f3k \u2013 tette hozz\u00e1.<br \/>\nK\u00f6z\u00f6lte: a kar\u00e1csonyi, 14. havi b\u00e9r a kollekt\u00edv szerz\u0151d\u00e9s szerint ker\u00fcl kifizet\u00e9sre, a szabads\u00e1gos, 13. havi b\u00e9r nagyobb r\u00e9sz\u00e9t az eredeti id\u0151pontban, j\u00fanius 10-\u00e9n kapj\u00e1k meg a munkav\u00e1llal\u00f3k, m\u00edg a fennmarad\u00f3 r\u00e9szt h\u00e1rom egyenl\u0151 r\u00e9szletben, legk\u00e9s\u0151bb a novemberi b\u00e9rekkel egy\u00fctt. Jelezte, hogy akinek 150 ezer forint alatt van az alapb\u00e9re, a szabads\u00e1gos b\u00e9rt a j\u00faniusi b\u00e9rrel egy\u00fctt teljes eg\u00e9sz\u00e9ben megkapja.<br \/>\nBorb\u00e9ly Zolt\u00e1n eml\u00e9keztetett r\u00e1, hogy a munk\u00e1ltat\u00f3 eredeti aj\u00e1nlata b\u00e9rfejleszt\u00e9st nem tartalmazott az idei \u00e9vre, a kar\u00e1csonyi b\u00e9rt 2015-re \u00e1t\u00fctemezve r\u00e9szletekben, m\u00edg a szabads\u00e1gos b\u00e9rt a m\u00e1sodik f\u00e9l\u00e9vben hat egyenl\u0151 r\u00e9szben fizett\u00e9k volna ki.<br \/>\nHangs\u00falyozta, hogy a b\u00e9rfejleszt\u00e9s mellett a dolgoz\u00f3k mintegy 1,1-1,2 milli\u00e1rd forintnyi juttat\u00e1sukr\u00f3l lemondtak munkahely\u00fck v\u00e9delme \u00e9rdek\u00e9ben. Felt\u00e9tel\u00fcl szabt\u00e1k, hogy az \u00f6sszeget a munk\u00e1ltat\u00f3 az 1-es sz\u00e1m\u00fa, tavaly \u00e9v elej\u00e9n le\u00e1ll\u00edtott koh\u00f3 \u00e1t\u00e9p\u00edt\u00e9s\u00e9re ford\u00edtja, amelynek szeptember 1-\u00e9n \u00fczemelnie kell. Amennyiben nem \u00fczemel, akkor a munk\u00e1ltat\u00f3 visszafizeti a p\u00e9nzt a dolgoz\u00f3knak \u2013 mondta.<br \/>\nKiemelte: az idei b\u00e9rt\u00e1rgyal\u00e1sokn\u00e1l a szakszervezetek a legfontosabb feladatnak az 1-es koh\u00f3 \u00e1t\u00e9p\u00edt\u00e9s\u00e9t tekintett\u00e9k, mivel \u00edgy a foly\u00e9kony f\u00e1zis megmaradhat \u00e9s ezzel egy\u00fctt t\u00f6bb ezer f\u0151 elbocs\u00e1t\u00e1sa ker\u00fclhet\u0151 el.<br \/>\nBorb\u00e9ly Zolt\u00e1n fontosnak nevezte m\u00e9g a hat\u00e1rozatlan id\u0151re k\u00f6t\u00f6tt kollekt\u00edv szerz\u0151d\u00e9s felmond\u00e1si tilalm\u00e1nak 2015. december 31-ig t\u00f6rt\u00e9nt meghosszabb\u00edt\u00e1s\u00e1t. Mindez azt jelenti, hogy a hath\u00f3napos felmond\u00e1si id\u0151 miatt 2016. j\u00fanius 30-ig a KSZ \u00e9l \u00e9s csak k\u00f6z\u00f6s akarattal v\u00e1ltoztathat\u00f3 meg \u2013 tette hozz\u00e1.<br \/>\nTavaly febru\u00e1r 20-\u00e1n hat\u00e1rozatlan idej\u0171 \u00e1ltal\u00e1nos sztr\u00e1jkot jelentette be az ISD Dunaferr Zrt. k\u00e9t reprezentat\u00edv szakszervezete, miut\u00e1n el\u0151bb a Dunaferr DV. Vasas Szakszervezeti Sz\u00f6vets\u00e9g, majd a Dunaferr Ifj\u00fas\u00e1gi Szervezet is elutas\u00edtotta a munk\u00e1ltat\u00f3 b\u00e9rfejleszt\u00e9si aj\u00e1nlat\u00e1t. Az \u00e9rdekv\u00e9d\u0151k a munkabesz\u00fcntet\u00e9st a 2013. \u00e9vi b\u00e9r- \u00e9s szoci\u00e1lis meg\u00e1llapod\u00e1s kik\u00e9nyszer\u00edt\u00e9se \u00e9rdek\u00e9ben ind\u00edtott\u00e1k. A sztr\u00e1jk febru\u00e1r 26-\u00e1n \u00e9rt v\u00e9get, miut\u00e1n a felek meg\u00e1llapodtak a b\u00e9rfejleszt\u00e9sekr\u0151l. Akkor visszamen\u0151leges hat\u00e1llyal, 2013. janu\u00e1r 1-j\u00e9t\u0151l a kollekt\u00edv szerz\u0151d\u00e9s hat\u00e1lya al\u00e1 tartoz\u00f3 t\u00e1rsas\u00e1gokn\u00e1l dolgoz\u00f3 munkav\u00e1llal\u00f3k 3,5 sz\u00e1zal\u00e9kos alapb\u00e9rfejleszt\u00e9sben r\u00e9szes\u00fcltek. 2013. j\u00falius 1-j\u00e9t\u0151l tov\u00e1bbi 1 sz\u00e1zal\u00e9kkal emelkedett a munkav\u00e1llal\u00f3k alapb\u00e9re. Az emel\u00e9s ugyanilyen m\u00e9rt\u00e9kben \u00e9rintette a szoci\u00e1lis juttat\u00e1sokat.(MTI)<\/p>\n","protected":false},"excerpt":{"rendered":"<p>Megsz\u00fcletett a meg\u00e1llapod\u00e1s az ISD Dunaferr t\u00e1rsas\u00e1gcsoport vezet\u00e9se \u00e9s a kollekt\u00edv szerz\u0151d\u00e9s k\u00f6t\u00e9s\u00e9re jogosult szakszervezetek k\u00e9pvisel\u0151i k\u00f6z\u00f6tt az idei b\u00e9rfejleszt\u00e9sekr\u0151l \u2013 t\u00e1j\u00e9koztatta a k\u00f6zponti \u00fczemi tan\u00e1cs eln\u00f6ke p\u00e9nteken az MTI-t.<\/p>\n","protected":false},"author":1,"featured_media":0,"comment_status":"open","ping_status":"closed","sticky":false,"template":"","format":"standard","meta":[],"categories":[19],"tags":[],"_links":{"self":[{"href":"https:\/\/gazdasagportal.hu\/index.php\/wp-json\/wp\/v2\/posts\/27082"}],"collection":[{"href":"https:\/\/gazdasagportal.hu\/index.php\/wp-json\/wp\/v2\/posts"}],"about":[{"href":"https:\/\/gazdasagportal.hu\/index.php\/wp-json\/wp\/v2\/types\/post"}],"author":[{"embeddable":true,"href":"https:\/\/gazdasagportal.hu\/index.php\/wp-json\/wp\/v2\/users\/1"}],"replies":[{"embeddable":true,"href":"https:\/\/gazdasagportal.hu\/index.php\/wp-json\/wp\/v2\/comments?post=27082"}],"version-history":[{"count":1,"href":"https:\/\/gazdasagportal.hu\/index.php\/wp-json\/wp\/v2\/posts\/27082\/revisions"}],"predecessor-version":[{"id":27083,"href":"https:\/\/gazdasagportal.hu\/index.php\/wp-json\/wp\/v2\/posts\/27082\/revisions\/27083"}],"wp:attachment":[{"href":"https:\/\/gazdasagportal.hu\/index.php\/wp-json\/wp\/v2\/media?parent=27082"}],"wp:term":[{"taxonomy":"category","embeddable":true,"href":"https:\/\/gazdasagportal.hu\/index.php\/wp-json\/wp\/v2\/categories?post=27082"},{"taxonomy":"post_tag","embeddable":true,"href":"https:\/\/gazdasagportal.hu\/index.php\/wp-json\/wp\/v2\/tags?post=27082"}],"curies":[{"name":"wp","href":"https:\/\/api.w.org\/{rel}","templated":true}]}}