{"id":26922,"date":"2014-02-06T10:58:48","date_gmt":"2014-02-06T09:58:48","guid":{"rendered":"http:\/\/stockportal.hu\/?p=26922"},"modified":"2014-02-06T11:01:30","modified_gmt":"2014-02-06T10:01:30","slug":"deviza-arany-olaj-elemzes-2014-02-06-fokuszban-a-ekb-kamatdontese","status":"publish","type":"post","link":"https:\/\/gazdasagportal.hu\/index.php\/deviza-arany-olaj-elemzes-2014-02-06-fokuszban-a-ekb-kamatdontese\/","title":{"rendered":"Deviza, arany, olaj elemz\u00e9s &#8211; 2014.02.06 &#8211; F\u00f3kuszban a EKB kamatd\u00f6nt\u00e9se"},"content":{"rendered":"<p><b>Mit tehet az EKB ma?<\/b> <strong>A m\u00falt h\u00f3napban az EKB eln\u00f6ke, Draghi k\u00e9t felt\u00e9telt v\u00e1zolt fel, amelyek cselekv\u00e9sre b\u00edrhatj\u00e1k az EKB-t: a k\u00f6z\u00e9pt\u00e1v\u00fa infl\u00e1ci\u00f3s kil\u00e1t\u00e1sok roml\u00e1sa \u00e9s a r\u00f6vid t\u00e1v\u00fa p\u00e9nzpiac felt\u00e9teleinek alaptalan sz\u0171k\u00fcl\u00e9se. Az\u00f3ta az euroz\u00f3na infl\u00e1ci\u00f3ja cs\u00f6kkent, \u00e9s a p\u00e9nzpiaci kamatl\u00e1bak emelkedtek; az EONIA a f\u0151 refinansz\u00edroz\u00e1si kamatl\u00e1b f\u00f6l\u00e9 emelkedett janu\u00e1r k\u00f6zep\u00e9n<!--more--><\/strong><\/p>\n<h3><a href=\"http:\/\/www.ironfx.com\/hu\/hungarian-forex-seminar?utm_source=631980&amp;utm_medium=ib_link&amp;utm_campaign=IB\" target=\"_blank\" rel=\"noopener\"><img decoding=\"async\" loading=\"lazy\" alt=\"Birger_Schafermeier_osszefoglalo_640\" src=\"http:\/\/stockportal.hu\/wp-content\/uploads\/2014\/01\/Birger_Schafermeier_osszefoglalo_640.png\" width=\"640\" height=\"173\" \/><\/a><\/h3>\n<h3><strong><a title=\"IronFX\" href=\"https:\/\/www.ironfx.com\/hu\/forex-demo-competition?utm_source=631980&amp;utm_medium=ib_link&amp;utm_campaign=IB\" target=\"_blank\" rel=\"noopener\"><strong>IronFX<\/strong><\/a>\u00a0napi elemz\u00e9s:<\/strong><\/h3>\n<div><strong>Mai EKB \u00e9rtekezlet; mit fog tenni az EKB?<\/strong><\/div>\n<ul>\n<li>Az infl\u00e1ci\u00f3 kiss\u00e9 cs\u00f6kkent, a p\u00e9nzpiaci kamatl\u00e1bak emelkedtek = k\u00f6zeleg a k\u00e9t forgat\u00f3k\u00f6nyv, amelyet Draghi felv\u00e1zolt a politika megv\u00e1ltoztat\u00e1s\u00e1val kapcsolatban<\/li>\n<li>Nem hiszem, hogy b\u00e1rmelyik el\u00e9gg\u00e9 messze ker\u00fclt volna ahhoz, hogy cselekv\u00e9st v\u00e1ltson ki.<\/li>\n<li><strong>Ha igen, a k\u00f6vetkez\u0151kre ker\u00fclhet sor:<\/strong><\/li>\n<\/ul>\n<ol>\n<li>A refinansz\u00edroz\u00e1si kamatl\u00e1b cs\u00f6kkent\u00e9se \u2013 kis hat\u00e1s a deviz\u00e1ra, nincs hat\u00e1sa a gazdas\u00e1gra<\/li>\n<li>A bet\u00e9ti kamatl\u00e1b cs\u00f6kkent\u00e9se negat\u00edv \u00e9rt\u00e9kre \u2013 nagyon\u00a0 EUR-negat\u00edv lenne<\/li>\n<li>Hossz\u00fa t\u00e1v\u00fa refinansz\u00edroz\u00e1si m\u0171veleteken kereszt\u00fcl (LTRO) p\u00e9nzt fecskendeznek a piacra = val\u00f3sz\u00edn\u0171tlen<\/li>\n<li>A k\u00f6tv\u00e9nyv\u00e1s\u00e1rl\u00e1s \u201esteriliz\u00e1l\u00e1s\u00e1nak\u201d le\u00e1ll\u00edt\u00e1sa = nagyon EUR-negat\u00edv, mivel a mennyis\u00e9gi k\u00f6nny\u00edt\u00e9s lehet\u0151s\u00e9g\u00e9t hordozza mag\u00e1ban<\/li>\n<li>A tartal\u00e9k ar\u00e1ny\u00e1nak cs\u00f6kkent\u00e9se = kev\u00e9s, jelent\u00e9ktelen hat\u00e1s<\/li>\n<\/ol>\n<ul>\n<li><strong>B\u00e1rmilyen l\u00e9p\u00e9s val\u00f3sz\u00edn\u0171leg negat\u00edvan hat az eur\u00f3ra. Egy\u00e9bk\u00e9nt Draghi nyilatkozat\u00e1t\u00f3l f\u00fcgg.<\/strong><\/li>\n<\/ul>\n<ol>\n<li>Val\u00f3sz\u00edn\u0171leg k\u00e9rd\u0151re vonj\u00e1k az infl\u00e1ci\u00f3 cs\u00f6kken\u00e9se \u00e9s az emelked\u0151 kamatl\u00e1bak miatt.<\/li>\n<\/ol>\n<div><strong>A Bank of England \u00e9rtekezlete nem megy esem\u00e9nysz\u00e1mba<\/strong><\/div>\n<div>\n<ul>\n<li>A j\u00f6v\u0151 heti infl\u00e1ci\u00f3s jelent\u00e9s hat\u00e1s\u00e1ra kiss\u00e9 elgondolkodnak az el\u0151remutat\u00f3 \u00fatmutat\u00e1son<\/li>\n<\/ul>\n<\/div>\n<div><strong>Egy\u00e9b mutat\u00f3sz\u00e1mok ma: A n\u00e9met gy\u00e1ri rendel\u00e9s\u00e1llom\u00e1ny v\u00e1rhat\u00f3an csak kiss\u00e9 emelkedett = EUR-negat\u00edv. USA kereskedelmim\u00e9rleg-deficitje az el\u0151rejelz\u00e9s szerint kiss\u00e9 emelkedett, v\u00e1rhat\u00f3an nem gyakorol hat\u00e1st. Az USA-ban az \u00fajonnan regisztr\u00e1lt munkan\u00e9lk\u00fcliek \u00e1llom\u00e1nya v\u00e1rhat\u00f3an cs\u00f6kken \u2013 Draghi sajt\u00f3konferenci\u00e1ja alatt teszik k\u00f6zz\u00e9, ez\u00e9rt neh\u00e9z el\u0151re megmondani a hat\u00e1st<\/strong><\/div>\n<div><\/div>\n<div>\n<ul>\n<li><b>Mit tehet az EKB ma?<\/b> A m\u00falt h\u00f3napban az EKB eln\u00f6ke, Draghi k\u00e9t felt\u00e9telt v\u00e1zolt fel, amelyek cselekv\u00e9sre b\u00edrhatj\u00e1k az EKB-t: a k\u00f6z\u00e9pt\u00e1v\u00fa infl\u00e1ci\u00f3s kil\u00e1t\u00e1sok roml\u00e1sa \u00e9s a r\u00f6vid t\u00e1v\u00fa p\u00e9nzpiac felt\u00e9teleinek alaptalan sz\u0171k\u00fcl\u00e9se. Az\u00f3ta az euroz\u00f3na infl\u00e1ci\u00f3ja cs\u00f6kkent, \u00e9s a p\u00e9nzpiaci kamatl\u00e1bak emelkedtek; az EONIA a f\u0151 refinansz\u00edroz\u00e1si kamatl\u00e1b f\u00f6l\u00e9 emelkedett janu\u00e1r k\u00f6zep\u00e9n.<\/li>\n<li>Nem hiszem, hogy b\u00e1rmelyik el\u00e9gg\u00e9 messze ker\u00fclt volna ahhoz, hogy cselekv\u00e9st v\u00e1ltson ki. Az infl\u00e1ci\u00f3 cs\u00f6kken\u00e9se t\u00f6bbnyire a cs\u00f6kken\u0151 energia\u00e1raknak tudhat\u00f3 be, amit nem \u00e9rint az EU monet\u00e1ris politik\u00e1ja. Tov\u00e1bb\u00e1 az euroz\u00f3na PMI-indexeinek javul\u00e1sa jelzi, hogy tov\u00e1bbra is megval\u00f3sulhat az EKB azon forgat\u00f3k\u00f6nyve, miszerint fokozatosan jav\u00edtj\u00e1k a gazdas\u00e1got \u00e9s emelkedik az infl\u00e1ci\u00f3. R\u00e1ad\u00e1sul Draghi nem mondta, hogy l\u00e9p\u00e9seket tesznek, ha az infl\u00e1ci\u00f3 tov\u00e1bb cs\u00f6kken; azt mondta, hogy int\u00e9zked\u00e9seket foganatos\u00edtanak, ha a k\u00f6z\u00e9pt\u00e1v\u00fa infl\u00e1ci\u00f3s kil\u00e1t\u00e1s romlik. Ennek \u00e9rtelm\u00e9ben val\u00f3sz\u00edn\u0171leg legal\u00e1bb addig v\u00e1rnak, am\u00edg febru\u00e1r 13-\u00e1n k\u00f6zz\u00e9teszik az EKB professzion\u00e1lis el\u0151rejelz\u0151i \u00e1ltal k\u00e9sz\u00edtett felm\u00e9r\u00e9s eredm\u00e9nyeit, amelyb\u0151l kider\u00fcl, hogy az infl\u00e1ci\u00f3s v\u00e1rakoz\u00e1sok al\u00e1bbhagynak-e; de m\u00e9g val\u00f3sz\u00edn\u0171bb, hogy a j\u00f6v\u0151 h\u00f3napig v\u00e1rnak, amikor bejelentik az \u00faj el\u0151rejelz\u00e9seket. Ami a p\u00e9nzpiaci kamatl\u00e1bakat illeti, ez szerintem tal\u00e1n nem volt el\u00e9g s\u00falyos ahhoz, hogy int\u00e9zked\u00e9seket v\u00e1ltson ki.<\/li>\n<li>Mindazon\u00e1ltal \u00e9rdemes fontol\u00f3ra venni, mit tehetnek a ma d\u00e9lut\u00e1ni \u00e9rtekezleten, mivel szerintem jobban agg\u00f3dnak.<\/li>\n<li>Mint mindig, tov\u00e1bb cs\u00f6kkenthetik a refinansz\u00edroz\u00e1si kamatl\u00e1bat a jelenlegi 0,25%-r\u00f3l 0,15%-ra vagy 0,10%-ra. Ez nyilv\u00e1nval\u00f3an ink\u00e1bb szimbolikus, mintsem gazdas\u00e1gi jelent\u0151s\u00e9ggel b\u00edr. Tov\u00e1bb is mehetnek, \u00e9s a jelenleg z\u00e9rus bet\u00e9ti kamatl\u00e1bat negat\u00edv \u00e9rt\u00e9k\u0171re cs\u00f6kkenthetik. Ez val\u00f3sz\u00edn\u0171leg jelent\u0151s hat\u00e1st gyakorolna az eur\u00f3ra; nem csak hat\u00e1sa miatt, hanem mert jelezn\u00e9, hogy milyen neh\u00e9z a helyzet. Szint\u00e9n emiatt gondolom azt, hogy kicsi az es\u00e9ly az ilyen komoly l\u00e9p\u00e9s megt\u00e9tel\u00e9re most, mivel elvenn\u00e9 az egyik leghat\u00e1sosabb eszk\u00f6z\u00fcket, amelyet val\u00f3sz\u00edn\u0171leg a tarsolyukban k\u00edv\u00e1nnak tartani.<\/li>\n<li>Az EKB ink\u00e1bb amellett d\u00f6nt, hogy t\u00f6bb t\u0151k\u00e9t fecskendez a p\u00e9nzpiacokra a k\u00f6zelm\u00faltbeli fesz\u00fclts\u00e9gek enyh\u00edt\u00e9s\u00e9re. Ez t\u00f6bbf\u00e9lek\u00e9ppen lehets\u00e9ges. A legegyszer\u0171bbek az \u00faj, hosszabb t\u00e1v\u00fa refinansz\u00edroz\u00e1si m\u0171veletek lehetn\u00e9nek. Egyfel\u0151l azonban a bankok el akarj\u00e1k ker\u00fclni annak l\u00e1tszat\u00e1t, hogy az EKB finansz\u00edroz\u00e1s\u00e1t\u00f3l f\u00fcggenek, mik\u00f6zben m\u00e1sfel\u0151l az EKB nem hajland\u00f3 nekik olcs\u00f3 p\u00e9nzt k\u00f6lcs\u00f6n\u00f6zni, amelyet csak t\u0151ke\u00e1tt\u00e9tes keresked\u00e9sre haszn\u00e1lnak a k\u00f6tv\u00e9nypiacon. K\u00f6lcs\u00f6n\u00f6zhetik a p\u00e9nzt felt\u00e9telekkel, de ez neh\u00e9z, mivel a p\u00e9nz helyettes\u00edthet\u0151.<\/li>\n<li>Sz\u00e9les k\u00f6rben t\u00e1rgyalnak azon gondolatr\u00f3l, miszerint le\u00e1ll\u00edthatj\u00e1k a p\u00e9nz kivon\u00e1s\u00e1t, amelyet akkor fecskendeztek be, amikor k\u00f6tv\u00e9nyeket v\u00e1s\u00e1roltak a bajba jutott perif\u00e9rikus orsz\u00e1gokt\u00f3l. (2010 \u00e9s 2012 k\u00f6z\u00f6tt kb. 200 milli\u00e1rd eur\u00f3 \u00e9rt\u00e9kben v\u00e1s\u00e1roltak k\u00f6tv\u00e9nyeket, amely \u00f6sszeget befecskendezt\u00e9k a piacokra, de minden h\u00e9ten kivonj\u00e1k a piacokr\u00f3l a p\u00e9nzt, amelyet bet\u00e9tk\u00e9nt vesznek vissza.) Ez\u00e1ltal viszonylag kis \u00f6sszeget fecskendeznek be &#8211; kb. 180 milli\u00e1rd eur\u00f3t &#8211; a piacokra, de fontos szimbolikus jelent\u0151s\u00e9ggel b\u00edrna, mivel a mennyis\u00e9gi k\u00f6nny\u00edt\u00e9ssel egyen\u00e9rt\u00e9k\u0171 lenne, \u00e9s ha egyszer megteszik, ism\u00e9t megtehetik. A sajt\u00f3jelent\u00e9sek szerint sor ker\u00fclhet erre, ha a Bundesbank \u00e1ld\u00e1s\u00e1t adja arra, nehogy feld\u00fch\u00edts\u00e9k a n\u00e9met n\u00e9pet. V\u00e9gezet\u00fcl pedig a harmadik lehet\u0151s\u00e9g, hogy cs\u00f6kkenthetik a sz\u00fcks\u00e9ges tartal\u00e9k ar\u00e1ny\u00e1t. Ha 1,0%-r\u00f3l 0,5%-ra cs\u00f6kkentik, ism\u00e9t kb. 50 milli\u00e1rd eur\u00f3t szabad\u00edtana fel.<\/li>\n<li>M\u00e1s gondolatok is elhangzottak, miszerint \u00faj programmal t\u00e1mogatj\u00e1k a mag\u00e1nszektornak val\u00f3 k\u00f6lcs\u00f6nz\u00e9st, p\u00e9ld\u00e1ul piacot teremtenek eszk\u00f6z\u00f6k \u00e1ltal fedezett \u00e9rt\u00e9kpap\u00edroknak; tov\u00e1bb er\u0151s\u00edtik az el\u0151remutat\u00f3 \u00fatmutat\u00e1st; megkezdik a mennyis\u00e9gi k\u00f6nny\u00edt\u00e9si programot az\u00e1ltal, hogy \u00e1llamk\u00f6tv\u00e9nyek helyett mag\u00e1nszektorbeli eszk\u00f6z\u00f6ket v\u00e1s\u00e1rolnak; vagy k\u00f6zz\u00e9teszik \u00e9rtekezlet\u00fck jegyz\u0151k\u00f6nyv\u00e9t. Jelenleg azonban egyik sem l\u00e1tszik val\u00f3sz\u00edn\u0171nek, mivel nincs el\u00e9g id\u0151 az el\u0151k\u00e9sz\u00fcletekhez.<\/li>\n<li>Szerintem ha enyh\u00edt\u0151 int\u00e9zked\u00e9st hoznak, az eur\u00f3 val\u00f3sz\u00edn\u0171leg gyeng\u00fclni fog. A cselekv\u00e9s hi\u00e1nya \u00e9s a politika \u201eszimmetrikuss\u00e1g\u00e1val\u201d kapcsolatos el\u0151z\u0151 nyilatkozat meger\u0151s\u00edt\u00e9se val\u00f3sz\u00edn\u0171leg kiss\u00e9 gyeng\u00edti az eur\u00f3t. K\u00e9rd\u0151re vonhatj\u00e1k \u0151ket az infl\u00e1ci\u00f3 janu\u00e1ri es\u00e9s\u00e9vel kapcsolatban; ha Draghi ism\u00e9t a technikai probl\u00e9m\u00e1kra hivatkozik &#8211; ahogyan azt a n\u00e9met infl\u00e1ci\u00f3 decemberi cs\u00f6kken\u00e9sekor tette -, vagy meger\u0151s\u00edti, hogy az EKB szerint az infl\u00e1ci\u00f3 folytatja n\u00f6vekv\u0151 trendj\u00e9t, az eur\u00f3 rallyzhat. Ha azonban \u00fagy t\u0171nik, hogy aggasztja a dolog, akkor ism\u00e9t gyeng\u00fcl.<\/li>\n<li>A Bank of England \u00e9rtekezlet\u00e9r\u0151l nem v\u00e1rhat\u00f3k h\u00edrek, \u00e9s a piact\u00f3l sem sz\u00e1m\u00edtunk reakci\u00f3ra.<\/li>\n<li>A mutat\u00f3sz\u00e1mokat tekintve a n\u00e9met gy\u00e1ri rendel\u00e9s\u00e1llom\u00e1ny az el\u0151rejelz\u00e9s szerint havi szinten 0,2%-kal emelkedett decemberben, ami lassul\u00e1st jelent a korrig\u00e1lt 2,2%-os el\u0151menetelhez k\u00e9pest, de ez nem val\u00f3sz\u00edn\u0171, hogy hat\u00e1st gyakorol az EKB napra. Az USA-ban a nemzeti kereskedelmim\u00e9rleg-deficit az el\u0151rejelz\u00e9s szerint decemberben 36,0 milli\u00e1rd USD-ra emelkedett (novemberben 34,3 milli\u00e1rd USD volt). Az \u00fajonnan regisztr\u00e1lt munkan\u00e9lk\u00fcliek \u00e1llom\u00e1nya (a febru\u00e1r 1-j\u00e9n v\u00e9get \u00e9rt h\u00e9tre vonatkoz\u00f3an) v\u00e1rhat\u00f3an 348 ezerr\u0151l 335 ezerre cs\u00f6kken, m\u00edg a folyamatosan regisztr\u00e1lt munkan\u00e9lk\u00fcliek \u00e1llom\u00e1nya (a janu\u00e1r 25-\u00e9n v\u00e9get \u00e9rt h\u00e9tre vonatkoz\u00f3an) az el\u0151rejelz\u00e9s szerint az el\u0151z\u0151 heti 2991 ezerr\u0151l 2998 ezerre emelkedik. Ezen USA-beli mutat\u00f3sz\u00e1mok Draghi \u00e1ltal tartott sajt\u00f3konferencia alatt jelennek meg, ez\u00e9rt val\u00f3sz\u00edn\u0171leg nagy volatilit\u00e1sra ker\u00fcl sor.<\/li>\n<\/ul>\n<p><b>\u00a0<\/b><\/p>\n<p><b>EUR\/USD<\/b><\/p>\n<p><a href=\"http:\/\/stockportal.hu\/wp-content\/uploads\/2014\/02\/EURUSD_06Feb2014.png\" target=\"_blank\" rel=\"noopener\"><img decoding=\"async\" loading=\"lazy\" class=\"alignnone size-large wp-image-26923\" alt=\"EURUSD_06Feb2014\" src=\"http:\/\/stockportal.hu\/wp-content\/uploads\/2014\/02\/EURUSD_06Feb2014-1024x447.png\" width=\"630\" height=\"275\" srcset=\"https:\/\/gazdasagportal.hu\/wp-content\/uploads\/2014\/02\/EURUSD_06Feb2014-1024x447.png 1024w, https:\/\/gazdasagportal.hu\/wp-content\/uploads\/2014\/02\/EURUSD_06Feb2014-300x131.png 300w, https:\/\/gazdasagportal.hu\/wp-content\/uploads\/2014\/02\/EURUSD_06Feb2014-600x262.png 600w, https:\/\/gazdasagportal.hu\/wp-content\/uploads\/2014\/02\/EURUSD_06Feb2014-310x135.png 310w, https:\/\/gazdasagportal.hu\/wp-content\/uploads\/2014\/02\/EURUSD_06Feb2014.png 1720w\" sizes=\"(max-width: 630px) 100vw, 630px\" \/><\/a><\/p>\n<ul>\n<li>Az<b> EUR\/USD<\/b> p\u00e1r konszolid\u00e1l\u00f3d\u00e1sa folytat\u00f3dik az 1,3525-\u00f6s (E1) korl\u00e1t k\u00f6zel\u00e9ben l\u00e9v\u0151 tartom\u00e1nyban, \u00e9s lehets\u00e9ges z\u00e1szl\u00f3 alakzatot form\u00e1l. Az 1,3480-as (T1) szint egy\u00e9rtelm\u0171, lefel\u00e9 t\u00f6rt\u00e9n\u0151 \u00e1tt\u00f6r\u00e9se meger\u0151s\u00edti az alakzat kialakul\u00e1s\u00e1t, \u00e9s meghosszabb\u00edtja a cs\u00f6kken\u00e9st a k\u00f6vetkez\u0151 t\u00e1maszszint fel\u00e9 (1,3400 &#8211; T2), amely egybeesik a janu\u00e1r 23-ai rally 161,8%-os Fibonacci hosszabb\u00edt\u00e1si szintj\u00e9vel. Am\u00edg az \u00e1rfolyam mindk\u00e9t mozg\u00f3\u00e1tlag alatt van, a kil\u00e1t\u00e1sok negat\u00edvak marad. Csak az el\u0151z\u0151 1,3700-es maximum szint \u00e1tt\u00f6r\u00e9se jelezn\u00e9, hogy befejez\u0151d\u00f6tt a december 27. \u00f3ta tart\u00f3 cs\u00f6kken\u00e9s. Mindk\u00e9t momentum mutat\u00f3sz\u00e1m tov\u00e1bb emelkedett, mik\u00f6zben az MACD &#8211; b\u00e1r medve jelleg\u0171 tartom\u00e1nyban van &#8211; ind\u00edt\u00f3 vonala felett helyezkedik el, ez\u00e9rt nem z\u00e1rhat\u00f3 ki a tov\u00e1bbi konszolid\u00e1ci\u00f3 vagy a n\u00f6vekv\u0151 korrekci\u00f3s hull\u00e1m.<b><\/b><\/li>\n<li>T\u00e1maszszint: 1,3480 (T1), 1,3400 (T2), 1,3300 (T3).<b><\/b><\/li>\n<li>Ellen\u00e1ll\u00e1sszint: 1,3525 (E1), 1,3570 (E2), 1,3640 (E3).<b><\/b><\/li>\n<\/ul>\n<p><b>USD\/JPY<\/b><\/p>\n<p><a href=\"http:\/\/stockportal.hu\/wp-content\/uploads\/2014\/02\/USDJPY_06Feb2014.png\" target=\"_blank\" rel=\"noopener\"><img decoding=\"async\" loading=\"lazy\" class=\"alignnone size-large wp-image-26924\" alt=\"USDJPY_06Feb2014\" src=\"http:\/\/stockportal.hu\/wp-content\/uploads\/2014\/02\/USDJPY_06Feb2014-1024x448.png\" width=\"630\" height=\"275\" srcset=\"https:\/\/gazdasagportal.hu\/wp-content\/uploads\/2014\/02\/USDJPY_06Feb2014-1024x448.png 1024w, https:\/\/gazdasagportal.hu\/wp-content\/uploads\/2014\/02\/USDJPY_06Feb2014-300x131.png 300w, https:\/\/gazdasagportal.hu\/wp-content\/uploads\/2014\/02\/USDJPY_06Feb2014-600x262.png 600w, https:\/\/gazdasagportal.hu\/wp-content\/uploads\/2014\/02\/USDJPY_06Feb2014-310x135.png 310w, https:\/\/gazdasagportal.hu\/wp-content\/uploads\/2014\/02\/USDJPY_06Feb2014.png 1721w\" sizes=\"(max-width: 630px) 100vw, 630px\" \/><\/a><\/p>\n<ul>\n<li>Az<b> USD\/JPY <\/b>p\u00e1r emelkedett, miut\u00e1n visszapattant a 101,00 (T1) t\u00e1maszszinthez k\u00f6zeli tartom\u00e1nyb\u00f3l, amely egybeesik az okt\u00f3ber 8. \u00e9s janu\u00e1r 2. k\u00f6z\u00f6tti el\u0151remenetel 50%-os visszat\u00e9r\u00e9si szintj\u00e9vel. A n\u00f6vekv\u0151 hull\u00e1m v\u00e1rhat\u00f3an folytat\u00f3dik, \u00e9s tal\u00e1n teszteli a 102,00-es (E1) korl\u00e1tot, ez\u00fattal ellen\u00e1ll\u00e1sszintk\u00e9nt. Az RSI \u00e9s az MACD n\u00f6vekv\u0151 \u00fatvonalat k\u00f6vet, ami kedvez a korrekci\u00f3s el\u0151remenetel folytat\u00f3d\u00e1s\u00e1nak. Azonban am\u00edg az \u00e1rfolyam alacsonyabb maximum szinteket \u00e9s alacsonyabb minimum szinteket \u00e9r el mindk\u00e9t mozg\u00f3\u00e1tlag alatt, a r\u00f6vid t\u00e1v\u00fa cs\u00f6kken\u0151 trend \u00e9rv\u00e9nyben marad.<\/li>\n<li>T\u00e1maszszint: 101,00 (T1), 100,00 (T2), 99,00 (T3).<\/li>\n<li>Ellen\u00e1ll\u00e1sszint: 102,00 (E1), 103,00 (E2), 103,90 (E3).<b><\/b><\/li>\n<\/ul>\n<p><b>EUR\/GBP<\/b><\/p><div id=\"gazda-890043052\" class=\"gazda-tartalomban gazda-entity-placement\"><script async src=\"https:\/\/pagead2.googlesyndication.com\/pagead\/js\/adsbygoogle.js\"><\/script>\r\n<ins class=\"adsbygoogle\"\r\n     style=\"display:block\"\r\n     data-ad-format=\"fluid\"\r\n     data-ad-layout-key=\"-6t+ed+2i-1n-4w\"\r\n     data-ad-client=\"ca-pub-1959107119989764\"\r\n     data-ad-slot=\"4008251320\"><\/ins>\r\n<script>\r\n     (adsbygoogle = window.adsbygoogle || []).push({});\r\n<\/script><\/div>\n<p><b><a href=\"http:\/\/stockportal.hu\/wp-content\/uploads\/2014\/02\/EURGBP_06Feb2014.png\" target=\"_blank\" rel=\"noopener\"><img decoding=\"async\" loading=\"lazy\" class=\"alignnone size-large wp-image-26925\" alt=\"EURGBP_06Feb2014\" src=\"http:\/\/stockportal.hu\/wp-content\/uploads\/2014\/02\/EURGBP_06Feb2014-1024x446.png\" width=\"630\" height=\"274\" srcset=\"https:\/\/gazdasagportal.hu\/wp-content\/uploads\/2014\/02\/EURGBP_06Feb2014-1024x446.png 1024w, https:\/\/gazdasagportal.hu\/wp-content\/uploads\/2014\/02\/EURGBP_06Feb2014-300x130.png 300w, https:\/\/gazdasagportal.hu\/wp-content\/uploads\/2014\/02\/EURGBP_06Feb2014-600x261.png 600w, https:\/\/gazdasagportal.hu\/wp-content\/uploads\/2014\/02\/EURGBP_06Feb2014-310x135.png 310w, https:\/\/gazdasagportal.hu\/wp-content\/uploads\/2014\/02\/EURGBP_06Feb2014.png 1721w\" sizes=\"(max-width: 630px) 100vw, 630px\" \/><\/a><\/b><\/p>\n<ul>\n<li>Az<b> EUR\/GBP<\/b> p\u00e1r t\u00e1maszszintre tal\u00e1lt a 0,8265-\u00f6s (T1) szinten, majd emelkedett, de miut\u00e1n el\u00e9rte a 0,8335-\u00f6s (E1) ellen\u00e1ll\u00e1sszintet, cs\u00f6kkent. Az eur\u00f3pai reggel sor\u00e1n az \u00e1rfolyam a 200 peri\u00f3dus\u00fa mozg\u00f3\u00e1tlag k\u00f6zel\u00e9ben konszolid\u00e1l, amely az el\u0151z\u0151 lila cs\u00f6kken\u0151 trendvonal felett van. Mindazon\u00e1ltal az \u00e1rfolyam tov\u00e1bbra is a hosszabb t\u00e1v\u00fa (vil\u00e1gosk\u00e9k) vonal alatt van, \u00e9s csup\u00e1n annak felfel\u00e9 val\u00f3 \u00e1tt\u00f6r\u00e9se &#8211; amit a 0,8390-es (E2) ellen\u00e1ll\u00e1sszint felfel\u00e9 t\u00f6rt\u00e9n\u0151 \u00e1tt\u00f6r\u00e9se k\u00f6vet &#8211; lehet az els\u0151 jele annak, hogy a hosszabb t\u00e1v\u00fa cs\u00f6kken\u0151 trend esetleg v\u00e9get \u00e9rt. Az MACD mutat\u00f3sz\u00e1m \u00fagy t\u0171nik, hogy k\u00e9szen \u00e1ll ind\u00edt\u00f3 vonal\u00e1n lefel\u00e9 val\u00f3 \u00e1tt\u00e9r\u00e9sre, ez\u00e9rt v\u00e1rhat\u00f3an visszat\u00e9r\u00e9sre ker\u00fcl sor, miel\u0151tt a bik\u00e1k ism\u00e9t f\u00f6l\u00e9nybe ker\u00fclnek.<\/li>\n<li>T\u00e1maszszint: 0,8265 (T1), 0,8240 (T2), 0,8187 (T3).<\/li>\n<li>Ellen\u00e1ll\u00e1sszint: 0,8335 (E1), 0,8390 (E2), 0,8465 (E3).<b><\/b><\/li>\n<\/ul>\n<p><b>Arany<\/b><\/p>\n<p><a href=\"http:\/\/stockportal.hu\/wp-content\/uploads\/2014\/02\/XAUUSD_06Feb2014.png\" target=\"_blank\" rel=\"noopener\"><img decoding=\"async\" loading=\"lazy\" class=\"alignnone size-large wp-image-26926\" alt=\"XAUUSD_06Feb2014\" src=\"http:\/\/stockportal.hu\/wp-content\/uploads\/2014\/02\/XAUUSD_06Feb2014-1024x447.png\" width=\"630\" height=\"275\" srcset=\"https:\/\/gazdasagportal.hu\/wp-content\/uploads\/2014\/02\/XAUUSD_06Feb2014-1024x447.png 1024w, https:\/\/gazdasagportal.hu\/wp-content\/uploads\/2014\/02\/XAUUSD_06Feb2014-300x131.png 300w, https:\/\/gazdasagportal.hu\/wp-content\/uploads\/2014\/02\/XAUUSD_06Feb2014-600x262.png 600w, https:\/\/gazdasagportal.hu\/wp-content\/uploads\/2014\/02\/XAUUSD_06Feb2014-310x135.png 310w, https:\/\/gazdasagportal.hu\/wp-content\/uploads\/2014\/02\/XAUUSD_06Feb2014.png 1718w\" sizes=\"(max-width: 630px) 100vw, 630px\" \/><\/a><\/p>\n<ul>\n<li>Az<b> arany <\/b>visszat\u00e9rt az 50 peri\u00f3dus\u00fa mozg\u00f3\u00e1tlag k\u00f6zel\u00e9be, miut\u00e1n a bik\u00e1k sikertelen\u00fcl k\u00eds\u00e9relt\u00e9k meg a f\u00e9m 1268-as (E1) ellen\u00e1ll\u00e1sszint f\u00f6l\u00e9 juttat\u00e1s\u00e1t, ez\u00e9rt a forgat\u00f3k\u00f6nyv azonos marad. Az 1235-\u00f6s (T2) t\u00e1maszszint lefel\u00e9 t\u00f6rt\u00e9n\u0151 \u00e1tt\u00f6r\u00e9se sz\u00fcks\u00e9ges annak meger\u0151s\u00edt\u00e9s\u00e9hez, hogy a december 19. \u00e9s janu\u00e1r 27. k\u00f6z\u00f6tti el\u0151remenetel csup\u00e1n a f\u0151 cs\u00f6kken\u0151 trend visszat\u00e9r\u00e9se volt, \u00e1m az el\u0151z\u0151 maximum szint (1268 &#8211; E1) feletti napi z\u00e1r\u00e1s ism\u00e9t pozit\u00edvv\u00e1 teheti a k\u00e9pet.<\/li>\n<li>T\u00e1maszszint: 1250 (T1), 1235 (T2), 1220 (T3).<\/li>\n<li>Ellen\u00e1ll\u00e1sszint: 1268 (E1), 1290 (E2), 1315 (E3). <b><\/b><\/li>\n<\/ul>\n<p><b>Olaj<\/b><\/p>\n<p><a href=\"http:\/\/stockportal.hu\/wp-content\/uploads\/2014\/02\/CLH4_06Feb2014.png\" target=\"_blank\" rel=\"noopener\"><img decoding=\"async\" loading=\"lazy\" class=\"alignnone size-large wp-image-26927\" alt=\"CLH4_06Feb2014\" src=\"http:\/\/stockportal.hu\/wp-content\/uploads\/2014\/02\/CLH4_06Feb2014-1024x447.png\" width=\"630\" height=\"275\" srcset=\"https:\/\/gazdasagportal.hu\/wp-content\/uploads\/2014\/02\/CLH4_06Feb2014-1024x447.png 1024w, https:\/\/gazdasagportal.hu\/wp-content\/uploads\/2014\/02\/CLH4_06Feb2014-300x131.png 300w, https:\/\/gazdasagportal.hu\/wp-content\/uploads\/2014\/02\/CLH4_06Feb2014-600x262.png 600w, https:\/\/gazdasagportal.hu\/wp-content\/uploads\/2014\/02\/CLH4_06Feb2014-310x135.png 310w, https:\/\/gazdasagportal.hu\/wp-content\/uploads\/2014\/02\/CLH4_06Feb2014.png 1721w\" sizes=\"(max-width: 630px) 100vw, 630px\" \/><\/a><\/p>\n<ul>\n<li>A<b> WTI <\/b>el\u00e9rte az el\u0151z\u0151 r\u00f6vid t\u00e1v\u00fa n\u00f6vekv\u0151 trendvonalat, majd valamelyest cs\u00f6kkent. A 96,50-es (T1) t\u00e1maszszint lefel\u00e9 t\u00f6rt\u00e9n\u0151 \u00e1tt\u00f6r\u00e9se a lehets\u00e9ges r\u00f6vid t\u00e1v\u00fa visszafordul\u00e1s befejez\u0151d\u00e9s\u00e9t jelezheti. M\u00e1sr\u00e9szt, ha a v\u00e9teli poz\u00edci\u00f3kkal rendelkez\u0151k el\u00e9g er\u0151sek ahhoz, hogy \u00e1tt\u00f6rj\u00e9k a 98,15-\u00f6s (E1) akad\u00e1lyt, a k\u00e9p ism\u00e9t pozit\u00edvv\u00e1 v\u00e1lhat. Mindk\u00e9t momentum mutat\u00f3sz\u00e1m folytatja cs\u00f6kken\u0151 \u00fatvonal\u00e1t, ami gyeng\u00fcl\u0151 momentumot jelez.<b><\/b><\/li>\n<li>T\u00e1maszszint: 96,50 (T1), 95,00 (T2), 94,00 (T3).<b><\/b><\/li>\n<li>Ellen\u00e1ll\u00e1sszint: 98,15 (E1), 98,90 (E2), 100,55 (E3).<b><\/b><\/li>\n<\/ul>\n<p>&nbsp;<\/p>\n<\/div>\n","protected":false},"excerpt":{"rendered":"<p>Mit tehet az EKB ma? A m\u00falt h\u00f3napban az EKB eln\u00f6ke, Draghi k\u00e9t felt\u00e9telt v\u00e1zolt fel, amelyek cselekv\u00e9sre b\u00edrhatj\u00e1k az EKB-t: a k\u00f6z\u00e9pt\u00e1v\u00fa infl\u00e1ci\u00f3s kil\u00e1t\u00e1sok roml\u00e1sa \u00e9s a r\u00f6vid t\u00e1v\u00fa p\u00e9nzpiac felt\u00e9teleinek alaptalan sz\u0171k\u00fcl\u00e9se. Az\u00f3ta az euroz\u00f3na infl\u00e1ci\u00f3ja cs\u00f6kkent, \u00e9s a p\u00e9nzpiaci kamatl\u00e1bak emelkedtek; az EONIA a f\u0151 refinansz\u00edroz\u00e1si kamatl\u00e1b f\u00f6l\u00e9 emelkedett janu\u00e1r k\u00f6zep\u00e9n<\/p>\n","protected":false},"author":1,"featured_media":20409,"comment_status":"open","ping_status":"closed","sticky":false,"template":"","format":"standard","meta":[],"categories":[9,10,8,131,122],"tags":[],"_links":{"self":[{"href":"https:\/\/gazdasagportal.hu\/index.php\/wp-json\/wp\/v2\/posts\/26922"}],"collection":[{"href":"https:\/\/gazdasagportal.hu\/index.php\/wp-json\/wp\/v2\/posts"}],"about":[{"href":"https:\/\/gazdasagportal.hu\/index.php\/wp-json\/wp\/v2\/types\/post"}],"author":[{"embeddable":true,"href":"https:\/\/gazdasagportal.hu\/index.php\/wp-json\/wp\/v2\/users\/1"}],"replies":[{"embeddable":true,"href":"https:\/\/gazdasagportal.hu\/index.php\/wp-json\/wp\/v2\/comments?post=26922"}],"version-history":[{"count":2,"href":"https:\/\/gazdasagportal.hu\/index.php\/wp-json\/wp\/v2\/posts\/26922\/revisions"}],"predecessor-version":[{"id":26929,"href":"https:\/\/gazdasagportal.hu\/index.php\/wp-json\/wp\/v2\/posts\/26922\/revisions\/26929"}],"wp:featuredmedia":[{"embeddable":true,"href":"https:\/\/gazdasagportal.hu\/index.php\/wp-json\/wp\/v2\/media\/20409"}],"wp:attachment":[{"href":"https:\/\/gazdasagportal.hu\/index.php\/wp-json\/wp\/v2\/media?parent=26922"}],"wp:term":[{"taxonomy":"category","embeddable":true,"href":"https:\/\/gazdasagportal.hu\/index.php\/wp-json\/wp\/v2\/categories?post=26922"},{"taxonomy":"post_tag","embeddable":true,"href":"https:\/\/gazdasagportal.hu\/index.php\/wp-json\/wp\/v2\/tags?post=26922"}],"curies":[{"name":"wp","href":"https:\/\/api.w.org\/{rel}","templated":true}]}}