{"id":26864,"date":"2014-02-05T14:45:26","date_gmt":"2014-02-05T13:45:26","guid":{"rendered":"http:\/\/stockportal.hu\/?p=26864"},"modified":"2014-02-05T14:45:26","modified_gmt":"2014-02-05T13:45:26","slug":"usa-adp-januarban-az-atlagos-havi-mertekben-nott-a-foglalkoztatottak-szama-az-egyesult-allamokban","status":"publish","type":"post","link":"https:\/\/gazdasagportal.hu\/index.php\/usa-adp-januarban-az-atlagos-havi-mertekben-nott-a-foglalkoztatottak-szama-az-egyesult-allamokban\/","title":{"rendered":"USA ADP &#8211; Janu\u00e1rban az \u00e1tlagos havi m\u00e9rt\u00e9kben n\u0151tt a foglalkoztatottak sz\u00e1ma az Egyes\u00fclt \u00c1llamokban"},"content":{"rendered":"<p><strong>A 2013-as havi \u00e1tlagos n\u00f6veked\u00e9snek megfelel\u0151 m\u00e9rt\u00e9kben n\u0151tt az id\u00e9n janu\u00e1rban a nem mez\u0151gazdas\u00e1gi \u00e1gazatokban foglalkoztatottak sz\u00e1ma az Egyes\u00fclt \u00c1llamokban &#8211; k\u00f6z\u00f6lte kedden az amerikai Automatic Data Processing, Inc. (ADP) statisztikai v\u00e1llalat.<!--more--><\/strong><\/p>\n<p>Janu\u00e1rban 175 ezerrel n\u0151tt a nem mez\u0151gazdas\u00e1gi \u00e1gazatokban foglalkoztatottak sz\u00e1ma az Egyes\u00fclt \u00c1llamokban, szemben a decemberi 238 ezres n\u00f6veked\u00e9ssel. Elemz\u0151k 180 ezres n\u00f6veked\u00e9st v\u00e1rtak.<br \/>\n&#8222;Janu\u00e1rban 175 ezerrel n\u0151tt a foglalkoztatottak sz\u00e1ma, ami megfelel a 2013-as havi \u00e1tlagos n\u00f6veked\u00e9snek&#8221; &#8211; mondta Carlos Rodriguez, az ADP eln\u00f6k-vez\u00e9rigazgat\u00f3ja. (MTI)<br \/>\n<a title=\"Hely megnyit\u00e1sa\" href=\"http:\/\/www.adpemploymentreport.com\/2014\/January\/NER\/docs\/ADP-NATIONAL-EMPLOYMENT-REPORT-January2014-Final-Press-Release.pdf\" target=\"_blank\" rel=\"noopener\">http:\/\/www.adpemploymentreport.com\/2014\/January\/NER\/docs\/ADP-NATIONAL-EMPLOYMENT-REPORT-January2014-Final-Press-Release.pdf<\/a><\/p>\n","protected":false},"excerpt":{"rendered":"<p>A 2013-as havi \u00e1tlagos n\u00f6veked\u00e9snek megfelel\u0151 m\u00e9rt\u00e9kben n\u0151tt az id\u00e9n janu\u00e1rban a nem mez\u0151gazdas\u00e1gi \u00e1gazatokban foglalkoztatottak sz\u00e1ma az Egyes\u00fclt \u00c1llamokban &#8211; k\u00f6z\u00f6lte kedden az amerikai Automatic Data Processing, Inc. (ADP) statisztikai v\u00e1llalat.<\/p>\n","protected":false},"author":1,"featured_media":20734,"comment_status":"open","ping_status":"closed","sticky":false,"template":"","format":"standard","meta":[],"categories":[13,8,122],"tags":[],"_links":{"self":[{"href":"https:\/\/gazdasagportal.hu\/index.php\/wp-json\/wp\/v2\/posts\/26864"}],"collection":[{"href":"https:\/\/gazdasagportal.hu\/index.php\/wp-json\/wp\/v2\/posts"}],"about":[{"href":"https:\/\/gazdasagportal.hu\/index.php\/wp-json\/wp\/v2\/types\/post"}],"author":[{"embeddable":true,"href":"https:\/\/gazdasagportal.hu\/index.php\/wp-json\/wp\/v2\/users\/1"}],"replies":[{"embeddable":true,"href":"https:\/\/gazdasagportal.hu\/index.php\/wp-json\/wp\/v2\/comments?post=26864"}],"version-history":[{"count":1,"href":"https:\/\/gazdasagportal.hu\/index.php\/wp-json\/wp\/v2\/posts\/26864\/revisions"}],"predecessor-version":[{"id":26865,"href":"https:\/\/gazdasagportal.hu\/index.php\/wp-json\/wp\/v2\/posts\/26864\/revisions\/26865"}],"wp:featuredmedia":[{"embeddable":true,"href":"https:\/\/gazdasagportal.hu\/index.php\/wp-json\/wp\/v2\/media\/20734"}],"wp:attachment":[{"href":"https:\/\/gazdasagportal.hu\/index.php\/wp-json\/wp\/v2\/media?parent=26864"}],"wp:term":[{"taxonomy":"category","embeddable":true,"href":"https:\/\/gazdasagportal.hu\/index.php\/wp-json\/wp\/v2\/categories?post=26864"},{"taxonomy":"post_tag","embeddable":true,"href":"https:\/\/gazdasagportal.hu\/index.php\/wp-json\/wp\/v2\/tags?post=26864"}],"curies":[{"name":"wp","href":"https:\/\/api.w.org\/{rel}","templated":true}]}}