{"id":26766,"date":"2014-02-04T16:39:53","date_gmt":"2014-02-04T15:39:53","guid":{"rendered":"http:\/\/stockportal.hu\/?p=26766"},"modified":"2014-02-11T08:42:49","modified_gmt":"2014-02-11T07:42:49","slug":"ukran-valsag-klicsko-szerint-janukovics-elnok-nem-akarja-megoldani-a-valsagot","status":"publish","type":"post","link":"https:\/\/gazdasagportal.hu\/index.php\/ukran-valsag-klicsko-szerint-janukovics-elnok-nem-akarja-megoldani-a-valsagot\/","title":{"rendered":"Ukr\u00e1n v\u00e1ls\u00e1g &#8211; Klicsko szerint Janukovics eln\u00f6k nem akarja megoldani a v\u00e1ls\u00e1got"},"content":{"rendered":"<p><strong>Vitalij Klicsko ukr\u00e1n ellenz\u00e9ki vezet\u0151 \u00fagy l\u00e1tja, hogy Viktor Janukovics eln\u00f6knek nincs sz\u00e1nd\u00e9k\u00e1ban megoldani az orsz\u00e1got s\u00fajt\u00f3 politikai v\u00e1ls\u00e1got.<!--more--><\/strong><\/p>\n<div id=\"vid4u\"><\/div>\n<p><script type=\"text\/javascript\">\/\/ <![CDATA[\nvar rid = 100000 + Math.floor(Math.random()*99999); var b = document.createElement(\"div\"); b.setAttribute(\"id\", \"v4u_c_\"+rid+\"_1\"); var r = document.getElementById(\"vid4u\"); r.parentNode.insertBefore(b,r); r.setAttribute(\"id\", \"\"); (function(w, d, s, rid) { function go(){ var js, fjs = d.getElementsByTagName(s)[0], load = function(url, id) { if (d.getElementById(id)) { d.getElementById(id).onload = d.getElementById(id).onreadystatechange = function() { if (typeof vid4u != 'undefined') vid4u.init(480,270,\"AIM8lPuLVL\",\"hoz4IADmyS\",1, rid);}; return; } js = d.createElement(s); js.src = url; js.id = id; fjs.parentNode.insertBefore(js, fjs); js.onload = js.onreadystatechange = function() { if (typeof vid4u != 'undefined') vid4u.init(480,270,\"AIM8lPuLVL\",\"hoz4IADmyS\",1, rid); };}; load(\"http:\/\/video.vid4u.org\/vid4ul.js\", \"vjs_\"+rid); } go(); }(window, document, \"script\", rid));\n\/\/ ]]><\/script><\/p>\n<p>&#8222;Az eln\u00f6k halogatja a megold\u00e1st, nem akar v\u00e9get vetni a politikai kr\u00edzisnek&#8221; &#8211; mondta az ellenz\u00e9ki politikus kedden, miut\u00e1n az alapt\u00f6rv\u00e9ny m\u00f3dos\u00edt\u00e1s\u00e1r\u00f3l t\u00e1rgyalt az \u00e1llamf\u0151vel.<br \/>\nKlicsko szerint Janukovics az alkotm\u00e1ny reformj\u00e1nak k\u00e9rd\u00e9s\u00e9ben sem tud megold\u00e1s ny\u00fajtani. Azt mondta, az eln\u00f6k szerint az alkotm\u00e1ny reformja legal\u00e1bb egy h\u00f3napot, de ak\u00e1r f\u00e9l\u00e9vet is ig\u00e9nybe vehet. Klicsko azonban hangs\u00falyozta, hogy a politikai v\u00e1ls\u00e1g miatt nem v\u00e1rhatnak f\u00e9l\u00e9vet, \u00e9s a parlamentnek s\u00fcrg\u0151sen meg kell szavaznia az eln\u00f6ki ir\u00e1ny\u00edt\u00e1sr\u00f3l a parlamenti demokr\u00e1ci\u00e1ra val\u00f3 \u00e1tt\u00e9r\u00e9st.(MTI)<\/p>\n","protected":false},"excerpt":{"rendered":"<p>Vitalij Klicsko ukr\u00e1n ellenz\u00e9ki vezet\u0151 \u00fagy l\u00e1tja, hogy Viktor Janukovics eln\u00f6knek nincs sz\u00e1nd\u00e9k\u00e1ban megoldani az orsz\u00e1got s\u00fajt\u00f3 politikai v\u00e1ls\u00e1got.<\/p>\n","protected":false},"author":1,"featured_media":0,"comment_status":"open","ping_status":"closed","sticky":false,"template":"","format":"standard","meta":[],"categories":[12,139],"tags":[],"_links":{"self":[{"href":"https:\/\/gazdasagportal.hu\/index.php\/wp-json\/wp\/v2\/posts\/26766"}],"collection":[{"href":"https:\/\/gazdasagportal.hu\/index.php\/wp-json\/wp\/v2\/posts"}],"about":[{"href":"https:\/\/gazdasagportal.hu\/index.php\/wp-json\/wp\/v2\/types\/post"}],"author":[{"embeddable":true,"href":"https:\/\/gazdasagportal.hu\/index.php\/wp-json\/wp\/v2\/users\/1"}],"replies":[{"embeddable":true,"href":"https:\/\/gazdasagportal.hu\/index.php\/wp-json\/wp\/v2\/comments?post=26766"}],"version-history":[{"count":1,"href":"https:\/\/gazdasagportal.hu\/index.php\/wp-json\/wp\/v2\/posts\/26766\/revisions"}],"predecessor-version":[{"id":26768,"href":"https:\/\/gazdasagportal.hu\/index.php\/wp-json\/wp\/v2\/posts\/26766\/revisions\/26768"}],"wp:attachment":[{"href":"https:\/\/gazdasagportal.hu\/index.php\/wp-json\/wp\/v2\/media?parent=26766"}],"wp:term":[{"taxonomy":"category","embeddable":true,"href":"https:\/\/gazdasagportal.hu\/index.php\/wp-json\/wp\/v2\/categories?post=26766"},{"taxonomy":"post_tag","embeddable":true,"href":"https:\/\/gazdasagportal.hu\/index.php\/wp-json\/wp\/v2\/tags?post=26766"}],"curies":[{"name":"wp","href":"https:\/\/api.w.org\/{rel}","templated":true}]}}