{"id":26517,"date":"2014-01-31T15:18:40","date_gmt":"2014-01-31T14:18:40","guid":{"rendered":"http:\/\/stockportal.hu\/?p=26517"},"modified":"2014-02-11T08:59:08","modified_gmt":"2014-02-11T07:59:08","slug":"janukovics-alairta-az-amnesztiatorvenyt","status":"publish","type":"post","link":"https:\/\/gazdasagportal.hu\/index.php\/janukovics-alairta-az-amnesztiatorvenyt\/","title":{"rendered":"Janukovics al\u00e1\u00edrta az amnesztiat\u00f6rv\u00e9nyt"},"content":{"rendered":"<p><strong>Viktor Janukovics ukr\u00e1n eln\u00f6k p\u00e9nteken al\u00e1\u00edrta a korm\u00e1nyp\u00e1rti k\u00e9pvisel\u0151k \u00e1ltal megszavazott amnesztiat\u00f6rv\u00e9nyt, amelyet azonban ellenz\u00e9ki oldalon elutas\u00edtanak.<!--more--><\/strong><\/p>\n<p>Az eln\u00f6ki hivatal honlapj\u00e1n megjelent k\u00f6zlem\u00e9ny szerint az \u00e1llamf\u0151 azt a parlamenti hat\u00e1rozatot is al\u00e1\u00edrta, amely semmisnek nyilv\u00e1n\u00edtja a janu\u00e1r 16-\u00e1n elfogadott, a gy\u00fclekez\u00e9si, sz\u00f3l\u00e1s- \u00e9s sajt\u00f3szabads\u00e1got jelent\u0151sen korl\u00e1toz\u00f3 t\u00f6rv\u00e9nyek t\u00f6bbs\u00e9g\u00e9t.<br \/>\nAz amnesztiat\u00f6rv\u00e9ny elfogadott v\u00e1ltozata szerint a b\u00e9k\u00e9s tiltakoz\u00e1sok r\u00e9sztvev\u0151i csak akkor nyerik vissza szabads\u00e1gukat, illetve mentes\u00fclnek a felel\u0151ss\u00e9gre von\u00e1s al\u00f3l, ha a t\u00fcntet\u0151k el\u0151bb szabadd\u00e1 teszik az elfoglalt k\u00f6zigazgat\u00e1si \u00e9p\u00fcleteket, biztos\u00edtj\u00e1k az ott dolgoz\u00f3k munk\u00e1j\u00e1nak zavartalan folytat\u00e1s\u00e1t, \u00e9s elbontj\u00e1k barik\u00e1djaikat.<br \/>\nEllenz\u00e9ki vezet\u0151k ezt m\u00e9g a t\u00f6rv\u00e9ny megszavaz\u00e1s\u00e1nak napj\u00e1n, szerd\u00e1n elfogadhatatlannak nevezt\u00e9k, \u00e9s a t\u00fcntet\u00e9sek folytat\u00e1s\u00e1ra sz\u00f3l\u00edtott\u00e1k fel h\u00edveiket. A jogszab\u00e1lyt t\u00faszt\u00f6rv\u00e9nynek titul\u00e1lt\u00e1k, elutas\u00edtva, hogy &#8222;embereket \u00e9p\u00fcletekre cser\u00e9ljenek ki&#8221;.<br \/>\nAz amnesztiat\u00f6rv\u00e9ny el\u0151\u00edrja minden olyan k\u00f6zter\u00fclet szabadd\u00e1 t\u00e9tel\u00e9t a k\u00f6zleked\u00e9s sz\u00e1m\u00e1ra, amelyen nem folynak b\u00e9k\u00e9s t\u00f6megmegmozdul\u00e1sok. K\u00fcl\u00f6n kiemeli a k\u00f6zleked\u00e9s helyre\u00e1ll\u00edt\u00e1s\u00e1t, azaz a barik\u00e1dok elbont\u00e1s\u00e1t az ut\u00f3bbi id\u0151k \u00f6sszecsap\u00e1sainak helysz\u00edn\u00e9v\u00e9 v\u00e1lt kijevi Hrusevszkij utc\u00e1n. A Majdan (F\u00fcggetlens\u00e9g tere) t\u00fcntet\u0151inek &#8222;ellen\u00e1ll\u00e1si&#8221; parancsoks\u00e1g\u00e1n cs\u00fct\u00f6rt\u00f6k\u00f6n lesz\u00f6gezt\u00e9k, hogy ezt nem fogj\u00e1k teljes\u00edteni.<br \/>\nA jogszab\u00e1ly a kihirdet\u00e9st k\u00f6vet\u0151 napon l\u00e9p hat\u00e1lyba. Az amnesztia viszont csak azut\u00e1n, ha a f\u0151\u00fcgy\u00e9szs\u00e9g a honlapj\u00e1n k\u00f6zz\u00e9tette, hogy a t\u00fcntet\u0151k teljes\u00edtett\u00e9k a szabott felt\u00e9teleket. Ha ez nem t\u00f6rt\u00e9nik meg a kihirdet\u00e9st k\u00f6vet\u0151 15 napon bel\u00fcl, nem lesz amnesztia.<br \/>\nA Janukovics \u00e1ltal szint\u00e9n al\u00e1\u00edrt keddi parlamenti hat\u00e1rozatban a janu\u00e1r 16-\u00e1n elfogadott tizenegy jogszab\u00e1ly k\u00f6z\u00fcl azt a kilencet helyezt\u00e9k hat\u00e1lyon k\u00edv\u00fcl, amelyeket a k\u00e9pvisel\u0151k gyors\u00edtott menetben &#8211; az ellenz\u00e9k szerint h\u00e1zszab\u00e1lyellenesen -, k\u00e9zfelemel\u00e9ssel szavaztak meg.<br \/>\nA gy\u00fclekez\u00e9seket dr\u00e1k\u00f3i szigorral korl\u00e1toz\u00f3 t\u00f6rv\u00e9nyek tartalma \u00e9s elfogad\u00e1suk m\u00f3dja k\u00f6zfelh\u00e1borod\u00e1st v\u00e1ltott ki a ukr\u00e1n t\u00e1rsadalomban, s janu\u00e1r 19-\u00e9n az addig b\u00e9k\u00e9s ellenz\u00e9ki tiltakoz\u00e1sok \u00f6sszecsap\u00e1sokba fordultak \u00e1t. Utcai harcok kezd\u0151dtek a t\u00fcntet\u0151k \u00e9s a rohamrend\u0151r\u00f6k k\u00f6z\u00f6tt a Majdant\u00f3l (F\u00fcggetlens\u00e9g ter\u00e9t\u0151l) nem messze, a korm\u00e1nynegyedben l\u00e9v\u0151 Hrusevszkij utc\u00e1ban. Az \u00f6sszecsap\u00e1soknak t\u00f6bb sz\u00e1z s\u00e9r\u00fcltje \u00e9s k\u00fcl\u00f6nb\u00f6z\u0151 forr\u00e1sok szerint 5-7 hal\u00e1los \u00e1ldozata volt. Legal\u00e1bb k\u00e9t t\u00fcntet\u0151 hal\u00e1l\u00e1t l\u0151tt sebek okozt\u00e1k, a bel\u00fcgyminiszt\u00e9rium azonban tagadja, hogy a rend\u0151r\u00f6k l\u0151fegyvert haszn\u00e1ltak volna.<br \/>\nA korm\u00e1nynegyedben jelenleg nyugodt a helyzet, a h\u00e9t eleje \u00f3ta &#8222;fegyversz\u00fcnet&#8221; van a t\u00fcntet\u0151k \u00e9s a rendv\u00e9delmi er\u0151k k\u00f6z\u00f6tt.<br \/>\nA kedden \u00e9rv\u00e9nytelen\u00edtett t\u00f6rv\u00e9nyek k\u00f6z\u00fcl a parlament az\u00f3ta n\u00e9gyet, g\u00e9pi szavaz\u00e1ssal \u00fajra elfogadott, s az ellenz\u00e9k ezek ellen nem emelt kifog\u00e1st. P\u00e9nteken Janukovics ezt a n\u00e9gy t\u00f6rv\u00e9nyt is al\u00e1\u00edrta.(MTI)<\/p>\n","protected":false},"excerpt":{"rendered":"<p>Viktor Janukovics ukr\u00e1n eln\u00f6k p\u00e9nteken al\u00e1\u00edrta a korm\u00e1nyp\u00e1rti k\u00e9pvisel\u0151k \u00e1ltal megszavazott amnesztiat\u00f6rv\u00e9nyt, amelyet azonban ellenz\u00e9ki oldalon elutas\u00edtanak.<\/p>\n","protected":false},"author":1,"featured_media":0,"comment_status":"open","ping_status":"closed","sticky":false,"template":"","format":"standard","meta":[],"categories":[12,139],"tags":[],"_links":{"self":[{"href":"https:\/\/gazdasagportal.hu\/index.php\/wp-json\/wp\/v2\/posts\/26517"}],"collection":[{"href":"https:\/\/gazdasagportal.hu\/index.php\/wp-json\/wp\/v2\/posts"}],"about":[{"href":"https:\/\/gazdasagportal.hu\/index.php\/wp-json\/wp\/v2\/types\/post"}],"author":[{"embeddable":true,"href":"https:\/\/gazdasagportal.hu\/index.php\/wp-json\/wp\/v2\/users\/1"}],"replies":[{"embeddable":true,"href":"https:\/\/gazdasagportal.hu\/index.php\/wp-json\/wp\/v2\/comments?post=26517"}],"version-history":[{"count":2,"href":"https:\/\/gazdasagportal.hu\/index.php\/wp-json\/wp\/v2\/posts\/26517\/revisions"}],"predecessor-version":[{"id":26543,"href":"https:\/\/gazdasagportal.hu\/index.php\/wp-json\/wp\/v2\/posts\/26517\/revisions\/26543"}],"wp:attachment":[{"href":"https:\/\/gazdasagportal.hu\/index.php\/wp-json\/wp\/v2\/media?parent=26517"}],"wp:term":[{"taxonomy":"category","embeddable":true,"href":"https:\/\/gazdasagportal.hu\/index.php\/wp-json\/wp\/v2\/categories?post=26517"},{"taxonomy":"post_tag","embeddable":true,"href":"https:\/\/gazdasagportal.hu\/index.php\/wp-json\/wp\/v2\/tags?post=26517"}],"curies":[{"name":"wp","href":"https:\/\/api.w.org\/{rel}","templated":true}]}}