{"id":26515,"date":"2014-01-31T14:50:46","date_gmt":"2014-01-31T13:50:46","guid":{"rendered":"http:\/\/stockportal.hu\/?p=26515"},"modified":"2014-01-31T14:50:46","modified_gmt":"2014-01-31T13:50:46","slug":"mccain-az-egyesult-allamok-elkotelezett-szovetsegese-es-baratja-marad-magyarorszagnak","status":"publish","type":"post","link":"https:\/\/gazdasagportal.hu\/index.php\/mccain-az-egyesult-allamok-elkotelezett-szovetsegese-es-baratja-marad-magyarorszagnak\/","title":{"rendered":"McCain: az Egyes\u00fclt \u00c1llamok elk\u00f6telezett sz\u00f6vets\u00e9gese \u00e9s bar\u00e1tja marad Magyarorsz\u00e1gnak"},"content":{"rendered":"<p><strong>John McCain amerikai szen\u00e1tor p\u00e9nteken tal\u00e1lkozott Orb\u00e1n Viktor minisztereln\u00f6kkel \u00e9s ellenz\u00e9ki politikusokkal, akiket biztos\u00edtott arr\u00f3l, hogy az Egyes\u00fclt \u00c1llamok elk\u00f6telezett sz\u00f6vets\u00e9gese \u00e9s bar\u00e1tja marad Magyarorsz\u00e1gnak &#8211; err\u0151l maga a szen\u00e1tor sz\u00e1molt be a belv\u00e1rosi Bank Centerben tartott sajt\u00f3t\u00e1j\u00e9koztat\u00f3n.<!--more--><\/strong><\/p>\n<p>A washingtoni k\u00e9tp\u00e1rti kongresszusi deleg\u00e1ci\u00f3 \u00e9l\u00e9n eur\u00f3pai k\u00f6r\u00faton lev\u0151 John McCain &#8211; aki h\u00e1rom szen\u00e1tor- \u00e9s hat k\u00e9pvisel\u0151t\u00e1rs\u00e1val egy\u00fctt t\u00e1j\u00e9koztatott az egynapos budapesti l\u00e1togat\u00e1sr\u00f3l &#8211; azt mondta: a magyarorsz\u00e1gi demokr\u00e1cia \u00e1llapot\u00e1val Magyarorsz\u00e1gon bel\u00fcl \u00e9s k\u00edv\u00fcl is agg\u00e1lyok mer\u00fcltek fel, \u00e9s n\u00e9h\u00e1ny agg\u00e1ly s\u00falyos.<br \/>\nEzeket a gondokat a magyaroknak demokratikus \u00faton meg kell oldaniuk. Az orsz\u00e1g demokratikus int\u00e9zm\u00e9nyeinek, a f\u00e9kek \u00e9s ellens\u00falyok rendszer\u00e9nek, a jog\u00e1llamis\u00e1gnak el\u00e9g er\u0151snek kell lenni\u00fck ahhoz, hogy t\u00e1maszul szolg\u00e1lhassanak ebben a folyamatban &#8211; mondta az arizonai szen\u00e1tor.(MTI)<\/p>\n","protected":false},"excerpt":{"rendered":"<p>John McCain amerikai szen\u00e1tor p\u00e9nteken tal\u00e1lkozott Orb\u00e1n Viktor minisztereln\u00f6kkel \u00e9s ellenz\u00e9ki politikusokkal, akiket biztos\u00edtott arr\u00f3l, hogy az Egyes\u00fclt \u00c1llamok elk\u00f6telezett sz\u00f6vets\u00e9gese \u00e9s bar\u00e1tja marad Magyarorsz\u00e1gnak &#8211; err\u0151l maga a szen\u00e1tor sz\u00e1molt be a belv\u00e1rosi Bank Centerben tartott sajt\u00f3t\u00e1j\u00e9koztat\u00f3n.<\/p>\n","protected":false},"author":1,"featured_media":0,"comment_status":"open","ping_status":"closed","sticky":false,"template":"","format":"standard","meta":[],"categories":[19],"tags":[],"_links":{"self":[{"href":"https:\/\/gazdasagportal.hu\/index.php\/wp-json\/wp\/v2\/posts\/26515"}],"collection":[{"href":"https:\/\/gazdasagportal.hu\/index.php\/wp-json\/wp\/v2\/posts"}],"about":[{"href":"https:\/\/gazdasagportal.hu\/index.php\/wp-json\/wp\/v2\/types\/post"}],"author":[{"embeddable":true,"href":"https:\/\/gazdasagportal.hu\/index.php\/wp-json\/wp\/v2\/users\/1"}],"replies":[{"embeddable":true,"href":"https:\/\/gazdasagportal.hu\/index.php\/wp-json\/wp\/v2\/comments?post=26515"}],"version-history":[{"count":1,"href":"https:\/\/gazdasagportal.hu\/index.php\/wp-json\/wp\/v2\/posts\/26515\/revisions"}],"predecessor-version":[{"id":26516,"href":"https:\/\/gazdasagportal.hu\/index.php\/wp-json\/wp\/v2\/posts\/26515\/revisions\/26516"}],"wp:attachment":[{"href":"https:\/\/gazdasagportal.hu\/index.php\/wp-json\/wp\/v2\/media?parent=26515"}],"wp:term":[{"taxonomy":"category","embeddable":true,"href":"https:\/\/gazdasagportal.hu\/index.php\/wp-json\/wp\/v2\/categories?post=26515"},{"taxonomy":"post_tag","embeddable":true,"href":"https:\/\/gazdasagportal.hu\/index.php\/wp-json\/wp\/v2\/tags?post=26515"}],"curies":[{"name":"wp","href":"https:\/\/api.w.org\/{rel}","templated":true}]}}