{"id":26510,"date":"2014-01-31T14:31:06","date_gmt":"2014-01-31T13:31:06","guid":{"rendered":"http:\/\/stockportal.hu\/?p=26510"},"modified":"2014-01-31T15:54:52","modified_gmt":"2014-01-31T14:54:52","slug":"brit-francia-csucs-hollande-nem-surgos-az-eu-szerzodesek-atirasa","status":"publish","type":"post","link":"https:\/\/gazdasagportal.hu\/index.php\/brit-francia-csucs-hollande-nem-surgos-az-eu-szerzodesek-atirasa\/","title":{"rendered":"Brit-francia cs\u00facs &#8211; Hollande: &#8222;nem s\u00fcrg\u0151s az EU-szerz\u0151d\u00e9sek \u00e1t\u00edr\u00e1sa&#8221;"},"content":{"rendered":"<p><strong>Franciaorsz\u00e1g &#8222;nem tartja s\u00fcrget\u0151 feladatnak&#8221; az Eur\u00f3pai Uni\u00f3 m\u0171k\u00f6d\u00e9s\u00e9t szab\u00e1lyoz\u00f3 szerz\u0151d\u00e9sek \u00e1t\u00edr\u00e1s\u00e1t &#8211; mondta p\u00e9nteken Nagy-Britanni\u00e1ban a francia eln\u00f6k.<!--more--><\/strong><\/p>\n<p>Francois Hollande, aki egynapos l\u00e1togat\u00e1sa sor\u00e1n David Cameron brit minisztereln\u00f6kkel t\u00e1rgyalt a brit kir\u00e1lyi l\u00e9gier\u0151 legnagyobb &#8211; a d\u00e9l-angliai Brize Norton mellett m\u0171k\u00f6d\u0151 &#8211; t\u00e1maszpontj\u00e1n, a hivatalos megbesz\u00e9l\u00e9sek ut\u00e1ni k\u00f6z\u00f6s sajt\u00f3t\u00e1j\u00e9koztat\u00f3n kijelentette: a francia korm\u00e1ny hat\u00e9konyabb\u00e1 k\u00edv\u00e1nja tenni Eur\u00f3p\u00e1t, \u00e9s azt is szeretn\u00e9, ha az eur\u00f3\u00f6vezet a jelenlegin\u00e9l \u00f6sszehangoltabban \u00e9s integr\u00e1ltabban m\u0171k\u00f6dne. Franciaorsz\u00e1g azonban \u00fagy gondolja, hogy &#8222;jelen pillanatban nem els\u0151dleges fontoss\u00e1g\u00fa&#8221; az EU-szerz\u0151d\u00e9sek fel\u00fclvizsg\u00e1lata &#8211; tette hozz\u00e1.<br \/>\nCameron ugyanakkor ny\u00edltan szembeszeg\u00fclt a francia eln\u00f6k e v\u00e9lem\u00e9ny\u00e9vel. A brit korm\u00e1nyf\u0151 k\u00f6z\u00f6lte, hogy London v\u00e1ltozatlanul az EU-hoz f\u0171z\u0151d\u0151 viszony\u00e1nak \u00fajrat\u00e1rgyal\u00e1s\u00e1ra t\u00f6rekszik, \u00e9s a t\u00e1rgyal\u00e1sok r\u00e9sze lesz az EU-szerz\u0151d\u00e9sek egyes elemeinek m\u00f3dos\u00edt\u00e1sa is.<br \/>\nCameron meger\u0151s\u00edtette, hogy e t\u00e1rgyal\u00e1sok ut\u00e1n a brit korm\u00e1ny 2017-ig n\u00e9pszavaz\u00e1st \u00edr ki Nagy-Britannia EU-tags\u00e1g\u00e1nak j\u00f6v\u0151j\u00e9r\u0151l. A brit minisztereln\u00f6k k\u00fcl\u00f6n \u00e9s nyomat\u00e9kosan hangs\u00falyozta: a referendumon egy\u00e9rtelm\u0171en arr\u00f3l kell majd d\u00f6nteni\u00fck a brit v\u00e1laszt\u00f3knak, hogy Nagy-Britannia az EU tagja maradjon-e, vagy kil\u00e9pjen az uni\u00f3b\u00f3l.<br \/>\nHollande a sajt\u00f3t\u00e1j\u00e9koztat\u00f3n erre kijelentette, hogy Franciaorsz\u00e1g tov\u00e1bbra is az Eur\u00f3pai Uni\u00f3ban szeretn\u00e9 tudni Nagy-Britanni\u00e1t, \u00e1m Londonnak &#8222;minden joga megvan&#8221; arra, hogy n\u00e9pszavaz\u00e1st \u00edrjon ki err\u0151l. A francia eln\u00f6k alig burkolt utal\u00e1st tett arra, hogy a brit \u00e1ll\u00e1spontot elszigeteltnek tartja, kijelentve: nem v\u00e1rhat\u00f3 el, hogy &#8222;egyetlen&#8221; eur\u00f3pai orsz\u00e1g p\u00e9ld\u00e1ja meghat\u00e1rozza az \u00f6sszes t\u00f6bbi EU-tag\u00e1llam sors\u00e1t.<br \/>\nCameron tavaly jelentette be, hogy ha a Konzervat\u00edv P\u00e1rt a 2015-\u00f6s parlamenti v\u00e1laszt\u00e1sok ut\u00e1n is korm\u00e1nyon marad, a brit v\u00e1laszt\u00f3k a k\u00f6vetkez\u0151 parlamenti ciklus els\u0151 fel\u00e9ben &#8211; v\u00e1rhat\u00f3an 2017-ben &#8211; n\u00e9pszavaz\u00e1son d\u00f6nthetnek a brit uni\u00f3s tags\u00e1g fenntart\u00e1s\u00e1r\u00f3l vagy Nagy-Britannia kil\u00e9p\u00e9s\u00e9r\u0151l. A brit minisztereln\u00f6k \u00edg\u00e9rete szerint a brit korm\u00e1ny addig megpr\u00f3b\u00e1lja \u00fajrat\u00e1rgyalni az EU-hoz f\u0171z\u0151d\u0151 viszonyrendszer\u00e9t az Eur\u00f3pai Bizotts\u00e1ggal. A c\u00e9l azoknak a d\u00f6nt\u00e9si jogk\u00f6r\u00f6knek a &#8222;hazatelep\u00edt\u00e9se&#8221;, amelyek London meg\u00edt\u00e9l\u00e9se szerint nem uni\u00f3s, hanem tag\u00e1llami hat\u00e1sk\u00f6rbe tartoznak.<br \/>\nA n\u00e9pszavaz\u00e1s arr\u00f3l sz\u00f3lna, hogy az el\u00e9rt &#8211; vagy el nem \u00e9rt &#8211; eredm\u00e9nyek alapj\u00e1n a brit v\u00e1laszt\u00f3k tov\u00e1bbra is az EU tagjai k\u00f6z\u00f6tt szeretn\u00e9k-e l\u00e1tni haz\u00e1jukat. Londoni elemz\u0151i v\u00e9lem\u00e9nyek szerint azonban a Cameron \u00e1ltal c\u00e9lk\u00e9nt megjel\u00f6lt uni\u00f3s v\u00e1ltoztat\u00e1soknak vajmi kev\u00e9s es\u00e9ly\u00fck van, ha azokat Franciaorsz\u00e1g nem t\u00e1mogatja.<br \/>\nLondon \u00e9s P\u00e1rizs kev\u00e9ss\u00e9 bar\u00e1ts\u00e1gos viszony\u00e1nak m\u00e1r Cameron \u00e9s Hollande egy\u00e9rtelm\u0171en fesz\u00fclt hangulat\u00fa p\u00e9nteki angliai sajt\u00f3t\u00e1j\u00e9koztat\u00f3ja el\u0151tt is l\u00e1tv\u00e1nyos jelei mutatkoztak. A brit sajt\u00f3 francia korm\u00e1nyillet\u00e9kesekre hivatkoz\u00f3 &#8211; b\u00e1r hivatalosan mindk\u00e9t f\u0151v\u00e1rosban c\u00e1folt &#8211; \u00e9rtes\u00fcl\u00e9sei szerint P\u00e1rizs a p\u00e9nteki cs\u00facstal\u00e1lkoz\u00f3 elhalaszt\u00e1s\u00e1t is fontol\u00f3ra vette, miut\u00e1n a korm\u00e1nyz\u00f3 brit Konzervat\u00edv P\u00e1rt eln\u00f6ke, Grant Shapps a The Daily Telegraph c\u00edm\u0171 tekint\u00e9lyes konzervat\u00edv brit napilapnak nemr\u00e9giben kijelentette, hogy Francois Hollande vezet\u00e9se alatt a francia gazdas\u00e1g &#8222;egy\u00e9rtelm\u0171en fut\u00f3homokba ragadt&#8221;.<br \/>\nA p\u00e9nteki Financial Times ugyanakkor felid\u00e9zi Laurent Fabius francia k\u00fcl\u00fcgyminiszter m\u00falt heti &#8211; Londonban rendk\u00edv\u00fcli visszatetsz\u00e9ssel fogadott &#8211; megjegyz\u00e9s\u00e9t, miszerint &#8222;ha brit bar\u00e1taink szerencs\u00e9tlen m\u00f3don az EU elhagy\u00e1sa mellett d\u00f6ntenek, mi v\u00f6r\u00f6s sz\u0151nyeggel v\u00e1rjuk a brit v\u00e1llalatokat&#8221;. Cameron nem sokkal kor\u00e1bban ugyanilyen &#8222;v\u00f6r\u00f6s sz\u0151nyeges&#8221; fogadtat\u00e1st helyezett kil\u00e1t\u00e1sba azoknak a francia v\u00e1llalkoz\u00e1soknak, amelyek Hollande ad\u00f3ztat\u00e1si politik\u00e1ja miatt k\u00edv\u00e1nn\u00e1nak Nagy-Britanni\u00e1ba telep\u00fclni.(MTI)<\/p>\n","protected":false},"excerpt":{"rendered":"<p>Franciaorsz\u00e1g &#8222;nem tartja s\u00fcrget\u0151 feladatnak&#8221; az Eur\u00f3pai Uni\u00f3 m\u0171k\u00f6d\u00e9s\u00e9t szab\u00e1lyoz\u00f3 szerz\u0151d\u00e9sek \u00e1t\u00edr\u00e1s\u00e1t &#8211; mondta p\u00e9nteken Nagy-Britanni\u00e1ban a francia eln\u00f6k.<\/p>\n","protected":false},"author":1,"featured_media":0,"comment_status":"open","ping_status":"closed","sticky":false,"template":"","format":"standard","meta":[],"categories":[12],"tags":[],"_links":{"self":[{"href":"https:\/\/gazdasagportal.hu\/index.php\/wp-json\/wp\/v2\/posts\/26510"}],"collection":[{"href":"https:\/\/gazdasagportal.hu\/index.php\/wp-json\/wp\/v2\/posts"}],"about":[{"href":"https:\/\/gazdasagportal.hu\/index.php\/wp-json\/wp\/v2\/types\/post"}],"author":[{"embeddable":true,"href":"https:\/\/gazdasagportal.hu\/index.php\/wp-json\/wp\/v2\/users\/1"}],"replies":[{"embeddable":true,"href":"https:\/\/gazdasagportal.hu\/index.php\/wp-json\/wp\/v2\/comments?post=26510"}],"version-history":[{"count":2,"href":"https:\/\/gazdasagportal.hu\/index.php\/wp-json\/wp\/v2\/posts\/26510\/revisions"}],"predecessor-version":[{"id":26527,"href":"https:\/\/gazdasagportal.hu\/index.php\/wp-json\/wp\/v2\/posts\/26510\/revisions\/26527"}],"wp:attachment":[{"href":"https:\/\/gazdasagportal.hu\/index.php\/wp-json\/wp\/v2\/media?parent=26510"}],"wp:term":[{"taxonomy":"category","embeddable":true,"href":"https:\/\/gazdasagportal.hu\/index.php\/wp-json\/wp\/v2\/categories?post=26510"},{"taxonomy":"post_tag","embeddable":true,"href":"https:\/\/gazdasagportal.hu\/index.php\/wp-json\/wp\/v2\/tags?post=26510"}],"curies":[{"name":"wp","href":"https:\/\/api.w.org\/{rel}","templated":true}]}}