{"id":26508,"date":"2014-01-31T14:16:31","date_gmt":"2014-01-31T13:16:31","guid":{"rendered":"http:\/\/stockportal.hu\/?p=26508"},"modified":"2014-01-31T14:16:31","modified_gmt":"2014-01-31T13:16:31","slug":"kulfoldi-sajto-magyarorszagrol-economist-cikk-az-emlekmurol-faz-a-forint-arfolyamarol","status":"publish","type":"post","link":"https:\/\/gazdasagportal.hu\/index.php\/kulfoldi-sajto-magyarorszagrol-economist-cikk-az-emlekmurol-faz-a-forint-arfolyamarol\/","title":{"rendered":"K\u00fclf\u00f6ldi sajt\u00f3 Magyarorsz\u00e1gr\u00f3l &#8211; Economist-cikk az eml\u00e9km\u0171r\u0151l, FAZ a forint \u00e1rfolyam\u00e1r\u00f3l"},"content":{"rendered":"<p><strong>A n\u00e9met megsz\u00e1ll\u00e1s \u00e9vfordul\u00f3j\u00e1ra tervezett budapesti eml\u00e9km\u0171r\u0151l k\u00f6z\u00f6l cikket a The Economist p\u00e9nteken megjelent \u00faj kiad\u00e1sa, a Frankfurter Allgemeine Zeitung c\u00edm\u0171 n\u00e9met lap pedig a forint \u00e1rfolyam\u00e1nak alakul\u00e1s\u00e1t elemezte.<!--more--><\/strong><\/p>\n<p>A brit gazdas\u00e1gi-politikai foly\u00f3irat szerint &#8222;rosszul indult&#8221; a magyar korm\u00e1ny \u00e1ltal meghirdetett holokauszt eml\u00e9k\u00e9v. A lap ezzel kapcsolatban felid\u00e9zi, hogy Randolph L. Braham, a New York-i Egyetem t\u00f6rt\u00e9n\u00e9sze, a magyar holokauszt kutat\u00f3ja visszaadta kit\u00fcntet\u00e9s\u00e9t, amelyet egy &#8222;el\u0151z\u0151 (magyar) eln\u00f6kt\u0151l kapott&#8221;.<br \/>\nA magyar zsid\u00f3 vezet\u0151ket is meglepte, hogy a tervezett szobor \u00fcgy\u00e9ben nem voltak t\u00e1rgyal\u00e1sok. Erre a legjobb magyar\u00e1zat az, hogy \u00e1prilis 6-\u00e1n, az eml\u00e9km\u0171 felavat\u00e1sa ut\u00e1n nem sokkal parlamenti v\u00e1laszt\u00e1sokat tartanak Magyarorsz\u00e1gon. A Fidesz vezet ugyan a k\u00f6zv\u00e9lem\u00e9ny-kutat\u00e1si adatok szerint, de mivel sok v\u00e1laszt\u00f3 m\u00e9g nem d\u00f6nt\u00f6tt, a p\u00e1rt gy\u0151zelme nem bizonyos. Az \u00faj szobrot a Jobbik \u00fcdv\u00f6z\u00f6lte, a Fidesz vezet\u0151i viszont azt szeretn\u00e9k, ha a Jobbik-szavaz\u00f3k \u00e1tp\u00e1rtoln\u00e1nak a Fideszhez. El\u0151seg\u00edtheti a Jobbik szavaz\u00f3inak megnyer\u00e9s\u00e9t, ha Magyarorsz\u00e1got a n\u00e1cik \u00e1rtatlan \u00e1ldozat\u00e1nak, nem pedig k\u00e9szs\u00e9ges sz\u00f6vets\u00e9ges\u00e9nek \u00e1ll\u00edtj\u00e1k be &#8211; \u00edrja a The Economist.<br \/>\n<a title=\"Hely megnyit\u00e1sa\" href=\"http:\/\/www.economist.com\/news\/europe\/21595515-row-about-statue-reignites-controversy-over-nazi-occupation-statue-limitations\" target=\"_blank\" rel=\"noopener\">http:\/\/www.economist.com\/news\/europe\/21595515-row-about-statue-reignites-controversy-over-nazi-occupation-statue-limitations<\/a><br \/>\nA Frankfurter Allgemeine Zeitung (FAZ) c\u00edm\u0171 n\u00e9met konzervat\u00edv lap a forint \u00e1rfolyam\u00e1nak alakul\u00e1s\u00e1r\u00f3l k\u00f6z\u00f6lt cikket online kiad\u00e1s\u00e1ban, \u00e9s a p\u00e9nteki sz\u00e1m\u00e1ban megjelent devizapiaci besz\u00e1mol\u00f3ban is \u00edrt a forintr\u00f3l.<br \/>\nA FAZ online kiad\u00e1s\u00e1ban A billeg\u0151 jel\u00f6lt c\u00edmmel k\u00f6z\u00f6lt \u00edr\u00e1sban a szerz\u0151, Martin Hock az ut\u00f3bbi napok devizapiaci esem\u00e9nyeit a felt\u00f6rekv\u0151 gazdas\u00e1gok fizet\u0151eszk\u00f6zeinek szempontj\u00e1b\u00f3l \u00f6sszefoglalva megjegyezte, hogy a cs\u00fct\u00f6rt\u00f6ki kincst\u00e1rjegy-aukci\u00f3 tapasztalatai alapj\u00e1n megfigyel\u0151k \u00fagy v\u00e9lekedtek, k\u00fcsz\u00f6b\u00f6n \u00e1llhat egy spekul\u00e1ci\u00f3s t\u00e1mad\u00e1s a forint ellen.<br \/>\nA Magyar Nemzeti Bank (MNB) tov\u00e1bbra is &#8222;pr\u00f3b\u00e1l \u00faszni az \u00e1rral szemben&#8221; &#8211; tette hozz\u00e1.<br \/>\nA gyenge forint t\u00e1mogatja az exportot, de az MNB laza monet\u00e1ris politik\u00e1ja &#8222;spekulat\u00edv t\u00e1mad\u00e1sokra cs\u00e1b\u00edt&#8221; &#8211; \u00edrta a FAZ szerz\u0151je.<br \/>\nKifejtette: Magyarorsz\u00e1g kiker\u00fclt a p\u00e9nzpiacok f\u00f3kusz\u00e1b\u00f3l, nem utols\u00f3sorban az unortodox korm\u00e1nyzati politika miatt, amely &#8222;elrettent\u0151en hat&#8221;, hiszen arra lehet sz\u00e1m\u00edtani, hogy a korm\u00e1ny megtesz b\u00e1rmely\u00a0\u00a0&#8222;diszkrecion\u00e1lis int\u00e9zked\u00e9st&#8221;, amely kock\u00e1zatoss\u00e1 teszi a spekul\u00e1ci\u00f3t.<br \/>\n&#8222;M\u00e1s k\u00e9rd\u00e9s, hogy ez a politika vajon szolg\u00e1lja-e Magyarorsz\u00e1g jav\u00e1t&#8221; &#8211; tette hozz\u00e1.<br \/>\n<a title=\"Hely megnyit\u00e1sa\" href=\"http:\/\/www.faz.net\/aktuell\/finanzen\/devisen-rohstoffe\/devisenmarkt-wackelkandidat-forint-12777363.html\" target=\"_blank\" rel=\"noopener\">http:\/\/www.faz.net\/aktuell\/finanzen\/devisen-rohstoffe\/devisenmarkt-wackelkandidat-forint-12777363.html<\/a><br \/>\nA FAZ nyomtatott kiad\u00e1s\u00e1ban A befektet\u0151k mindig \u00fajabb \u00e1ldozatokat keresnek c\u00edmmel jelent meg cikk Hanno Musslert\u0151l, aki \u00edr\u00e1sa alc\u00edm\u00e9ben kiemelte, hogy &#8222;hirtelen le\u00e9rt\u00e9kel\u0151d\u00e9si nyom\u00e1s al\u00e1 ker\u00fclt a magyar forint&#8221;. \u00dagy v\u00e9lte, hogy az MNB kamatcs\u00f6kkent\u00e9si sorozata miatt egyes befektet\u0151k m\u00e1s kelet-eur\u00f3pai orsz\u00e1gokhoz k\u00e9pest t\u00fal alacsonynak tal\u00e1lj\u00e1k a magyar kock\u00e1zati pr\u00e9miumot. Hozz\u00e1tette: &#8222;a Magyarorsz\u00e1g elleni spekul\u00e1ci\u00f3val a befektet\u0151k meglep\u0151 m\u00f3don egy olyan orsz\u00e1got p\u00e9c\u00e9ztek ki, amelynek foly\u00f3 fizet\u00e9si m\u00e9rlege t\u00f6bbletet mutat&#8221;.(MTI)<\/p>\n","protected":false},"excerpt":{"rendered":"<p>A n\u00e9met megsz\u00e1ll\u00e1s \u00e9vfordul\u00f3j\u00e1ra tervezett budapesti eml\u00e9km\u0171r\u0151l k\u00f6z\u00f6l cikket a The Economist p\u00e9nteken megjelent \u00faj kiad\u00e1sa, a Frankfurter Allgemeine Zeitung c\u00edm\u0171 n\u00e9met lap pedig a forint \u00e1rfolyam\u00e1nak alakul\u00e1s\u00e1t elemezte.<\/p>\n","protected":false},"author":1,"featured_media":0,"comment_status":"open","ping_status":"closed","sticky":false,"template":"","format":"standard","meta":[],"categories":[19],"tags":[],"_links":{"self":[{"href":"https:\/\/gazdasagportal.hu\/index.php\/wp-json\/wp\/v2\/posts\/26508"}],"collection":[{"href":"https:\/\/gazdasagportal.hu\/index.php\/wp-json\/wp\/v2\/posts"}],"about":[{"href":"https:\/\/gazdasagportal.hu\/index.php\/wp-json\/wp\/v2\/types\/post"}],"author":[{"embeddable":true,"href":"https:\/\/gazdasagportal.hu\/index.php\/wp-json\/wp\/v2\/users\/1"}],"replies":[{"embeddable":true,"href":"https:\/\/gazdasagportal.hu\/index.php\/wp-json\/wp\/v2\/comments?post=26508"}],"version-history":[{"count":1,"href":"https:\/\/gazdasagportal.hu\/index.php\/wp-json\/wp\/v2\/posts\/26508\/revisions"}],"predecessor-version":[{"id":26509,"href":"https:\/\/gazdasagportal.hu\/index.php\/wp-json\/wp\/v2\/posts\/26508\/revisions\/26509"}],"wp:attachment":[{"href":"https:\/\/gazdasagportal.hu\/index.php\/wp-json\/wp\/v2\/media?parent=26508"}],"wp:term":[{"taxonomy":"category","embeddable":true,"href":"https:\/\/gazdasagportal.hu\/index.php\/wp-json\/wp\/v2\/categories?post=26508"},{"taxonomy":"post_tag","embeddable":true,"href":"https:\/\/gazdasagportal.hu\/index.php\/wp-json\/wp\/v2\/tags?post=26508"}],"curies":[{"name":"wp","href":"https:\/\/api.w.org\/{rel}","templated":true}]}}