{"id":26407,"date":"2014-01-30T17:40:59","date_gmt":"2014-01-30T16:40:59","guid":{"rendered":"http:\/\/stockportal.hu\/?p=26407"},"modified":"2014-02-11T16:11:02","modified_gmt":"2014-02-11T15:11:02","slug":"ukrajnai-tuntetesek-janukovics-a-vezetes-mindent-megtett-a-valsag-rendezesere","status":"publish","type":"post","link":"https:\/\/gazdasagportal.hu\/index.php\/ukrajnai-tuntetesek-janukovics-a-vezetes-mindent-megtett-a-valsag-rendezesere\/","title":{"rendered":"Ukrajnai t\u00fcntet\u00e9sek &#8211; Janukovics: a vezet\u00e9s mindent megtett a v\u00e1ls\u00e1g rendez\u00e9s\u00e9re"},"content":{"rendered":"<p><strong>Ukrajna vezet\u00e9se teljes\u00edtette minden v\u00e1llalt k\u00f6telezetts\u00e9g\u00e9t a politikai v\u00e1ls\u00e1g rendez\u00e9se \u00e9rdek\u00e9ben, az ellenz\u00e9k azonban tov\u00e1bb \u00e9lezi a helyzetet &#8211; jelentette ki Viktor Janukovics eln\u00f6k.<!--more--><\/strong><\/p>\n<p>Az ukr\u00e1n \u00e1llampolg\u00e1rokhoz int\u00e9zett \u00fczenet\u00e9ben, amely cs\u00fct\u00f6rt\u00f6k\u00f6n jelent meg az \u00e1llamf\u0151 honlapj\u00e1n, Janukovics felh\u00edvta a figyelmet arra, hogy a parlament amnesztiat\u00f6rv\u00e9nyt fogadott el, &#8222;szavatolva ezzel a tiltakoz\u00e1sok r\u00e9sztvev\u0151inek szabads\u00e1g\u00e1t, valamint a konfliktusok k\u00f6zben \u0151rizetbe vettek kiszabadul\u00e1s\u00e1t&#8221;.<br \/>\n&#8222;Az ellenz\u00e9k viszont tov\u00e1bb \u00e9lezi a helyzetet, arra sz\u00f3l\u00edtj\u00e1k fel az embereket, hogy \u00e1lljanak kinn a fagyban n\u00e9h\u00e1ny vezet\u0151 politikai amb\u00edci\u00f3ja kedv\u00e9\u00e9rt. \u00dagy gondolom, ez nem helyes&#8221; &#8211; fejtette ki v\u00e9lem\u00e9ny\u00e9t az \u00e1llamf\u0151.<br \/>\nMegjegyezte, hogy a v\u00e1ls\u00e1g b\u00e9k\u00e9s rendez\u00e9s\u00e9t c\u00e9lz\u00f3, az ellenz\u00e9k k\u00e9pvisel\u0151ivel folytatott t\u00e1rgyal\u00e1sokon &#8222;konkr\u00e9t meg\u00e1llapod\u00e1sok&#8221; sz\u00fclettek.<br \/>\n\u00dczenet\u00e9ben kifejezte aggodalm\u00e1t &#8222;annak a sok embernek az \u00e9let\u00e9\u00e9rt \u00e9s eg\u00e9szs\u00e9g\u00e9\u00e9rt, akiket felel\u0151tlen politikusok szemben\u00e1ll\u00e1sba hajszoltak&#8221;.<br \/>\n&#8222;Mind azt k\u00e9rdezz\u00fck: minek a nev\u00e9ben szenvednek az embereknek? A politikusok mi\u00e9rt nem b\u00e9k\u00e9re, nyugalomra \u00e9s meg\u00e9rt\u00e9sre sz\u00f3l\u00edtanak fel, ahelyett, hogy tov\u00e1bb sz\u00edtj\u00e1k az ellens\u00e9ges hangulatot \u00e1tgondolatlan \u00e9s felel\u0151tlen kijelent\u00e9seikkel, t\u00f6bbet gondolva saj\u00e1t v\u00e1laszt\u00e1si n\u00e9pszer\u0171s\u00e9g\u00fckre, mint az emberek \u00e9let\u00e9re \u00e9s eg\u00e9szs\u00e9g\u00e9re?&#8221; &#8211; fogalmazott.<br \/>\nHangs\u00falyozta azon meggy\u0151z\u0151d\u00e9s\u00e9t, hogy &#8222;nincs j\u00f6v\u0151je az \u00e1llamnak \u00e9s a n\u00e9pnek, ha egyes csoportok \u00e9rdekei Ukrajn\u00e1nak mint orsz\u00e1gnak a l\u00e9tez\u00e9se f\u00f6l\u00f6tt \u00e1llnak&#8221;.<br \/>\n&#8222;A magam r\u00e9sz\u00e9r\u0151l a legnagyobb meg\u00e9rt\u00e9ssel \u00e9s j\u00f3indulattal fogok viszonyulni az emberek sz\u00fcks\u00e9gletei \u00e9s t\u00f6rekv\u00e9sei ir\u00e1nt, figyelembe v\u00e9ve azokat a hib\u00e1kat, amelyek megt\u00f6rt\u00e9nnek mindenf\u00e9le vezet\u00e9s alatt, hiszen csak az nem k\u00f6vet el hib\u00e1t, aki nem dolgozik. Hiszem, hogy k\u00f6z\u00f6sen k\u00e9pesek vagyunk visszaterelni Ukrajna \u00e9s minden ember \u00e9let\u00e9t a b\u00e9kess\u00e9g \u00e9s a nyugalom medr\u00e9be&#8221; &#8211; sz\u00f6gezte le Janukovics.<br \/>\nAz ukrajnai t\u00fcntet\u00e9sek tavaly novemberben kezd\u0151dtek, miut\u00e1n a korm\u00e1ny visszat\u00e1ncolt Ukrajna eur\u00f3pai uni\u00f3s t\u00e1rsul\u00e1si szerz\u0151d\u00e9s\u00e9nek al\u00e1\u00edr\u00e1s\u00e1t\u00f3l. Janu\u00e1rban a Kijev belv\u00e1ros\u00e1ban zajl\u00f3 ellenz\u00e9ki megmozdul\u00e1sok a rohamrend\u0151r\u00f6k \u00e9s a t\u00fcntet\u0151k k\u00f6z\u00f6tti \u00f6sszecsap\u00e1sokba torkolltak. T\u00f6bben meghaltak \u00e9s sz\u00e1zak s\u00e9r\u00fcltek meg mindk\u00e9t oldalon.<br \/>\nKedden lemondott posztj\u00e1r\u00f3l Mikola Azarov minisztereln\u00f6k, aki azzal magyar\u00e1zta d\u00f6nt\u00e9s\u00e9t, hogy a v\u00e1ls\u00e1g b\u00e9k\u00e9s rendez\u00e9se \u00e9rdek\u00e9ben v\u00e1lik meg hivatal\u00e1t\u00f3l. A t\u00fcntet\u0151k azonban m\u00e1r teljes hatalomv\u00e1lt\u00e1st k\u00f6vetelnek, Janukovics eln\u00f6k t\u00e1voz\u00e1s\u00e1t is bele\u00e9rtve.<br \/>\nSzerd\u00e1n a parlament korm\u00e1nyp\u00e1rti el\u0151terjeszt\u00e9sre olyan amnesztiat\u00f6rv\u00e9nyt hagyott j\u00f3v\u00e1, amely mentes\u00edti a b\u00fcntet\u0151jogi felel\u0151ss\u00e9g al\u00f3l a tiltakoz\u00f3 megmozdul\u00e1sok r\u00e9sztvev\u0151it, de el\u0151felt\u00e9tel\u00fcl szabja a k\u00f6zigazgat\u00e1s hivatali \u00e9p\u00fcleteinek szabadd\u00e1 t\u00e9tel\u00e9t Kijevben \u00e9s vid\u00e9ken egyar\u00e1nt, tov\u00e1bb\u00e1 a barik\u00e1dok elt\u00e1vol\u00edt\u00e1s\u00e1t a k\u00f6zleked\u00e9s akad\u00e1lymentess\u00e9ge \u00e9rdek\u00e9ben. Az ellenz\u00e9k viszont ezt a t\u00f6rv\u00e9nyt nem tartja elfogadhat\u00f3nak, felt\u00e9tel n\u00e9lk\u00fcli amneszti\u00e1t k\u00f6vetel, s ez\u00e9rt a t\u00fcntet\u00e9sek folytat\u00e1s\u00e1ra sz\u00f3l\u00edtotta fel az embereket.(MTI)<\/p>\n","protected":false},"excerpt":{"rendered":"<p>Ukrajna vezet\u00e9se teljes\u00edtette minden v\u00e1llalt k\u00f6telezetts\u00e9g\u00e9t a politikai v\u00e1ls\u00e1g rendez\u00e9se \u00e9rdek\u00e9ben, az ellenz\u00e9k azonban tov\u00e1bb \u00e9lezi a helyzetet &#8211; jelentette ki Viktor Janukovics eln\u00f6k.<\/p>\n","protected":false},"author":1,"featured_media":0,"comment_status":"open","ping_status":"closed","sticky":false,"template":"","format":"standard","meta":[],"categories":[12,139],"tags":[],"_links":{"self":[{"href":"https:\/\/gazdasagportal.hu\/index.php\/wp-json\/wp\/v2\/posts\/26407"}],"collection":[{"href":"https:\/\/gazdasagportal.hu\/index.php\/wp-json\/wp\/v2\/posts"}],"about":[{"href":"https:\/\/gazdasagportal.hu\/index.php\/wp-json\/wp\/v2\/types\/post"}],"author":[{"embeddable":true,"href":"https:\/\/gazdasagportal.hu\/index.php\/wp-json\/wp\/v2\/users\/1"}],"replies":[{"embeddable":true,"href":"https:\/\/gazdasagportal.hu\/index.php\/wp-json\/wp\/v2\/comments?post=26407"}],"version-history":[{"count":1,"href":"https:\/\/gazdasagportal.hu\/index.php\/wp-json\/wp\/v2\/posts\/26407\/revisions"}],"predecessor-version":[{"id":26408,"href":"https:\/\/gazdasagportal.hu\/index.php\/wp-json\/wp\/v2\/posts\/26407\/revisions\/26408"}],"wp:attachment":[{"href":"https:\/\/gazdasagportal.hu\/index.php\/wp-json\/wp\/v2\/media?parent=26407"}],"wp:term":[{"taxonomy":"category","embeddable":true,"href":"https:\/\/gazdasagportal.hu\/index.php\/wp-json\/wp\/v2\/categories?post=26407"},{"taxonomy":"post_tag","embeddable":true,"href":"https:\/\/gazdasagportal.hu\/index.php\/wp-json\/wp\/v2\/tags?post=26407"}],"curies":[{"name":"wp","href":"https:\/\/api.w.org\/{rel}","templated":true}]}}