{"id":26383,"date":"2014-01-30T13:41:45","date_gmt":"2014-01-30T12:41:45","guid":{"rendered":"http:\/\/stockportal.hu\/?p=26383"},"modified":"2014-02-11T16:11:14","modified_gmt":"2014-02-11T15:11:14","slug":"nemzetkozi-lapvisszhang-ukrajnarol","status":"publish","type":"post","link":"https:\/\/gazdasagportal.hu\/index.php\/nemzetkozi-lapvisszhang-ukrajnarol\/","title":{"rendered":"Nemzetk\u00f6zi lapvisszhang Ukrajn\u00e1r\u00f3l"},"content":{"rendered":"<p><strong>Az ukrajnai v\u00e1ls\u00e1g miatt megn\u00f6vekedett annak kock\u00e1zata, hogy zavar t\u00e1mad Eur\u00f3pa Oroszorsz\u00e1gb\u00f3l Ukrajn\u00e1n kereszt\u00fcl zajl\u00f3 g\u00e1zell\u00e1t\u00e1s\u00e1ban &#8211; \u00edrta cs\u00fct\u00f6rt\u00f6ki kiad\u00e1s\u00e1ban a brit Financial Times.<!--more--><\/strong><\/p>\n<p>A tekint\u00e9lyes \u00fczleti napilap tud\u00f3s\u00edt\u00e1s\u00e1ban megjegyzi, hogy az ukr\u00e1n hat\u00f3s\u00e1gok annak dac\u00e1ra sem tudj\u00e1k kifizetni Oroszorsz\u00e1gnak a nekik sz\u00e1ll\u00edtott f\u00f6ldg\u00e1zt, hogy a Viktor Janukovics ukr\u00e1n \u00e9s Vlagyimir Putyin orosz eln\u00f6k k\u00f6z\u00f6tt l\u00e9trej\u00f6tt meg\u00e1llapod\u00e1s \u00e9rtelm\u00e9ben a 15 milli\u00e1rd doll\u00e1ros hitel mell\u00e9 Kijev 5 milli\u00e1rd doll\u00e1r \u00e9rt\u00e9kben mintegy harminc sz\u00e1zal\u00e9kos g\u00e1z\u00e1rkedvezm\u00e9nyt is kapott.<br \/>\nA lap ismerteti, hogy Putyin le\u00e1ll\u00edtotta a hitel foly\u00f3s\u00edt\u00e1s\u00e1t, egyel\u0151re &#8211; am\u00edg nem alakul meg az \u00faj ukr\u00e1n korm\u00e1ny &#8211; nem v\u00e1s\u00e1rolnak ukr\u00e1n \u00e1llamk\u00f6tv\u00e9nyeket, ez pedig az Financial Times szerint s\u00falyos csap\u00e1s a &#8222;k\u00e9szp\u00e9nzre \u00e9hez\u0151&#8221; Ukrajna sz\u00e1m\u00e1ra.<br \/>\nA tud\u00f3s\u00edt\u00e1s megeml\u00edti, hogy az orsz\u00e1g keleti r\u00e9sz\u00e9b\u0151l \u00e9rkez\u0151 h\u00edrek szerint az orosz hat\u00f3s\u00e1gok elkezdt\u00e9k a hat\u00e1ron szigor\u00fa rendszeress\u00e9ggel, t\u00falbuzg\u00f3an \u00e1tvizsg\u00e1lni az Ukrajn\u00e1b\u00f3l \u00e9rkez\u0151 importot, amivel komoly zavarokat okoznak a kereskedelemben. A lap eml\u00e9keztet arra, hogy novemberben Moszkva hasonl\u00f3 eszk\u00f6z\u00f6kkel b\u00edrta r\u00e1 Janukovicsot, hogy faroljon ki az Eur\u00f3pai Uni\u00f3val k\u00f6tend\u0151 t\u00e1rsul\u00e1si \u00e9s szabadkereskedelmi meg\u00e1llapod\u00e1sb\u00f3l.<br \/>\nA lap szerint az \u00faj orosz l\u00e9p\u00e9sek feltehet\u0151en megnehez\u00edtik a kr\u00edzis megold\u00e1s\u00e1t, Moszkva az\u00e9rt igyekszik n\u00f6velni a nyugati szomsz\u00e9dj\u00e1ra nehezed\u0151 nyom\u00e1st, hogy Kijevben olyan korm\u00e1ny alakuljon, amely nem EU-p\u00e1rti.<br \/>\nA The Wall Street Journal (WSJ) c\u00edm\u0171 amerikai politikai-\u00fczleti napilap Ukrajn\u00e1r\u00f3l sz\u00f3l\u00f3 \u00e9rt\u00e9kel\u00e9se szerint Mikola Azarov minisztereln\u00f6k lemond\u00e1sa v\u00e1rhat\u00f3 volt, hiszen Viktor Janukovics eln\u00f6k az ut\u00f3bbi id\u0151ben az ellenz\u00e9ki vezet\u0151kkel folytatott alkudoz\u00e1s\u00e1nak egyszer\u0171 t\u00e1rgy\u00e1v\u00e1 tette eddigi korm\u00e1nyf\u0151j\u00e9t.<br \/>\nA jelek szerint azonban &#8211; \u00edrta a WSJ &#8211; sem ez, sem a tiltakoz\u00f3 megmozdul\u00e1sok ellen hozott t\u00f6rv\u00e9nyek visszavon\u00e1sa nem el\u00e9g\u00edtette ki az ellenz\u00e9ket.<br \/>\nA lap ugyanakkor nem z\u00e1rta ki, hogy az egym\u00e1ssal is viaskod\u00f3 ukr\u00e1n ellenz\u00e9ki k\u00f6r\u00f6k kompromisszumra juthatnak a kijevi korm\u00e1nyzattal. A tiltakoz\u00f3k egy r\u00e9sze &#8211; der\u00fcl ki a WSJ tud\u00f3s\u00edt\u00e1s\u00e1b\u00f3l &#8211; nem b\u00edzik abban, hogy az \u0151rizetbe vett t\u00fcntet\u0151ket akkor is szabadon engedn\u00e9k, ha az ellenz\u00e9k kivonulna minden elfoglalt k\u00f6z\u00e9p\u00fcletb\u0151l.<br \/>\nA Le Soir c\u00edm\u0171 br\u00fcsszeli lap egyfel\u0151l a Kremlb\u0151l \u00e9rkezett figyelmeztet\u00e9st emelte ki, miszerint Moszkva elfogadhatatlannak tart b\u00e1rmilyen k\u00fcls\u0151 beavatkoz\u00e1st Ukrajna bels\u0151 \u00fcgyeibe. M\u00e1sfel\u0151l a belga \u00fajs\u00e1g \u00fagy \u00e9rt\u00e9kelte a helyzetet, hogy a rend\u0151ri brutalit\u00e1s miatt felb\u0151sz\u00fclt tiltakoz\u00f3k sz\u00e1m\u00e1ra a jelek szerint Viktor Janukovics t\u00e1voz\u00e1s\u00e1n k\u00edv\u00fcl m\u00e1r semmi nem fogadhat\u00f3 el.<br \/>\nA francia Le Figaro \u00e9rt\u00e9kel\u00e9se szerint m\u00e1ra egy\u00e9rtelm\u0171v\u00e9 v\u00e1lt, hogy a t\u00fcntet\u0151k els\u0151sorban nem haz\u00e1juk uni\u00f3s csatlakoz\u00e1s\u00e1t szeretn\u00e9k, hanem a korrupt rezsimmel szembeni ellenszenv\u00fcket fejezik ki, \u00e9s egy, a pluralizmust \u00e9s az es\u00e9lyegyenl\u0151s\u00e9get tiszteletben tart\u00f3 demokratikus jog\u00e1llamot k\u00f6vetelnek.<br \/>\nA konzervat\u00edv lap Ukrajna val\u00f3di v\u00e1gyai c\u00edm\u0171 \u00edr\u00e1sa azt is az esem\u00e9nyek fontos tanuls\u00e1g\u00e1nak tartja, hogy a tiltakoz\u00e1s nem korl\u00e1toz\u00f3dik az orsz\u00e1g nyugati r\u00e9sz\u00e9re, amely t\u00f6rt\u00e9nelmileg k\u00f6zelebb \u00e1ll Nyugat-Eur\u00f3p\u00e1hoz. \u00a0\u00a0\u00a0\u00a0&#8222;Egy\u00e9rtelm\u0171, hogy a jog\u00e1llami modell, amelyr\u0151l az ukr\u00e1n t\u00e1rsadalom \u00e1lmodik, sokkal k\u00f6zelebb \u00e1ll a nyugat-eur\u00f3pai orsz\u00e1gok modellj\u00e9hez, mint amilyet Putyin Oroszorsz\u00e1ga k\u00e9pvisel. De nagyon fontos az a t\u00e9ny, hogy a l\u00e1zad\u00e1s els\u0151sorban egy nemzeti demokratikus \u00e9rz\u00e9s kifejez\u0151d\u00e9se&#8221; &#8211; olvashat\u00f3 a cikkben.<br \/>\n&#8222;Ukrajna j\u00f6v\u0151je nem Moszkv\u00e1ban, \u00e9s nem is Br\u00fcsszelben d\u0151l el, hanem Kijevben. Ez\u00e9rt is k\u00edv\u00e1natos, hogy Oroszorsz\u00e1g \u00e9s az Eur\u00f3pai Uni\u00f3 k\u00f6z\u00f6tti n\u00e9zetelt\u00e9r\u00e9s ne s\u00falyosb\u00edtsa a dolgokat. (&#8230;) Oroszorsz\u00e1gnak nincs kapacit\u00e1sa arra, hogy az ukr\u00e1n n\u00e9pnek dikt\u00e1ljon, (&#8230;) az ukr\u00e1nok pedig j\u00f3l tudj\u00e1k, hogy a gazdas\u00e1guk cs\u0151dhelyzetben van, \u00e9s hogy Br\u00fcsszelnek nincs eszk\u00f6ze arra, hogy p\u00e9nzelje \u0151ket vagy hogy csatlakoz\u00e1si aj\u00e1nlatot tegyen&#8221; &#8211; \u00edrta a Le Figaro.<br \/>\nA balliber\u00e1lis Le Monde szerint az oligarch\u00e1k nyom\u00e1s\u00e1ra d\u00f6nt\u00f6tt a t\u00e1rgyal\u00e1sok megkezd\u00e9se mellett Viktor Janukovics ukr\u00e1n eln\u00f6k. Oroszorsz\u00e1ggal ellent\u00e9tben a mintegy f\u00e9l tucat ukr\u00e1n oligarcha tov\u00e1bbra is jelent\u0151s befoly\u00e1ssal b\u00edr a politik\u00e1ban: t\u00f6bbs\u00e9g\u00fck a rendszerv\u00e1lt\u00e1st k\u00f6vet\u0151en meggazdagodva saj\u00e1t p\u00e1rtot is alap\u00edtott. Sz\u00e1mukra pedig az a legfontosabb, hogy az \u00fczleteikhez a lehet\u0151 legkedvez\u0151bb hangulat uralkodjon az orsz\u00e1gban. Ezzel magyar\u00e1zhat\u00f3 a Le Monde szerint, hogy k\u00f6z\u00fcl\u00fck a legjelent\u0151sebbek a politikai helyzet stabiliz\u00e1l\u00e1s\u00e1ban \u00e9rdekeltek.<br \/>\nA lap arra is felh\u00edvta a figyelmet, hogy Janukovics megh\u00e1tr\u00e1l\u00e1sa \u00e9s Mikola Azarov korm\u00e1nyf\u0151 lemond\u00e1sa n\u00e9h\u00e1ny h\u00e9ttel ezel\u0151tt m\u00e9g biztos kiindul\u00f3pontot jelenthetett volna a v\u00e1ls\u00e1gb\u00f3l val\u00f3 ki\u00fathoz. Az eln\u00f6ki sz\u00f3 azonban az\u00f3ta &#8222;komolyan le\u00e9rt\u00e9kel\u0151d\u00f6tt&#8221;, Janukovics \u00edg\u00e9rt hideget-meleget, p\u00e9ld\u00e1ul azt, hogy soha nem fog t\u00e1mad\u00e1st ind\u00edtani a F\u00fcggetlens\u00e9g t\u00e9ren t\u00e1boroz\u00f3k ellen, mik\u00f6zben december k\u00f6zep\u00e9n a rend\u0151rs\u00e9g a Majdan akkor m\u00e9g b\u00e9k\u00e9s t\u00f6mege ellen fell\u00e9pett, \u00e9s az ut\u00f3bbi napokban, amikor m\u00e1r felv\u00e1zol\u00f3dott egy meg\u00e1llapod\u00e1s, folytat\u00f3dott a rend\u0151ri \u00e9s igazs\u00e1g\u00fcgyi lesz\u00e1mol\u00e1s az ellenz\u00e9k aktivist\u00e1kkal. Most az ellenz\u00e9knek kellene a nyit\u00e1s jeleit mutatnia, an\u00e9lk\u00fcl is, hogy tudn\u00e1, a t\u00e1bora meddig hajland\u00f3 k\u00f6vetni,\u00a0\u00a0&#8211; hangs\u00falyozta a Le Monde.<\/p>\n<p><strong>A Rzeczpospolita c\u00edm\u0171 lengyel lap besz\u00e1molt a V4-ek\u00a0\u00a0budapesti rendk\u00edv\u00fcli cs\u00facstal\u00e1lkoz\u00f3j\u00e1r\u00f3l, kiemelve, hogy azt az ukrajnai helyzet dr\u00e1mai roml\u00e1sa k\u00e9nyszer\u00edtette ki.<\/strong><\/p><div id=\"gazda-3377124413\" class=\"gazda-tartalomban gazda-entity-placement\"><script async src=\"https:\/\/pagead2.googlesyndication.com\/pagead\/js\/adsbygoogle.js\"><\/script>\r\n<ins class=\"adsbygoogle\"\r\n     style=\"display:block\"\r\n     data-ad-format=\"fluid\"\r\n     data-ad-layout-key=\"-6t+ed+2i-1n-4w\"\r\n     data-ad-client=\"ca-pub-1959107119989764\"\r\n     data-ad-slot=\"4008251320\"><\/ins>\r\n<script>\r\n     (adsbygoogle = window.adsbygoogle || []).push({});\r\n<\/script><\/div>\n<p>Jaroslaw Gizinski, a konzervat\u00edv \u00fajs\u00e1g Magyarorsz\u00e1gr\u00f3l rendszeresen cikkez\u0151 k\u00fclpolitikai szerkeszt\u0151je meg\u00e1llap\u00edtotta, hogy a n\u00e9gy visegr\u00e1di orsz\u00e1g m\u00e1s-m\u00e1s perspekt\u00edv\u00e1b\u00f3l szeml\u00e9li Ukrajn\u00e1t. A legnagyobb \u00e9rdekl\u0151d\u00e9st egy\u00e9rtelm\u0171en a lengyel korm\u00e1ny \u00e9s t\u00e1rsadalom mutatja, de az ukrajnai esem\u00e9nyeknek jelent\u0151s visszhangjuk volt Pr\u00e1g\u00e1ban is, ahol p\u00e9nz- \u00e9s adom\u00e1nygy\u0171jt\u00e9st is szerveztek az ukr\u00e1nok sz\u00e1m\u00e1ra. Magyarorsz\u00e1g \u00e9s Szlov\u00e1kia j\u00f3val visszafogottabb magatart\u00e1st tan\u00fas\u00edt.<br \/>\nA magyar \u00f3vatoss\u00e1got az ukrajnai magyar kisebbs\u00e9g helyzete miatti aggodalom magyar\u00e1zza \u2013 mondta a lapnak egy neve elhallgat\u00e1s\u00e1hoz ragaszkod\u00f3 magyar Kelet-Eur\u00f3pa-szak\u00e9rt\u0151. Ha ugyanis az ellenz\u00e9ki ukr\u00e1n Haza (Szabads\u00e1g) p\u00e1rt sz\u00e9ls\u0151s\u00e9ges nacionalist\u00e1i nagyobb befoly\u00e1sra tenn\u00e9nek szert, az ronthatn\u00e1 a k\u00e1rp\u00e1taljai magyar kisebbs\u00e9g helyzet\u00e9t.<br \/>\nA cikk szerint a V4-eknek sok eszk\u00f6z\u00fck van a helyzet befoly\u00e1sol\u00e1s\u00e1ra a szlov\u00e1k-ukr\u00e1n g\u00e1zvezet\u00e9ken t\u00f6rt\u00e9n\u0151 g\u00e1zsz\u00e1ll\u00edt\u00e1sokt\u00f3l (amelynek r\u00e9v\u00e9n Kijev cs\u00f6kkentheti f\u00fcgg\u0151s\u00e9g\u00e9t az orosz g\u00e1zt\u00f3l) a v\u00edzumkiad\u00e1s k\u00f6nny\u00edt\u00e9s\u00e9ig \u00e9s az ukr\u00e1n civil t\u00e1rsadalom t\u00e1mogat\u00e1s\u00e1ig. A V4-ek a balti \u00e1llamokkal \u00e9s Skandin\u00e1vi\u00e1val egy\u00fctt term\u00e9szetes m\u00f3don \u00e9rdekeltek a helyzet javul\u00e1s\u00e1ban, \u00e9s egyfajta lobbista szerepet j\u00e1tszhatn\u00e1nak a Nyugat Ukrajna-politik\u00e1j\u00e1nak\u00a0\u00a0form\u00e1l\u00e1s\u00e1ban.<br \/>\nA\u00a0\u00a0Rzeczpospolita ugyancsak cs\u00fct\u00f6rt\u00f6k\u00f6n komment\u00e1rt k\u00f6z\u00f6lt a lengyel m\u00e9di\u00e1ban az ut\u00f3bbi id\u0151ben sokat szerepl\u0151, Ukrajn\u00e1nak ny\u00fajtand\u00f3 egyfajta &#8222;Marshall-seg\u00e9lyr\u0151l&#8221;.<br \/>\nA szerz\u0151 szerint nem k\u00f6nny\u0171 el\u0151teremteni ezt a p\u00e9nzt, mert Ukrajna nem Lettorsz\u00e1g vagy Izland, sokkal nagyobb \u00f6sszegre lenne sz\u00fcks\u00e9ge, hogy kil\u00e1baljon az \u00e1lland\u00f3sult v\u00e1ls\u00e1gb\u00f3l.<br \/>\nKulcsk\u00e9rd\u00e9s, hogy meglegyen a politikai akarat, amely egyel\u0151re sem az Eur\u00f3pai Uni\u00f3ban, sem az Egyes\u00fclt \u00c1llamokban nem mutatkozik.\u00a0\u00a0A Nemzetk\u00f6zi Valutaalap m\u00e1r t\u00f6bbsz\u00f6r megszak\u00edtotta \u00e9s fel\u00faj\u00edtotta kapcsolat\u00e1t a kijevi hat\u00f3s\u00e1gokkal, amelyeknek nem tetszenek az IMF \u00e1ltal dikt\u00e1lt felt\u00e9telek &#8211; \u00edrta.<br \/>\nHa m\u00e9gis l\u00e9trej\u00f6nne az \u201eukr\u00e1n Marshall-seg\u00e9ly\u201d, Lengyelorsz\u00e1gnak ebben felt\u00e9telekkel kellene k\u00f6zrem\u0171k\u00f6dnie. Ukrajna Vars\u00f3 sz\u00e1m\u00e1ra strat\u00e9giai fontoss\u00e1g\u00fa orsz\u00e1g, \u00e9s Lengyelorsz\u00e1g legalapvet\u0151bb \u00e9rdeke, hogy ne ker\u00fclj\u00f6n Moszkva befoly\u00e1sa al\u00e1 &#8211; olvashat\u00f3 a cikkben.<br \/>\nA liber\u00e1lis k\u00f6t\u0151d\u00e9s\u0171 Adevarul c\u00edm\u0171 rom\u00e1n lap szerint Ukrajn\u00e1ban elh\u00faz\u00f3d\u00f3 konfliktusra kell sz\u00e1m\u00edtani.<br \/>\nRadu Carp rom\u00e1n politol\u00f3gus szerint sem az ukr\u00e1n ellenz\u00e9kiek, sem a korm\u00e1nyer\u0151k nem k\u00e9pesek eld\u00f6nteni a mai vit\u00e1t, ez\u00e9rt k\u00fclf\u00f6ldi k\u00f6zrem\u0171k\u00f6d\u00e9s h\u00edj\u00e1n az ukr\u00e1n konfliktus is lass\u00fa verg\u0151d\u00e9sre lesz \u00edt\u00e9lve. A szerz\u0151 megeml\u00edti p\u00e9ldak\u00e9nt az egykori jugoszl\u00e1viai esem\u00e9nyeket, b\u00e1r mindj\u00e1rt hozz\u00e1teszi, hogy Ukrajn\u00e1ban a v\u00e1laszt\u00f3vonalak nem etnikai jelleg\u0171ek.<br \/>\nA szerz\u0151 szerint hossz\u00fa t\u00e1v\u00fa megold\u00e1st csak az ukr\u00e1n int\u00e9zm\u00e9nyek meger\u0151s\u00edt\u00e9se, a hatalmi \u00e1gak sz\u00e9tv\u00e1laszt\u00e1sa, az emberi jogok betart\u00e1sa \u00e9s az igazs\u00e1gszolg\u00e1ltat\u00e1s f\u00fcggetlens\u00e9g\u00e9nek biztos\u00edt\u00e1sa jelentheti, hiszen ezek n\u00e9lk\u00fcl nem v\u00e1lhat m\u0171k\u00f6d\u0151k\u00e9pes \u00e1llamm\u00e1 Ukrajna. A cikk\u00edr\u00f3 szerint egy\u00e9bk\u00e9nt az orsz\u00e1g nem rem\u00e9nykedhet az EU-tags\u00e1gban, am\u00edg nem lesz r\u00e9sze a NATO-nak, ez ut\u00f3bbi csatlakoz\u00e1si terv azonban egyel\u0151re feled\u00e9sbe mer\u00fclt.<br \/>\nAz Adevarul egy m\u00e1sik cikke azt taglalja, hogy az orosz \u00e9s az ukr\u00e1n sajt\u00f3 megpr\u00f3b\u00e1lja f\u00e9lrevezetni a k\u00f6zv\u00e9lem\u00e9nyt, amennyiben azt \u00edrja, hogy a korm\u00e1nyellenes t\u00fcntet\u00e9sek j\u00f3 \u00fcr\u00fcgyet szolg\u00e1ltatnak Rom\u00e1nia \u00e9s Magyarorsz\u00e1g sz\u00e1m\u00e1ra, hogy Ukrajna ter\u00fcleti \u00e9ps\u00e9ge ellen l\u00e9pjenek fel.<br \/>\nA jobboldali Romania libera c\u00edm\u0171 napilapban Sabina Fati publicista meg\u00e1llap\u00edtja, Rom\u00e1nia egyel\u0151re f\u00e9l, hogy ki\u00e1lljon az ukrajnai ellenz\u00e9ki t\u00fcntet\u0151k mellett, noha j\u00f3 alkalom lenne arra, hogy Bukarest t\u00e1mogassa Ukrajn\u00e1t abban, hogy eur\u00f3pai orsz\u00e1gg\u00e1 v\u00e1ljon. Az &#8222;eur\u00f3paiz\u00e1l\u00f3d\u00e1s \u00fcgyv\u00e9dje&#8221; szerepet a lap szerint Traian Basescu \u00e1llamf\u0151 t\u00f6lthetn\u00e9 be, aki azon eur\u00f3pai vezet\u0151k \u00e9l\u00e9re \u00e1llhatna, akik &#8222;ki akarj\u00e1k szak\u00edtani Ukrajn\u00e1t Oroszorsz\u00e1g karmaib\u00f3l&#8221;.(MTI)<\/p>\n<p>&nbsp;<\/p>\n","protected":false},"excerpt":{"rendered":"<p>Az ukrajnai v\u00e1ls\u00e1g miatt megn\u00f6vekedett annak kock\u00e1zata, hogy zavar t\u00e1mad Eur\u00f3pa Oroszorsz\u00e1gb\u00f3l Ukrajn\u00e1n kereszt\u00fcl zajl\u00f3 g\u00e1zell\u00e1t\u00e1s\u00e1ban &#8211; \u00edrta cs\u00fct\u00f6rt\u00f6ki kiad\u00e1s\u00e1ban a brit Financial Times.<\/p>\n","protected":false},"author":1,"featured_media":26384,"comment_status":"open","ping_status":"closed","sticky":false,"template":"","format":"standard","meta":[],"categories":[12,139],"tags":[],"_links":{"self":[{"href":"https:\/\/gazdasagportal.hu\/index.php\/wp-json\/wp\/v2\/posts\/26383"}],"collection":[{"href":"https:\/\/gazdasagportal.hu\/index.php\/wp-json\/wp\/v2\/posts"}],"about":[{"href":"https:\/\/gazdasagportal.hu\/index.php\/wp-json\/wp\/v2\/types\/post"}],"author":[{"embeddable":true,"href":"https:\/\/gazdasagportal.hu\/index.php\/wp-json\/wp\/v2\/users\/1"}],"replies":[{"embeddable":true,"href":"https:\/\/gazdasagportal.hu\/index.php\/wp-json\/wp\/v2\/comments?post=26383"}],"version-history":[{"count":1,"href":"https:\/\/gazdasagportal.hu\/index.php\/wp-json\/wp\/v2\/posts\/26383\/revisions"}],"predecessor-version":[{"id":26385,"href":"https:\/\/gazdasagportal.hu\/index.php\/wp-json\/wp\/v2\/posts\/26383\/revisions\/26385"}],"wp:featuredmedia":[{"embeddable":true,"href":"https:\/\/gazdasagportal.hu\/index.php\/wp-json\/wp\/v2\/media\/26384"}],"wp:attachment":[{"href":"https:\/\/gazdasagportal.hu\/index.php\/wp-json\/wp\/v2\/media?parent=26383"}],"wp:term":[{"taxonomy":"category","embeddable":true,"href":"https:\/\/gazdasagportal.hu\/index.php\/wp-json\/wp\/v2\/categories?post=26383"},{"taxonomy":"post_tag","embeddable":true,"href":"https:\/\/gazdasagportal.hu\/index.php\/wp-json\/wp\/v2\/tags?post=26383"}],"curies":[{"name":"wp","href":"https:\/\/api.w.org\/{rel}","templated":true}]}}