{"id":26303,"date":"2014-01-29T19:07:15","date_gmt":"2014-01-29T18:07:15","guid":{"rendered":"http:\/\/stockportal.hu\/?p=26303"},"modified":"2014-01-29T18:17:46","modified_gmt":"2014-01-29T17:17:46","slug":"a-digitalis-atallas-is-tema-lesz-az-itu-es-az-nmhh-kozos-budapesti-konferenciajan","status":"publish","type":"post","link":"https:\/\/gazdasagportal.hu\/index.php\/a-digitalis-atallas-is-tema-lesz-az-itu-es-az-nmhh-kozos-budapesti-konferenciajan\/","title":{"rendered":"A digit\u00e1lis \u00e1t\u00e1ll\u00e1s is t\u00e9ma lesz az ITU \u00e9s az NMHH k\u00f6z\u00f6s budapesti konferenci\u00e1j\u00e1n"},"content":{"rendered":"<p><strong>A digit\u00e1lis \u00e1t\u00e1ll\u00e1s eredm\u00e9nyeir\u0151l \u00e9s a technol\u00f3giai v\u00e1lt\u00e1s sor\u00e1n felszabadul\u00f3 frekvencias\u00e1vok hasznos\u00edt\u00e1s\u00e1r\u00f3l is sz\u00f3 lesz janu\u00e1r 29-31. k\u00f6z\u00f6tt a Nemzetk\u00f6zi T\u00e1vk\u00f6zl\u00e9si Egyes\u00fclet (ITU) \u00e9s a Nemzeti M\u00e9dia- \u00e9s H\u00edrk\u00f6zl\u00e9si Hat\u00f3s\u00e1g (NMHH) k\u00f6z\u00f6s budapesti konferenci\u00e1j\u00e1n &#8211; k\u00f6z\u00f6lte az NMHH szerd\u00e1n az MTI-vel.<!--more--><\/strong><\/p>\n<p>A konferencia az ITU \u00e1ltal a digit\u00e1lis m\u0171sorsz\u00f3r\u00e1s ter\u00fclet\u00e9n ind\u00edtott &#8222;Eur\u00f3pai Region\u00e1lis Kezdem\u00e9nyez\u00e9s&#8221; program r\u00e9sze. A tan\u00e1cskoz\u00e1s c\u00e9lja a digit\u00e1lis \u00e1t\u00e1ll\u00e1s ter\u00fclet\u00e9n szerzett tapasztalatok \u00f6sszegz\u00e9se, valamint a digit\u00e1lis hozad\u00e9k s\u00e1vok felhaszn\u00e1l\u00e1si lehet\u0151s\u00e9geinek \u00e1ttekint\u00e9se.<br \/>\nA r\u00e9sztvev\u0151k egyeztetnek egyebek k\u00f6zt az \u00e1t\u00e1ll\u00e1shoz sz\u00fcks\u00e9ges szab\u00e1lyoz\u00e1si k\u00f6rnyezet kialak\u00edt\u00e1s\u00e1r\u00f3l, tov\u00e1bb\u00e1 a digit\u00e1lis \u00e1t\u00e1ll\u00e1s el\u0151tt \u00e1ll\u00f3, illetve az \u00e1t\u00e1ll\u00e1st m\u00e1r sikeresen megval\u00f3s\u00edt\u00f3 orsz\u00e1gok strat\u00e9gi\u00e1ir\u00f3l is &#8211; \u00e1ll a k\u00f6zlem\u00e9nyben.<br \/>\nA konferencia kiemelt t\u00e9m\u00e1ja emellett a korszer\u0171 HD-m\u0171sorsz\u00f3r\u00e1s \u00e9s a digit\u00e1lis telev\u00edzi\u00f3z\u00e1s piacfejl\u0151d\u00e9si lehet\u0151s\u00e9gei. A kiv\u00e1l\u00f3 k\u00e9p- \u00e9s hangmin\u0151s\u00e9get biztos\u00edt\u00f3 HD-tartalmak tov\u00e1bb\u00edt\u00e1sa frekvenciagazd\u00e1lkod\u00e1si szempontb\u00f3l is fontos k\u00e9rd\u00e9s, mivel a modern telev\u00edzi\u00f3k\u00e9sz\u00fcl\u00e9kek elterjed\u00e9s\u00e9vel jelent\u0151sen n\u0151het az ig\u00e9ny ezekre a m\u0171sorokra, ami a m\u0171sorsz\u00f3r\u00f3 s\u00e1v \u00e1tviteli sebess\u00e9g\u00e9nek n\u00f6vel\u00e9s\u00e9t teszi sz\u00fcks\u00e9gess\u00e9 &#8211; hangs\u00falyozza a k\u00f6zlem\u00e9ny.<br \/>\nA rendezv\u00e9nyen tizen\u00f6t orsz\u00e1g \u00e9s h\u00e9t nemzetk\u00f6zi szervezet h\u00edrk\u00f6zl\u00e9si szak\u00e9rt\u0151 munkat\u00e1rsai vesznek r\u00e9szt.<br \/>\nA konferenci\u00e1t megel\u0151z\u0151en Karas Monika, az NMHH eln\u00f6ke r\u00f6vid egyeztet\u00e9st folytatott a szerb, a horv\u00e1t \u00e9s a bosznia-hercegovinai hat\u00f3s\u00e1gok eln\u00f6keivel.(MTI)<\/p>\n","protected":false},"excerpt":{"rendered":"<p>A digit\u00e1lis \u00e1t\u00e1ll\u00e1s eredm\u00e9nyeir\u0151l \u00e9s a technol\u00f3giai v\u00e1lt\u00e1s sor\u00e1n felszabadul\u00f3 frekvencias\u00e1vok hasznos\u00edt\u00e1s\u00e1r\u00f3l is sz\u00f3 lesz janu\u00e1r 29-31. k\u00f6z\u00f6tt a Nemzetk\u00f6zi T\u00e1vk\u00f6zl\u00e9si Egyes\u00fclet (ITU) \u00e9s a Nemzeti M\u00e9dia- \u00e9s H\u00edrk\u00f6zl\u00e9si Hat\u00f3s\u00e1g (NMHH) k\u00f6z\u00f6s budapesti konferenci\u00e1j\u00e1n &#8211; k\u00f6z\u00f6lte az NMHH szerd\u00e1n az MTI-vel.<\/p>\n","protected":false},"author":1,"featured_media":0,"comment_status":"open","ping_status":"closed","sticky":false,"template":"","format":"standard","meta":[],"categories":[49],"tags":[],"_links":{"self":[{"href":"https:\/\/gazdasagportal.hu\/index.php\/wp-json\/wp\/v2\/posts\/26303"}],"collection":[{"href":"https:\/\/gazdasagportal.hu\/index.php\/wp-json\/wp\/v2\/posts"}],"about":[{"href":"https:\/\/gazdasagportal.hu\/index.php\/wp-json\/wp\/v2\/types\/post"}],"author":[{"embeddable":true,"href":"https:\/\/gazdasagportal.hu\/index.php\/wp-json\/wp\/v2\/users\/1"}],"replies":[{"embeddable":true,"href":"https:\/\/gazdasagportal.hu\/index.php\/wp-json\/wp\/v2\/comments?post=26303"}],"version-history":[{"count":1,"href":"https:\/\/gazdasagportal.hu\/index.php\/wp-json\/wp\/v2\/posts\/26303\/revisions"}],"predecessor-version":[{"id":26306,"href":"https:\/\/gazdasagportal.hu\/index.php\/wp-json\/wp\/v2\/posts\/26303\/revisions\/26306"}],"wp:attachment":[{"href":"https:\/\/gazdasagportal.hu\/index.php\/wp-json\/wp\/v2\/media?parent=26303"}],"wp:term":[{"taxonomy":"category","embeddable":true,"href":"https:\/\/gazdasagportal.hu\/index.php\/wp-json\/wp\/v2\/categories?post=26303"},{"taxonomy":"post_tag","embeddable":true,"href":"https:\/\/gazdasagportal.hu\/index.php\/wp-json\/wp\/v2\/tags?post=26303"}],"curies":[{"name":"wp","href":"https:\/\/api.w.org\/{rel}","templated":true}]}}