{"id":26296,"date":"2014-01-29T18:46:59","date_gmt":"2014-01-29T17:46:59","guid":{"rendered":"http:\/\/stockportal.hu\/?p=26296"},"modified":"2014-01-29T17:48:50","modified_gmt":"2014-01-29T16:48:50","slug":"ukrajnai-tuntetesek-lengyel-miniszterelnok-el-kell-kerulni-a-dramai-forgatokonyvet","status":"publish","type":"post","link":"https:\/\/gazdasagportal.hu\/index.php\/ukrajnai-tuntetesek-lengyel-miniszterelnok-el-kell-kerulni-a-dramai-forgatokonyvet\/","title":{"rendered":"Ukrajnai t\u00fcntet\u00e9sek &#8211; Lengyel minisztereln\u00f6k: el kell ker\u00fclni a dr\u00e1mai forgat\u00f3k\u00f6nyvet"},"content":{"rendered":"<p><strong>El kell ker\u00fclni a dr\u00e1mai forgat\u00f3k\u00f6nyvet Ukrajn\u00e1ban, eg\u00e9sz Eur\u00f3pa \u00e9s els\u0151sorban a k\u00f6z\u00e9p-eur\u00f3pai r\u00e9gi\u00f3 \u00e9rdeke, hogy stabiliz\u00e1l\u00f3djon a helyzet, \u00e9s politikai megegyez\u00e9s sz\u00fclessen az orsz\u00e1gban &#8211; mondta Donald Tusk lengyel minisztereln\u00f6k szerd\u00e1n Budapesten. Orb\u00e1n Viktor korm\u00e1nyf\u0151 azt mondta: &#8222;a k\u00e1osz \u00e9s az anarchia vesz\u00e9lye itt van a magyar \u00e1llamhat\u00e1rn\u00e1l&#8221;.<!--more--><\/strong><\/p>\n<p>A lengyel korm\u00e1nyf\u0151 Orb\u00e1n Viktor minisztereln\u00f6kkel folytatott megbesz\u00e9l\u00e9st, majd a k\u00f6z\u00f6s sajt\u00f3t\u00e1j\u00e9koztat\u00f3n kiemelte: a felek jogainak tiszteletben tart\u00e1s\u00e1val megegyez\u00e9snek kell l\u00e9trej\u00f6nnie ahhoz, hogy Eur\u00f3pa \u00e9s a nemzetk\u00f6zi p\u00e9nz\u00fcgyi szervezetek seg\u00edthessenek az orsz\u00e1gnak. Ukrajn\u00e1ban fel kell hagyni az er\u0151szakkal, ez a hatalom felel\u0151ss\u00e9ge, de &#8222;bizonyos ellenz\u00e9ki k\u00f6r\u00f6knek&#8221; is tart\u00f3zkodniuk kell a radik\u00e1lis fell\u00e9p\u00e9st\u0151l &#8211; mondta.<br \/>\nHangs\u00falyozta: a kijevi esem\u00e9nyek vil\u00e1gosan mutatj\u00e1k, hogy olyan hatalom, amelyet nem t\u00e1mogatnak az \u00e1llampolg\u00e1rok, nem tud pozit\u00edv c\u00e9lokat el\u00e9rni, de demokratikus folyamatok n\u00e9lk\u00fcl az \u00e1llampolg\u00e1rok sem boldogulhatnak. Ez\u00e9rt is kell seg\u00edteni a megegyez\u00e9s el\u00e9r\u00e9s\u00e9t &#8211; f\u0171zte hozz\u00e1.<br \/>\nDonald Tusk szerint senkinek sincs joga belesz\u00f3lni Ukrajna bel\u00fcgyeibe, nem d\u00f6nthet m\u00e1s a j\u00f6v\u0151j\u00fckr\u0151l. A feleknek azonban mindenk\u00e9ppen meg\u00e1llapod\u00e1sra kell jutniuk &#8211; hangoztatta.<br \/>\nA lengyel minisztereln\u00f6k besz\u00e1molt arr\u00f3l is, hogy a k\u00f6vetkez\u0151 napokban Francois Hollande francia \u00e1llamf\u0151vel, Angela Merkel n\u00e9met kancell\u00e1rral, David Cameron brit minisztereln\u00f6kkel, Jos\u00e9 Manuel Barros\u00f3val, az Eur\u00f3pai Bizotts\u00e1g eln\u00f6k\u00e9vel, a balti orsz\u00e1gok korm\u00e1nyf\u0151ivel, valamint a sv\u00e9d minisztereln\u00f6kkel folytatand\u00f3 megbesz\u00e9l\u00e9sein is egyeztet az ukrajnai helyzetr\u0151l, \u00e9s rem\u00e9lhet\u0151leg siker\u00fcl \u00f6sszhangba hozni \u00e1ll\u00e1spontjaikat.<br \/>\nOrb\u00e1n Viktor azt mondta, Ukrajna eur\u00f3pai uni\u00f3s csatlakoz\u00e1sa eg\u00e9szen a legut\u00f3bbi id\u0151kig elvont \u00e9s elm\u00e9leti k\u00e9rd\u00e9s volt a magyarok sz\u00e1m\u00e1ra. Sokan gondolt\u00e1k, hogy ennek k\u00f6zvetlen hat\u00e1sa nincs az \u00e9let\u00fckre, de ez f\u00e9lre\u00e9rt\u00e9s, mert az Ukrajn\u00e1ban t\u00f6rt\u00e9ntek, &#8222;k\u00f6zvetlen hat\u00e1ssal vannak a mi \u00e9let\u00fcnkre&#8221; &#8211; hangs\u00falyozta. Felh\u00edvta a figyelmet arra, hogy Ukrajna Lengyelorsz\u00e1ggal \u00e9s Magyarorsz\u00e1ggal is hat\u00e1ros.<br \/>\n&#8222;A k\u00e1osz \u00e9s az anarchia vesz\u00e9lye itt van a magyar \u00e1llamhat\u00e1rn\u00e1l&#8221; &#8211; k\u00f6z\u00f6lte, megeml\u00edtve, hogy a szomsz\u00e9dos \u00e1llamban magyarok is \u00e9lnek.<br \/>\nHozz\u00e1tette: olyan szomsz\u00e9dos orsz\u00e1g, amely anarchi\u00e1ba s\u00fcllyedhet, a legs\u00falyosabb kih\u00edv\u00e1st jelenti minden orsz\u00e1g, \u00edgy Magyarorsz\u00e1g sz\u00e1m\u00e1ra is.<br \/>\nA magyar korm\u00e1nyf\u0151 szerint a dolgok komolyra fordultak, ez\u00e9rt kezdem\u00e9nyez\u00e9seket kell tenni. Mint mondta, \u00f6r\u00fcl annak, hogy a lengyel minisztereln\u00f6k a kezdem\u00e9nyez\u00e9sek \u00e9l\u00e9re \u00e1llt.<br \/>\nRem\u00e9li &#8211; folytatta &#8211; , hogy az esti V4 korm\u00e1nyf\u0151i tal\u00e1lkoz\u00f3 ut\u00e1n konkr\u00e9t javaslatokat is megfogalmaznak.<br \/>\nA visegr\u00e1di csoport (Csehorsz\u00e1g, Lengyelorsz\u00e1g, Magyarorsz\u00e1g \u00e9s Szlov\u00e1kia) minisztereln\u00f6kei szerda este az Orsz\u00e1gh\u00e1zban egyeztetnek az ukrajnai helyzetr\u0151l.(MTI)<\/p>\n","protected":false},"excerpt":{"rendered":"<p>El kell ker\u00fclni a dr\u00e1mai forgat\u00f3k\u00f6nyvet Ukrajn\u00e1ban, eg\u00e9sz Eur\u00f3pa \u00e9s els\u0151sorban a k\u00f6z\u00e9p-eur\u00f3pai r\u00e9gi\u00f3 \u00e9rdeke, hogy stabiliz\u00e1l\u00f3djon a helyzet, \u00e9s politikai megegyez\u00e9s sz\u00fclessen az orsz\u00e1gban &#8211; mondta Donald Tusk lengyel minisztereln\u00f6k szerd\u00e1n Budapesten. Orb\u00e1n Viktor korm\u00e1nyf\u0151 azt mondta: &#8222;a k\u00e1osz \u00e9s az anarchia vesz\u00e9lye itt van a magyar \u00e1llamhat\u00e1rn\u00e1l&#8221;.<\/p>\n","protected":false},"author":1,"featured_media":0,"comment_status":"open","ping_status":"closed","sticky":false,"template":"","format":"standard","meta":[],"categories":[12],"tags":[],"_links":{"self":[{"href":"https:\/\/gazdasagportal.hu\/index.php\/wp-json\/wp\/v2\/posts\/26296"}],"collection":[{"href":"https:\/\/gazdasagportal.hu\/index.php\/wp-json\/wp\/v2\/posts"}],"about":[{"href":"https:\/\/gazdasagportal.hu\/index.php\/wp-json\/wp\/v2\/types\/post"}],"author":[{"embeddable":true,"href":"https:\/\/gazdasagportal.hu\/index.php\/wp-json\/wp\/v2\/users\/1"}],"replies":[{"embeddable":true,"href":"https:\/\/gazdasagportal.hu\/index.php\/wp-json\/wp\/v2\/comments?post=26296"}],"version-history":[{"count":1,"href":"https:\/\/gazdasagportal.hu\/index.php\/wp-json\/wp\/v2\/posts\/26296\/revisions"}],"predecessor-version":[{"id":26297,"href":"https:\/\/gazdasagportal.hu\/index.php\/wp-json\/wp\/v2\/posts\/26296\/revisions\/26297"}],"wp:attachment":[{"href":"https:\/\/gazdasagportal.hu\/index.php\/wp-json\/wp\/v2\/media?parent=26296"}],"wp:term":[{"taxonomy":"category","embeddable":true,"href":"https:\/\/gazdasagportal.hu\/index.php\/wp-json\/wp\/v2\/categories?post=26296"},{"taxonomy":"post_tag","embeddable":true,"href":"https:\/\/gazdasagportal.hu\/index.php\/wp-json\/wp\/v2\/tags?post=26296"}],"curies":[{"name":"wp","href":"https:\/\/api.w.org\/{rel}","templated":true}]}}