{"id":26275,"date":"2014-01-29T15:18:12","date_gmt":"2014-01-29T14:18:12","guid":{"rendered":"http:\/\/stockportal.hu\/?p=26275"},"modified":"2014-01-29T15:18:12","modified_gmt":"2014-01-29T14:18:12","slug":"matolcsy-jo-dontes-volt-a-kamatcsokkentesi-folyamat","status":"publish","type":"post","link":"https:\/\/gazdasagportal.hu\/index.php\/matolcsy-jo-dontes-volt-a-kamatcsokkentesi-folyamat\/","title":{"rendered":"Matolcsy: j\u00f3 d\u00f6nt\u00e9s volt a kamatcs\u00f6kkent\u00e9si folyamat"},"content":{"rendered":"<p><strong>Matolcsy Gy\u00f6rgy szerint j\u00f3 d\u00f6nt\u00e9s volt a Magyar Nemzeti Bank (MNB) \u00e1ltal kezdett kamatcs\u00f6kkent\u00e9si folyamat, amelyet szavai szerint a foly\u00f3 fizet\u00e9si m\u00e9rleg tart\u00f3s t\u00f6bblete, valamint az \u00e1llamad\u00f3ss\u00e1g kezel\u00e9s\u00e9ben v\u00e9grehajtott sikeres fordulat is megalapozott. Hozz\u00e1tette: mivel az infl\u00e1ci\u00f3 tart\u00f3san a 3 sz\u00e1zal\u00e9kos infl\u00e1ci\u00f3s c\u00e9l alatt van, ez\u00e9rt defin\u00edci\u00f3szer\u0171en van n\u00e9mi tere a tov\u00e1bbi kamatcs\u00f6kkent\u00e9snek.<!--more--><\/strong><\/p>\n<p>Az MNB eln\u00f6ke szerd\u00e1n az Amerikai Kereskedelmi Kamara \u00fczleti f\u00f3rum\u00e1n hangs\u00falyozta: a v\u00e1ls\u00e1gnak m\u00e9g nincs v\u00e9ge, az eur\u00f3z\u00f3na v\u00e1ls\u00e1ga \u00fajabb hull\u00e1mokat vethet, ez\u00e9rt \u00f3vatos, konzervat\u00edv politik\u00e1ra van sz\u00fcks\u00e9g a korm\u00e1ny \u00e9s a jegybank r\u00e9sz\u00e9r\u0151l is.<br \/>\nMegjegyezte: Magyarorsz\u00e1gon a foly\u00f3 fizet\u00e9si m\u00e9rlegben tart\u00f3san t\u00f6bblet jelentkezik, ami nagy k\u00fcl\u00f6nbs\u00e9g Magyarorsz\u00e1g \u00e9s T\u00f6r\u00f6korsz\u00e1g, vagy sok eur\u00f3pai uni\u00f3s tag\u00e1llam k\u00f6z\u00f6tt.<br \/>\nMatolcsy Gy\u00f6rgy az \u00fajs\u00e1g\u00edr\u00f3k k\u00e9rd\u00e9s\u00e9re nem komment\u00e1lta a szerdai forintgyeng\u00fcl\u00e9st.<br \/>\nAz MNB eln\u00f6ke kifejtette: a korm\u00e1ny \u00e1ltal bevezetett struktur\u00e1lis reformok gazdas\u00e1gi \u00e9s p\u00e9nz\u00fcgyi fordulatot hoztak Magyarorsz\u00e1gon, az unortodox v\u00e1ls\u00e1gkezel\u00e9s sikeres volt. Az orsz\u00e1g kiker\u00fclt az eur\u00f3pai uni\u00f3s t\u00falzottdeficit-elj\u00e1r\u00e1s al\u00f3l, az \u00e1llamh\u00e1ztart\u00e1si hi\u00e1ny cs\u00f6kkent, \u00e9s az orsz\u00e1g \u00faj, fenntarthat\u00f3 gazdas\u00e1gi p\u00e1ly\u00e1ra \u00e1llt.<br \/>\nA struktur\u00e1lis reformok n\u00e9lk\u00fcl k\u00f6z\u00e9pt\u00e1von nem \u00e9rhet\u0151 el fenntarthat\u00f3 GDP-n\u00f6veked\u00e9s, magas foglalkoztatotts\u00e1g, \u00e9s k\u00f6lts\u00e9gvet\u00e9si egyens\u00faly &#8211; fejtette ki Matolcsy Gy\u00f6rgy. Hozz\u00e1tette, hogy sok eur\u00f3pai p\u00e9lda bizony\u00edtja, a megszor\u00edt\u00e1sokkal j\u00e1r\u00f3 reformok nem sikeresek, politikai instabilit\u00e1st okoznak. Magyarorsz\u00e1g ezzel szemben azt az utat v\u00e1lasztotta, hogy a reformok mellett tehermegoszt\u00e1si politik\u00e1t vezetett be.<br \/>\n\u00dagy v\u00e9lte, ez innovat\u00edv, b\u00e1r egyes szektorok sz\u00e1m\u00e1ra f\u00e1jdalmas d\u00f6nt\u00e9s volt, de \u00f6sszess\u00e9g\u00e9ben profit\u00e1lnak bel\u0151le a gazdas\u00e1g szerepl\u0151i.<br \/>\nA jegybank eln\u00f6ke a gazdas\u00e1gi \u00e9s p\u00e9nz\u00fcgyi fordulatot megalapoz\u00f3 d\u00f6nt\u00e9sek k\u00f6z\u00f6tt eml\u00edtette az egykulcsos szem\u00e9lyi j\u00f6vedelemad\u00f3 \u00e9letbe l\u00e9ptet\u00e9s\u00e9t, a bankad\u00f3 \u00e9s a v\u00e1ls\u00e1gad\u00f3k bevezet\u00e9s\u00e9t, a Nemzetk\u00f6zi Valutaalap (IMF) v\u00e9d\u0151h\u00e1l\u00f3ja n\u00e9lk\u00fcli gazdas\u00e1gi v\u00e1ls\u00e1gkezel\u00e9st, a k\u00f6lts\u00e9gvet\u00e9s k\u00e9zben tart\u00e1s\u00e1t \u00e9s az \u00e1llamh\u00e1ztart\u00e1si hi\u00e1ny lefarag\u00e1s\u00e1t, valamint a nem konvencion\u00e1lis monet\u00e1ris eszk\u00f6z\u00f6k alkalmaz\u00e1s\u00e1t. Kiemelte, hogy a kor\u00e1bbi IMF programorsz\u00e1gok k\u00f6z\u00fcl csak k\u00e9t \u00e1llamban, Magyarorsz\u00e1gon \u00e9s Lettorsz\u00e1gban cs\u00f6kkent az \u00e1llamad\u00f3ss\u00e1g.<br \/>\nMatolcsy Gy\u00f6rgy kit\u00e9rt arra is, hogy Magyarorsz\u00e1gon az eur\u00f3pai uni\u00f3s \u00f6sszehasonl\u00edt\u00e1sban is kiemelked\u0151 m\u00e9rt\u00e9kben n\u0151tt a foglalkoztatotts\u00e1g. Az MNB eln\u00f6ke szerint eredm\u00e9nyes volt az egykulcsos ad\u00f3 bevezet\u00e9se, mivel az a munkateljes\u00edtm\u00e9ny n\u00f6vel\u00e9s\u00e9re \u00f6szt\u00f6n\u00f6z. Megjegyezte azt is, hogy a bevezetett \u00faj ad\u00f3strukt\u00fara fenntarthat\u00f3.<br \/>\nEgy k\u00e9rd\u00e9sre v\u00e1laszolva felvetette, hogy a nemzetk\u00f6zi hitelmin\u0151s\u00edt\u0151k szer\u00e9nyebben hozhatn\u00e1k meg d\u00f6nt\u00e9seiket, mivel r\u00e9sz\u00fck volt a gazdas\u00e1gi vil\u00e1gv\u00e1ls\u00e1g kialakul\u00e1s\u00e1ban, hiszen egyes gazdas\u00e1gi folyamatokat nem j\u00f3l \u00edt\u00e9ltek meg.<br \/>\nUgyancsak k\u00e9rd\u00e9sre elmondta: amellett, hogy a gazdas\u00e1g n\u00f6veked\u00e9si p\u00e1ly\u00e1ra \u00e1llt, az orsz\u00e1g meg\u00edt\u00e9l\u00e9s\u00e9t jelent\u0151sen jav\u00edtja a politikai stabilit\u00e1s is, amely manaps\u00e1g jelent\u0151s \u00e9rt\u00e9k.(MTI)<\/p>\n","protected":false},"excerpt":{"rendered":"<p>Matolcsy Gy\u00f6rgy szerint j\u00f3 d\u00f6nt\u00e9s volt a Magyar Nemzeti Bank (MNB) \u00e1ltal kezdett kamatcs\u00f6kkent\u00e9si folyamat, amelyet szavai szerint a foly\u00f3 fizet\u00e9si m\u00e9rleg tart\u00f3s t\u00f6bblete, valamint az \u00e1llamad\u00f3ss\u00e1g kezel\u00e9s\u00e9ben v\u00e9grehajtott sikeres fordulat is megalapozott. Hozz\u00e1tette: mivel az infl\u00e1ci\u00f3 tart\u00f3san a 3 sz\u00e1zal\u00e9kos infl\u00e1ci\u00f3s c\u00e9l alatt van, ez\u00e9rt defin\u00edci\u00f3szer\u0171en van n\u00e9mi tere a tov\u00e1bbi kamatcs\u00f6kkent\u00e9snek.<\/p>\n","protected":false},"author":1,"featured_media":0,"comment_status":"open","ping_status":"closed","sticky":false,"template":"","format":"standard","meta":[],"categories":[19],"tags":[],"_links":{"self":[{"href":"https:\/\/gazdasagportal.hu\/index.php\/wp-json\/wp\/v2\/posts\/26275"}],"collection":[{"href":"https:\/\/gazdasagportal.hu\/index.php\/wp-json\/wp\/v2\/posts"}],"about":[{"href":"https:\/\/gazdasagportal.hu\/index.php\/wp-json\/wp\/v2\/types\/post"}],"author":[{"embeddable":true,"href":"https:\/\/gazdasagportal.hu\/index.php\/wp-json\/wp\/v2\/users\/1"}],"replies":[{"embeddable":true,"href":"https:\/\/gazdasagportal.hu\/index.php\/wp-json\/wp\/v2\/comments?post=26275"}],"version-history":[{"count":1,"href":"https:\/\/gazdasagportal.hu\/index.php\/wp-json\/wp\/v2\/posts\/26275\/revisions"}],"predecessor-version":[{"id":26276,"href":"https:\/\/gazdasagportal.hu\/index.php\/wp-json\/wp\/v2\/posts\/26275\/revisions\/26276"}],"wp:attachment":[{"href":"https:\/\/gazdasagportal.hu\/index.php\/wp-json\/wp\/v2\/media?parent=26275"}],"wp:term":[{"taxonomy":"category","embeddable":true,"href":"https:\/\/gazdasagportal.hu\/index.php\/wp-json\/wp\/v2\/categories?post=26275"},{"taxonomy":"post_tag","embeddable":true,"href":"https:\/\/gazdasagportal.hu\/index.php\/wp-json\/wp\/v2\/tags?post=26275"}],"curies":[{"name":"wp","href":"https:\/\/api.w.org\/{rel}","templated":true}]}}