{"id":26264,"date":"2014-01-29T14:00:48","date_gmt":"2014-01-29T13:00:48","guid":{"rendered":"http:\/\/stockportal.hu\/?p=26264"},"modified":"2014-02-11T16:32:54","modified_gmt":"2014-02-11T15:32:54","slug":"ukrajnai-tuntetesek-kravcsuk-exelnok-kozvetitest-ajanl","status":"publish","type":"post","link":"https:\/\/gazdasagportal.hu\/index.php\/ukrajnai-tuntetesek-kravcsuk-exelnok-kozvetitest-ajanl\/","title":{"rendered":"Ukrajnai t\u00fcntet\u00e9sek &#8211; Kravcsuk exeln\u00f6k k\u00f6zvet\u00edt\u00e9st aj\u00e1nl"},"content":{"rendered":"<p><strong>Leonyid Kravcsuk volt ukr\u00e1n eln\u00f6k szerd\u00e1n felaj\u00e1nlotta, hogy Leonyid Kucsma volt \u00e1llamf\u0151vel egy\u00fctt k\u00f6zvet\u00edt a vezet\u00e9s \u00e9s az ellenz\u00e9k k\u00f6z\u00f6tt a v\u00e1ls\u00e1g rendez\u00e9se \u00e9rdek\u00e9ben. Helyzet\u00e9rt\u00e9kel\u00e9se szerint az orsz\u00e1g a polg\u00e1rh\u00e1bor\u00fa sz\u00e9l\u00e9re sodr\u00f3dott.<!--more--><\/strong><\/p>\n<p>Ukrajna els\u0151 \u00e1llamf\u0151je &#8211; 1991 \u00e9s 1994 k\u00f6z\u00f6tt t\u00f6lt\u00f6tte be a posztot &#8211; a parlament \u00fcl\u00e9s\u00e9n azt is felaj\u00e1nlotta, hogy a k\u00f6zvet\u00edt\u00e9sr\u0151l k\u00e9sz szem\u00e9lyesen is t\u00e1j\u00e9koztatni a lakoss\u00e1got. Mint mondta, ennek k\u00f6sz\u00f6nhet\u0151en az emberek tudni fogj\u00e1k, ha nem teljes\u00fcl valami a meg\u00e1llapod\u00e1sokb\u00f3l, \u00e9s az\u00e9rt melyik oldal lesz a felel\u0151s. A k\u00f6zvet\u00edt\u0151i szerepre szerinte az\u00e9rt van sz\u00fcks\u00e9g, mert m\u00e9lys\u00e9ges bizalmatlans\u00e1g alakult ki az ellenz\u00e9k \u00e9s Viktor Janukovics jelenlegi eln\u00f6k k\u00f6z\u00f6tt.<br \/>\nFelsz\u00f3l\u00edtotta a parlamenti k\u00e9pvisel\u0151ket, hogy felel\u0151ss\u00e9ggel kezelj\u00e9k az orsz\u00e1gban kialakult helyzetet, \u00e1ll\u00edts\u00e1k meg az \u00e1llam ir\u00e1ny\u00edthatatlann\u00e1 v\u00e1l\u00e1s\u00e1nak folyamat\u00e1t.<br \/>\n&#8222;Az eg\u00e9sz vil\u00e1g \u00e9s Ukrajna is elismeri, hogy az \u00e1llam a polg\u00e1rh\u00e1bor\u00fa sz\u00e9l\u00e9re sodr\u00f3dott. Az orsz\u00e1gban kett\u0151s hatalom van. A tiltakoz\u00f3 akci\u00f3k felkel\u00e9ss\u00e9 n\u0151tt\u00e9k ki magukat. Nevezz\u00fck nev\u00fck\u00f6n a dolgokat: az orsz\u00e1gban forradalom zajlik&#8221; &#8211; hangoztatta az exeln\u00f6k.<br \/>\nKravcsuk tavaly decemberben sz\u00e9les k\u00f6r\u0171, \u00fagynevezett nemzeti kerekasztal-megbesz\u00e9l\u00e9seket szervezett a volt eln\u00f6k\u00f6k, a jelenlegi vezet\u00e9s, az ellenz\u00e9k, a t\u00fcntet\u0151k \u00e9s a t\u00e1rsadalmi szervezetek, valamint az egyh\u00e1zak k\u00e9pvisel\u0151inek r\u00e9szv\u00e9tel\u00e9vel. A kezdem\u00e9nyez\u00e9s azonban nem vezetett eredm\u00e9nyre, miut\u00e1n sem Janukovics eln\u00f6k, sem az ellenz\u00e9k nem volt hajland\u00f3 ebben a form\u00e1ban folytatni a t\u00e1rgyal\u00e1sokat. Jelenleg j\u00f3val sz\u0171kebb k\u00f6rben zajlanak a t\u00e1rgyal\u00e1sok a v\u00e1ls\u00e1g rendez\u00e9s\u00e9re, ezeken Janukovics eln\u00f6k, a h\u00e1rom parlamenti ellenz\u00e9ki p\u00e1rt vezet\u0151i, illetve Olena Lukas igazs\u00e1g\u00fcgyi miniszter \u00e9s Andrij Portnov, az eln\u00f6ki hivatal vezet\u0151je vesz r\u00e9szt. A legut\u00f3bbi t\u00e1rgyal\u00e1suk h\u00e9tf\u0151n volt, akkor \u00e1llapodtak meg abban, hogy hat\u00e1lyon k\u00edv\u00fcl helyezik a t\u00fcntet\u00e9sellenes t\u00f6rv\u00e9nyeket.(MTI)<\/p>\n","protected":false},"excerpt":{"rendered":"<p>Leonyid Kravcsuk volt ukr\u00e1n eln\u00f6k szerd\u00e1n felaj\u00e1nlotta, hogy Leonyid Kucsma volt \u00e1llamf\u0151vel egy\u00fctt k\u00f6zvet\u00edt a vezet\u00e9s \u00e9s az ellenz\u00e9k k\u00f6z\u00f6tt a v\u00e1ls\u00e1g rendez\u00e9se \u00e9rdek\u00e9ben. Helyzet\u00e9rt\u00e9kel\u00e9se szerint az orsz\u00e1g a polg\u00e1rh\u00e1bor\u00fa sz\u00e9l\u00e9re sodr\u00f3dott.<\/p>\n","protected":false},"author":1,"featured_media":0,"comment_status":"open","ping_status":"closed","sticky":false,"template":"","format":"standard","meta":[],"categories":[12,139],"tags":[],"_links":{"self":[{"href":"https:\/\/gazdasagportal.hu\/index.php\/wp-json\/wp\/v2\/posts\/26264"}],"collection":[{"href":"https:\/\/gazdasagportal.hu\/index.php\/wp-json\/wp\/v2\/posts"}],"about":[{"href":"https:\/\/gazdasagportal.hu\/index.php\/wp-json\/wp\/v2\/types\/post"}],"author":[{"embeddable":true,"href":"https:\/\/gazdasagportal.hu\/index.php\/wp-json\/wp\/v2\/users\/1"}],"replies":[{"embeddable":true,"href":"https:\/\/gazdasagportal.hu\/index.php\/wp-json\/wp\/v2\/comments?post=26264"}],"version-history":[{"count":1,"href":"https:\/\/gazdasagportal.hu\/index.php\/wp-json\/wp\/v2\/posts\/26264\/revisions"}],"predecessor-version":[{"id":26265,"href":"https:\/\/gazdasagportal.hu\/index.php\/wp-json\/wp\/v2\/posts\/26264\/revisions\/26265"}],"wp:attachment":[{"href":"https:\/\/gazdasagportal.hu\/index.php\/wp-json\/wp\/v2\/media?parent=26264"}],"wp:term":[{"taxonomy":"category","embeddable":true,"href":"https:\/\/gazdasagportal.hu\/index.php\/wp-json\/wp\/v2\/categories?post=26264"},{"taxonomy":"post_tag","embeddable":true,"href":"https:\/\/gazdasagportal.hu\/index.php\/wp-json\/wp\/v2\/tags?post=26264"}],"curies":[{"name":"wp","href":"https:\/\/api.w.org\/{rel}","templated":true}]}}