{"id":26253,"date":"2014-01-29T11:18:26","date_gmt":"2014-01-29T10:18:26","guid":{"rendered":"http:\/\/stockportal.hu\/?p=26253"},"modified":"2014-01-29T11:18:26","modified_gmt":"2014-01-29T10:18:26","slug":"itt-az-ideje-hogy-obama-atgondolja-azsia-politikajat","status":"publish","type":"post","link":"https:\/\/gazdasagportal.hu\/index.php\/itt-az-ideje-hogy-obama-atgondolja-azsia-politikajat\/","title":{"rendered":"Itt az ideje, hogy Obama \u00e1tgondolja \u00c1zsia-politik\u00e1j\u00e1t"},"content":{"rendered":"<p><strong>\u00dajragondol\u00e1sra aj\u00e1nlja Barack Obama amerikai eln\u00f6knek frissen meger\u0151s\u00edtett \u00c1zsia-politik\u00e1j\u00e1t szerdai jegyzet\u00e9ben a k\u00ednai \u00e1llami h\u00edr\u00fcgyn\u00f6ks\u00e9g, a Hszinhua komment\u00e1tora, aki szerint az Egyes\u00fclt \u00c1llamok t\u00e9rs\u00e9gi politik\u00e1ja nem m\u0171k\u00f6dik.<!--more--><\/strong><\/p>\n<p>A szerz\u0151 azut\u00e1n ragadott tollat, hogy Obama keddi \u00e9v\u00e9rt\u00e9kel\u0151 besz\u00e9d\u00e9ben meger\u0151s\u00edtette, Washington tov\u00e1bbra is kiemelt figyelemmel \u00f6sszpontos\u00edt az \u00e1zsiai \u00e9s csendes-\u00f3ce\u00e1ni t\u00e9rs\u00e9gre, t\u00e1mogatja ottani sz\u00f6vets\u00e9geseit.<br \/>\nA Hszinhua szerint egy &#8222;konstrukt\u00edv Amerika val\u00f3s\u00e1gos \u00e1ld\u00e1s&#8221; lenne a r\u00e9gi\u00f3nak, de Obam\u00e1nak be kell l\u00e1tnia, hogy t\u00e9rs\u00e9gi politik\u00e1ja nem m\u0171k\u00f6dik, s ez\u00e9rt &#8222;friss\u00edteni kellene&#8221;. A szerz\u0151 \u00fagy v\u00e9li, Washington &#8222;\u00c1zsia-doktr\u00edn\u00e1ja&#8221; az Egyes\u00fclt \u00c1llamok hegem\u00f3ni\u00e1j\u00e1nak \u00e9s biztons\u00e1gi \u00e9rdekeinek v\u00e1ltozatlans\u00e1g\u00e1t biztos\u00edt\u00f3 elt\u00f6k\u00e9lts\u00e9gben gy\u00f6kerezik.<br \/>\nA cikk\u00edr\u00f3 eml\u00e9keztet arra, hogy az Obama-korm\u00e1nyzat \u00e1tcsoportos\u00edt\u00e1sok r\u00e9v\u00e9n hadiflott\u00e1j\u00e1nak 60 sz\u00e1zal\u00e9k\u00e1t a t\u00e9rs\u00e9gbe k\u00edv\u00e1nja ir\u00e1ny\u00edtani, s a csendes-\u00f3ce\u00e1ni parancsnoks\u00e1got a legkorszer\u0171bb, cs\u00facstechnik\u00e1t k\u00e9pvisel\u0151 hadifelszerel\u00e9ssel k\u00edv\u00e1nja ell\u00e1tni 2020-ig. C\u00e9lja &#8211; sejteti a cikk &#8211; a gyorsan fejl\u0151d\u0151 K\u00edna &#8222;feltart\u00f3ztat\u00e1sa&#8221;.<br \/>\nA Hszinhua Washington szem\u00e9re veti, hogy r\u00e9szese a region\u00e1lis ter\u00fcleti konfliktusoknak, s m\u00e9g ha semlegess\u00e9g\u00e9t is hangoztatja, val\u00f3j\u00e1ban sz\u00f6vets\u00e9gesei p\u00e1rtj\u00e1n \u00e1ll. Azt is megjegyzi, hogy az amerikai katonai jelenl\u00e9t meger\u0151s\u00edt\u00e9s\u00e9r\u0151l sz\u00f3l\u00f3 \u00edg\u00e9retek m\u00e1ris bonyolultabb\u00e1, vesz\u00e9lyesebb\u00e9 tett\u00e9k a helyzetet. Javaslata szerint az Obama-adminisztr\u00e1ci\u00f3nak abba kellene hagynia &#8222;bajkever\u0151 sz\u00f6vets\u00e9geseinek k\u00e9nyeztet\u00e9s\u00e9t&#8221;, am\u00fagy meg az &#8222;\u00f3vatoss\u00e1g er\u00e9ny\u00e9t&#8221; aj\u00e1nlja a figyelm\u00e9be.(MTI)<\/p>\n","protected":false},"excerpt":{"rendered":"<p>\u00dajragondol\u00e1sra aj\u00e1nlja Barack Obama amerikai eln\u00f6knek frissen meger\u0151s\u00edtett \u00c1zsia-politik\u00e1j\u00e1t szerdai jegyzet\u00e9ben a k\u00ednai \u00e1llami h\u00edr\u00fcgyn\u00f6ks\u00e9g, a Hszinhua komment\u00e1tora, aki szerint az Egyes\u00fclt \u00c1llamok t\u00e9rs\u00e9gi politik\u00e1ja nem m\u0171k\u00f6dik.<\/p>\n","protected":false},"author":1,"featured_media":0,"comment_status":"open","ping_status":"closed","sticky":false,"template":"","format":"standard","meta":[],"categories":[14],"tags":[],"_links":{"self":[{"href":"https:\/\/gazdasagportal.hu\/index.php\/wp-json\/wp\/v2\/posts\/26253"}],"collection":[{"href":"https:\/\/gazdasagportal.hu\/index.php\/wp-json\/wp\/v2\/posts"}],"about":[{"href":"https:\/\/gazdasagportal.hu\/index.php\/wp-json\/wp\/v2\/types\/post"}],"author":[{"embeddable":true,"href":"https:\/\/gazdasagportal.hu\/index.php\/wp-json\/wp\/v2\/users\/1"}],"replies":[{"embeddable":true,"href":"https:\/\/gazdasagportal.hu\/index.php\/wp-json\/wp\/v2\/comments?post=26253"}],"version-history":[{"count":1,"href":"https:\/\/gazdasagportal.hu\/index.php\/wp-json\/wp\/v2\/posts\/26253\/revisions"}],"predecessor-version":[{"id":26254,"href":"https:\/\/gazdasagportal.hu\/index.php\/wp-json\/wp\/v2\/posts\/26253\/revisions\/26254"}],"wp:attachment":[{"href":"https:\/\/gazdasagportal.hu\/index.php\/wp-json\/wp\/v2\/media?parent=26253"}],"wp:term":[{"taxonomy":"category","embeddable":true,"href":"https:\/\/gazdasagportal.hu\/index.php\/wp-json\/wp\/v2\/categories?post=26253"},{"taxonomy":"post_tag","embeddable":true,"href":"https:\/\/gazdasagportal.hu\/index.php\/wp-json\/wp\/v2\/tags?post=26253"}],"curies":[{"name":"wp","href":"https:\/\/api.w.org\/{rel}","templated":true}]}}