{"id":26228,"date":"2014-01-29T09:44:45","date_gmt":"2014-01-29T08:44:45","guid":{"rendered":"http:\/\/stockportal.hu\/?p=26228"},"modified":"2014-01-29T10:58:05","modified_gmt":"2014-01-29T09:58:05","slug":"obama-ez-az-ev-attorest-hozhat-amerika-szamara","status":"publish","type":"post","link":"https:\/\/gazdasagportal.hu\/index.php\/obama-ez-az-ev-attorest-hozhat-amerika-szamara\/","title":{"rendered":"Obama: ez az \u00e9v \u00e1tt\u00f6r\u00e9st hozhat Amerika sz\u00e1m\u00e1ra"},"content":{"rendered":"<p><strong>Az amerikai eln\u00f6k az es\u00e9lyegyenl\u0151s\u00e9g er\u0151s\u00edt\u00e9s\u00e9re \u00e9s a j\u00f6vedelemk\u00fcl\u00f6nbs\u00e9gek cs\u00f6kkent\u00e9s\u00e9t c\u00e9lz\u00f3 int\u00e9zked\u00e9seire helyezte a f\u0151 hangs\u00falyt a helyi id\u0151 szerint kedd \u00e9jjel a kongresszus k\u00e9t h\u00e1za el\u0151tt elmondott, az uni\u00f3 helyzet\u00e9r\u0151l sz\u00f3l\u00f3 hagyom\u00e1nyos \u00fczenet\u00e9ben.<!--more--><\/strong><\/p>\n<p><a href=\"https:\/\/www.ironfx.com\/hu\/register?utm_source=631980&amp;utm_medium=ib_link&amp;utm_campaign=IB\" target=\"_blank\" rel=\"noopener\"><img decoding=\"async\" loading=\"lazy\" class=\"alignnone size-full wp-image-26230\" alt=\"IronFX_special-bonus_728x90_HU\" src=\"http:\/\/stockportal.hu\/wp-content\/uploads\/2014\/01\/IronFX_special-bonus_728x90_HU.gif\" width=\"970\" height=\"90\" \/><\/a><\/p>\n<p>&nbsp;<\/p>\n<p>Barack Obama szerint a 2014-es esztend\u0151 \u00e1tt\u00f6r\u00e9st hozhat az orsz\u00e1g sz\u00e1m\u00e1ra, \u00e9s Amerika jobb helyzetben v\u00e1g neki a 21. sz\u00e1zadnak, mint b\u00e1rmely m\u00e1s orsz\u00e1g. Ezt a k\u00f6zelm\u00falt kedvez\u0151 gazdas\u00e1gi mutat\u00f3ival t\u00e1masztotta al\u00e1. &#8222;T\u00f6bb mint egy \u00e9vtized \u00f3ta el\u0151sz\u00f6r jelentett\u00e9k ki vil\u00e1gszerte gazdas\u00e1gi vezet\u0151k, hogy nem K\u00edna a vil\u00e1g els\u0151 sz\u00e1m\u00fa befektet\u00e9si helye, hanem Amerika&#8221; &#8211; mondta az eln\u00f6k.<br \/>\nM\u00e9ltatta a k\u00f6lts\u00e9gvet\u00e9s \u00fcgy\u00e9ben megk\u00f6t\u00f6tt kongresszusi k\u00e9tp\u00e1rti kompromisszumokat, de \u00fagy v\u00e9lekedett, hogy nagyobb er\u0151fesz\u00edt\u00e9seket kell tenni a munkahelyteremt\u00e9s \u00e9s az \u00faj v\u00e1ls\u00e1gok elker\u00fcl\u00e9se \u00e9rdek\u00e9ben.<br \/>\n&#8222;\u00dagy v\u00e9lem, hogy ezt a nemzetet fajra, r\u00e9gi\u00f3ra vagy p\u00e1rtra val\u00f3 tekintet n\u00e9lk\u00fcl, a fiatalokat \u00e9s az id\u0151seket, a szeg\u00e9nyeket \u00e9s a gazdagokat egyar\u00e1nt a mindenki sz\u00e1m\u00e1ra el\u00e9rhet\u0151 lehet\u0151s\u00e9gekbe vetett, egyszer\u0171 \u00e9s m\u00e9ly hit egyes\u00edti &#8211; az az eszme, hogy ha valaki kem\u00e9nyen dolgozik \u00e9s v\u00e1llalja a felel\u0151ss\u00e9get, akkor el\u0151re juthat&#8221; &#8211; mondta.<br \/>\nInt\u00e9zked\u00e9seket helyezett kil\u00e1t\u00e1sba a k\u00f6z\u00e9poszt\u00e1ly v\u00e9delm\u00e9re \u00e9s az ebbe a t\u00e1rsadalmi kateg\u00f3ri\u00e1ba val\u00f3 feljut\u00e1s megk\u00f6nny\u00edt\u00e9s\u00e9re &#8211; ak\u00e1r t\u00e1mogatja azokat a kongresszus, ak\u00e1r nem.<br \/>\nEgy\u00fcttm\u0171k\u00f6d\u00e9sre sz\u00f3l\u00edtotta fel a kongresszust az ad\u00f3rendszer olyan kiskapuinak bez\u00e1r\u00e1sa \u00e9rdek\u00e9ben, amelyek a termel\u00e9s k\u00fclf\u00f6ldre telep\u00edt\u00e9s\u00e9t \u00f6szt\u00f6nzik, \u00e9s k\u00e9rte, hogy cs\u00f6kkents\u00e9k az Amerik\u00e1ban munkahelyeket teremt\u0151 v\u00e1llalkoz\u00e1sok terheit.<br \/>\nBejelentette, hogy a fejlett technol\u00f3gi\u00e1j\u00fa termel\u00e9s fellend\u00edt\u00e9se \u00e9rdek\u00e9ben a korm\u00e1nya \u00e1ltal eddig l\u00e9trehozott k\u00e9t ipari park mellett tov\u00e1bbi hatot fognak l\u00e9tes\u00edteni. Hangs\u00falyozta, hogy az Eur\u00f3p\u00e1val \u00e9s az \u00e1zsiai-csendes-\u00f3ce\u00e1ni t\u00e9rs\u00e9ggel megk\u00f6tend\u0151 kereskedelmi partners\u00e9gek c\u00e9lja a munkahelyteremt\u00e9s.<br \/>\nS\u00fcrgette a kutat\u00e1s-fejleszt\u00e9s sz\u00f6vets\u00e9gi finansz\u00edroz\u00e1s\u00e1nak n\u00f6vel\u00e9s\u00e9t \u00e9s a szabadalmaztat\u00e1s reformj\u00e1t. A k\u00f6rnyezetv\u00e9delemmel kapcsolatban azt mondta, hogy a hagyom\u00e1nyos t\u00fczel\u0151anyag-iparnak adott 4 milli\u00e1rd doll\u00e1ros ad\u00f3kedvezm\u00e9nyt ink\u00e1bb a j\u00f6v\u0151 \u00fczemanyagainak t\u00e1mogat\u00e1s\u00e1ra kellene ford\u00edtani. \u00daj norm\u00e1k bevezet\u00e9s\u00e9t kezdem\u00e9nyezte az er\u0151m\u0171vek sz\u00e9n-dioxid-kibocs\u00e1t\u00e1s\u00e1val kapcsolatban.<br \/>\nSz\u00f3t emelt a bev\u00e1ndorl\u00e1s reformja mellett, ami szerinte k\u00e9t \u00e9vtized alatt 1000 milli\u00e1rd doll\u00e1rral cs\u00f6kkentheti a deficitet. Bejelentette, hogy a szolg\u00e1ltat\u00f3k ig\u00e9nyeit jobban kiel\u00e9g\u00edt\u0151 k\u00e9pz\u00e9si program kidolgoz\u00e1s\u00e1t kezdem\u00e9nyezte, \u00e9s a tart\u00f3san munkan\u00e9lk\u00fcliek seg\u00e9lyez\u00e9s\u00e9nek meg\u00faj\u00edt\u00e1s\u00e1t k\u00e9rte a kongresszust\u00f3l. Elmondta: arra k\u00e9rte a legnagyobb amerikai c\u00e9gek vezet\u0151it, hogy nagyobb sz\u00e1mban alkalmazzanak olyanokat, akik m\u00e1r r\u00e9g\u00f3ta nem tal\u00e1lnak munk\u00e1t.<br \/>\nHangs\u00falyozta a val\u00f3s gazdas\u00e1gi ig\u00e9nyeket kiel\u00e9g\u00edt\u0151 k\u00e9pz\u00e9snek, valamint annak a fontoss\u00e1g\u00e1t, hogy a gyerekek sz\u00e1m\u00e1ra m\u00e1r a legals\u00f3 szint\u0171 oktat\u00e1sban biztos\u00edts\u00e1k a hozz\u00e1f\u00e9r\u00e9st a leg\u00fajabb gener\u00e1ci\u00f3s kommunik\u00e1ci\u00f3s eszk\u00f6z\u00f6kh\u00f6z.<br \/>\nObama k\u00f6z\u00f6lte, hogy a k\u00f6vetkez\u0151 hetekben eln\u00f6ki rendelettel &#8211; a kor\u00e1bbi 7 doll\u00e1r 25 centr\u0151l &#8211; 10 doll\u00e1r 10 centre fogja emelni a sz\u00f6vets\u00e9gi alkalmazottak minim\u00e1lis \u00f3rab\u00e9r\u00e9t. S\u00fcrgette a kongresszust, hogy a t\u00f6rv\u00e9nyhoz\u00e1sban elakadt jogszab\u00e1lytervezet t\u00e1mogat\u00e1s\u00e1val orsz\u00e1gos szinten ugyanennyire emelje meg a minim\u00e1lb\u00e9rt.<br \/>\nBejelentette, hogy elrendelte egy \u00faj t\u00edpus\u00fa mag\u00e1nnyugd\u00edj-rendszer kidolgoz\u00e1s\u00e1t. V\u00e9delm\u00e9be vette az eg\u00e9szs\u00e9g\u00fcgyi reformot, \u00e9s arra b\u00e1tor\u00edtotta az amerikaiakat, hogy a m\u00e1rcius 31-\u00e9n lej\u00e1r\u00f3 hat\u00e1rid\u0151ig min\u00e9l t\u00f6bben k\u00f6ssenek biztos\u00edt\u00e1st.<br \/>\nA nemzetk\u00f6zi k\u00e9rd\u00e9sek k\u00f6z\u00fcl el\u0151sz\u00f6r az id\u00e9n befejez\u0151d\u0151 afganiszt\u00e1ni csapatkivon\u00e1sr\u00f3l sz\u00f3lt, r\u00e1mutatva, hogy ha Kabul al\u00e1\u00edrja a k\u00e9toldal\u00fa biztons\u00e1gi meg\u00e1llapod\u00e1st, akkor a NATO-sz\u00f6vets\u00e9gesekkel egy\u00fctt egy kis l\u00e9tsz\u00e1m\u00fa amerikai kontingens is az orsz\u00e1gban marad. A terrorizmus elleni k\u00fczdelem t\u00e1mogat\u00e1s\u00e1nak folytat\u00e1st \u00edg\u00e9rte Jemenben, Szom\u00e1li\u00e1ban, Irakban \u00e9s Maliban, valamint a terrorizmust elutas\u00edt\u00f3 sz\u00edriai ellenz\u00e9k megseg\u00edt\u00e9s\u00e9t. A sz\u00edriaiak diktat\u00fara, terror \u00e9s f\u00e9lelem n\u00e9lk\u00fcli \u00e9letet \u00e9rdemelnek &#8211; mondta. Kit\u00e9rt az \u00faj t\u00edpus\u00fa fenyeget\u00e9sek elleni v\u00e9delem \u00e9s a katonai k\u00f6lts\u00e9gvet\u00e9s reformj\u00e1nak fontoss\u00e1g\u00e1ra is.<br \/>\nS\u00fcrgette hogy a kongresszus a Guant\u00e1nam\u00f3i-\u00f6b\u00f6lben tal\u00e1lhat\u00f3 b\u00f6rt\u00f6n bez\u00e1r\u00e1sa \u00e9rdek\u00e9ben id\u00e9n t\u00f6r\u00f6lje el a foglyok elsz\u00e1ll\u00edt\u00e1s\u00e1ra vonatkoz\u00f3 \u00f6sszes tilalmat.<br \/>\nHangs\u00falyozta, hogy f\u0151parancsnokk\u00e9nt k\u00e9sz er\u0151t alkalmazni az amerikaiak v\u00e9delm\u00e9ben, \u00fcld\u00f6zni fogja a terrorszervezeteket, de Amerik\u00e1nak ideje kiker\u00fclni az \u00e1lland\u00f3 hadi k\u00e9sz\u00fclts\u00e9g \u00e1llapot\u00e1b\u00f3l. Mint mondta, ennek a t\u00f6rekv\u00e9snek a szellem\u00e9ben korl\u00e1tozta a dr\u00f3ncsap\u00e1sokat \u00e9s fogott bele a megfigyel\u00e9si programok reformj\u00e1ba.<br \/>\nA t\u00f6megpuszt\u00edt\u00f3 fegyverek visszaszor\u00edt\u00e1sa ter\u00e9n el\u00e9rt sikerek k\u00f6z\u00f6tt eml\u00edtette meg, hogy elkezd\u0151d\u00f6tt a sz\u00edriai vegyi fegyverek megsemmis\u00edt\u00e9se, \u00e9s t\u00e1rgyal\u00e1sok kezd\u0151dtek annak szavatol\u00e1s\u00e1r\u00f3l is, hogy Ir\u00e1n ne fejleszthessen ki nukle\u00e1ris fegyvert. Az eln\u00f6k ugyanakkor kil\u00e1t\u00e1sba helyezte, hogy v\u00e9t\u00f3t emel, ha a kongresszus \u00fajabb szankci\u00f3kat szavaz meg Ir\u00e1n ellen.<br \/>\n&#8222;Nemzetbiztons\u00e1gunk \u00e9rdek\u00e9ben es\u00e9lyt kell adnunk a diplom\u00e1ci\u00e1nak a sikerre&#8221; &#8211; mondta, elismerve, hogy a Teher\u00e1nnal folytatott t\u00e1rgyal\u00e1sok nehezek, ak\u00e1r kudarccal is v\u00e9gz\u0151dhetnek, \u00e9s Amerika tudat\u00e1ban annak, hogy Ir\u00e1n t\u00e1mogatja a terrorszervezeteket.<br \/>\nAz amerikai-eur\u00f3pai sz\u00f6vets\u00e9gr\u0151l kijelentette, hogy az a leger\u0151sebb marad, amit &#8222;a vil\u00e1g valaha is ismert&#8221;.<br \/>\n&#8222;Ukrajn\u00e1ban ki\u00e1llunk azon elv mellett, hogy mindenkinek joga van a szabad \u00e9s b\u00e9k\u00e9s \u00f6nkifejez\u00e9sre, valamint arra, hogy belesz\u00f3ljon az orsz\u00e1ga j\u00f6v\u0151j\u00e9be&#8221; &#8211; mondta Barack Obama.(MTI)<\/p><div id=\"gazda-1595422086\" class=\"gazda-tartalomban gazda-entity-placement\"><script async src=\"https:\/\/pagead2.googlesyndication.com\/pagead\/js\/adsbygoogle.js\"><\/script>\r\n<ins class=\"adsbygoogle\"\r\n     style=\"display:block\"\r\n     data-ad-format=\"fluid\"\r\n     data-ad-layout-key=\"-6t+ed+2i-1n-4w\"\r\n     data-ad-client=\"ca-pub-1959107119989764\"\r\n     data-ad-slot=\"4008251320\"><\/ins>\r\n<script>\r\n     (adsbygoogle = window.adsbygoogle || []).push({});\r\n<\/script><\/div>\n","protected":false},"excerpt":{"rendered":"<p>Az amerikai eln\u00f6k az es\u00e9lyegyenl\u0151s\u00e9g er\u0151s\u00edt\u00e9s\u00e9re \u00e9s a j\u00f6vedelemk\u00fcl\u00f6nbs\u00e9gek cs\u00f6kkent\u00e9s\u00e9t c\u00e9lz\u00f3 int\u00e9zked\u00e9seire helyezte a f\u0151 hangs\u00falyt a helyi id\u0151 szerint kedd \u00e9jjel a kongresszus k\u00e9t h\u00e1za el\u0151tt elmondott, az uni\u00f3 helyzet\u00e9r\u0151l sz\u00f3l\u00f3 hagyom\u00e1nyos \u00fczenet\u00e9ben.<\/p>\n","protected":false},"author":1,"featured_media":680,"comment_status":"open","ping_status":"closed","sticky":false,"template":"","format":"standard","meta":[],"categories":[13],"tags":[],"_links":{"self":[{"href":"https:\/\/gazdasagportal.hu\/index.php\/wp-json\/wp\/v2\/posts\/26228"}],"collection":[{"href":"https:\/\/gazdasagportal.hu\/index.php\/wp-json\/wp\/v2\/posts"}],"about":[{"href":"https:\/\/gazdasagportal.hu\/index.php\/wp-json\/wp\/v2\/types\/post"}],"author":[{"embeddable":true,"href":"https:\/\/gazdasagportal.hu\/index.php\/wp-json\/wp\/v2\/users\/1"}],"replies":[{"embeddable":true,"href":"https:\/\/gazdasagportal.hu\/index.php\/wp-json\/wp\/v2\/comments?post=26228"}],"version-history":[{"count":4,"href":"https:\/\/gazdasagportal.hu\/index.php\/wp-json\/wp\/v2\/posts\/26228\/revisions"}],"predecessor-version":[{"id":26250,"href":"https:\/\/gazdasagportal.hu\/index.php\/wp-json\/wp\/v2\/posts\/26228\/revisions\/26250"}],"wp:featuredmedia":[{"embeddable":true,"href":"https:\/\/gazdasagportal.hu\/index.php\/wp-json\/wp\/v2\/media\/680"}],"wp:attachment":[{"href":"https:\/\/gazdasagportal.hu\/index.php\/wp-json\/wp\/v2\/media?parent=26228"}],"wp:term":[{"taxonomy":"category","embeddable":true,"href":"https:\/\/gazdasagportal.hu\/index.php\/wp-json\/wp\/v2\/categories?post=26228"},{"taxonomy":"post_tag","embeddable":true,"href":"https:\/\/gazdasagportal.hu\/index.php\/wp-json\/wp\/v2\/tags?post=26228"}],"curies":[{"name":"wp","href":"https:\/\/api.w.org\/{rel}","templated":true}]}}