{"id":26226,"date":"2014-01-29T09:24:33","date_gmt":"2014-01-29T08:24:33","guid":{"rendered":"http:\/\/stockportal.hu\/?p=26226"},"modified":"2014-01-29T09:24:33","modified_gmt":"2014-01-29T08:24:33","slug":"valasztas-2014-facebook-oldalt-inditott-az-elso-valasztoknak-az-nvi","status":"publish","type":"post","link":"https:\/\/gazdasagportal.hu\/index.php\/valasztas-2014-facebook-oldalt-inditott-az-elso-valasztoknak-az-nvi\/","title":{"rendered":"V\u00e1laszt\u00e1s 2014 &#8211; Facebook-oldalt ind\u00edtott az els\u0151 v\u00e1laszt\u00f3knak az NVI"},"content":{"rendered":"<p><strong>Facebook-oldalt ind\u00edtott az \u00e1prilisban el\u0151sz\u00f6r v\u00e1laszt\u00f3knak a Nemzeti V\u00e1laszt\u00e1si Iroda (NVI). Az oldalon a v\u00e1laszt\u00e1shoz kapcsol\u00f3d\u00f3 inform\u00e1ci\u00f3kat tesznek k\u00f6zz\u00e9.<!--more--><\/strong><\/p>\n<p>\u00c1prilisban k\u00f6r\u00fclbel\u00fcl 400 ezer fiatal (18-22 \u00e9ves) lesz jogosult arra, hogy el\u0151sz\u00f6r szavazhasson a parlamenti v\u00e1laszt\u00e1son, \u0151k azok, akik a 2010-es v\u00e1laszt\u00e1son m\u00e9g nem voltak szavaz\u00f3kor\u00faak, de az az\u00f3ta eltelt id\u0151ben nagykor\u00fav\u00e1 v\u00e1ltak. Az NVI az \u0151 t\u00e1j\u00e9koztat\u00e1sukra ind\u00edtotta oldal\u00e1t a facebook.com\/elsovalaszto2014 c\u00edmen.<br \/>\nAz oldalon a v\u00e1laszt\u00e1shoz kapcsol\u00f3d\u00f3 inform\u00e1ci\u00f3kat, adatokat, grafikonokat, \u00e1br\u00e1kat tesz k\u00f6zz\u00e9 az NVI, \u00e9s terveznek egy kv\u00edzj\u00e1t\u00e9kot is.<br \/>\nAz oldal nem az NVI int\u00e9zm\u00e9nyi oldala, hanem kifejezetten az els\u0151v\u00e1laszt\u00f3k sz\u00e1m\u00e1ra k\u00e9sz\u00fclt tematikus oldal. Janu\u00e1rban \u00e9s febru\u00e1rban els\u0151sorban a kamp\u00e1ny c\u00e9lj\u00e1t mutatj\u00e1k be, \u00e9s \u00e1ltal\u00e1nosabb, t\u00e1j\u00e9koztat\u00f3 jelleg\u0171 inform\u00e1ci\u00f3kat tesznek k\u00f6zz\u00e9. M\u00e1rcius-\u00e1prilis folyam\u00e1n pedig hangs\u00falyosabb szerepet kap a v\u00e1laszt\u00e1son val\u00f3 r\u00e9szv\u00e9telre t\u00f6rt\u00e9n\u0151 felh\u00edv\u00e1s, a v\u00e1laszt\u00e1s jelent\u00e9s\u00e9nek, fontoss\u00e1g\u00e1nak bemutat\u00e1sa, a r\u00e9szv\u00e9tel \u00f6szt\u00f6nz\u00e9se. (MTI)<\/p>\n","protected":false},"excerpt":{"rendered":"<p>Facebook-oldalt ind\u00edtott az \u00e1prilisban el\u0151sz\u00f6r v\u00e1laszt\u00f3knak a Nemzeti V\u00e1laszt\u00e1si Iroda (NVI). Az oldalon a v\u00e1laszt\u00e1shoz kapcsol\u00f3d\u00f3 inform\u00e1ci\u00f3kat tesznek k\u00f6zz\u00e9.<\/p>\n","protected":false},"author":1,"featured_media":0,"comment_status":"open","ping_status":"closed","sticky":false,"template":"","format":"standard","meta":[],"categories":[18],"tags":[],"_links":{"self":[{"href":"https:\/\/gazdasagportal.hu\/index.php\/wp-json\/wp\/v2\/posts\/26226"}],"collection":[{"href":"https:\/\/gazdasagportal.hu\/index.php\/wp-json\/wp\/v2\/posts"}],"about":[{"href":"https:\/\/gazdasagportal.hu\/index.php\/wp-json\/wp\/v2\/types\/post"}],"author":[{"embeddable":true,"href":"https:\/\/gazdasagportal.hu\/index.php\/wp-json\/wp\/v2\/users\/1"}],"replies":[{"embeddable":true,"href":"https:\/\/gazdasagportal.hu\/index.php\/wp-json\/wp\/v2\/comments?post=26226"}],"version-history":[{"count":1,"href":"https:\/\/gazdasagportal.hu\/index.php\/wp-json\/wp\/v2\/posts\/26226\/revisions"}],"predecessor-version":[{"id":26227,"href":"https:\/\/gazdasagportal.hu\/index.php\/wp-json\/wp\/v2\/posts\/26226\/revisions\/26227"}],"wp:attachment":[{"href":"https:\/\/gazdasagportal.hu\/index.php\/wp-json\/wp\/v2\/media?parent=26226"}],"wp:term":[{"taxonomy":"category","embeddable":true,"href":"https:\/\/gazdasagportal.hu\/index.php\/wp-json\/wp\/v2\/categories?post=26226"},{"taxonomy":"post_tag","embeddable":true,"href":"https:\/\/gazdasagportal.hu\/index.php\/wp-json\/wp\/v2\/tags?post=26226"}],"curies":[{"name":"wp","href":"https:\/\/api.w.org\/{rel}","templated":true}]}}