{"id":26220,"date":"2014-01-29T08:43:18","date_gmt":"2014-01-29T07:43:18","guid":{"rendered":"http:\/\/stockportal.hu\/?p=26220"},"modified":"2014-02-11T16:32:47","modified_gmt":"2014-02-11T15:32:47","slug":"ukrajnai-tuntetesek-a-rendkivuli-allapot-bevezetese-nem-kerult-le-a-napirendrol","status":"publish","type":"post","link":"https:\/\/gazdasagportal.hu\/index.php\/ukrajnai-tuntetesek-a-rendkivuli-allapot-bevezetese-nem-kerult-le-a-napirendrol\/","title":{"rendered":"Ukrajnai t\u00fcntet\u00e9sek &#8211; A rendk\u00edv\u00fcli \u00e1llapot bevezet\u00e9se nem ker\u00fclt le a napirendr\u0151l"},"content":{"rendered":"<p><strong>Arszenyij Jacenyuk ukr\u00e1n ellenz\u00e9ki p\u00e1rtvezet\u0151 szerint nem ker\u00fclt le a kijevi hatalom napirendj\u00e9r\u0151l a rendk\u00edv\u00fcli \u00e1llapot bevezet\u00e9se.<!--more--><\/strong><\/p>\n<p>A Haza p\u00e1rt vezet\u0151je err\u0151l egy kijevi telev\u00edzi\u00f3nak adott interj\u00faban besz\u00e9lt, nyilatkozat\u00e1t szerd\u00e1ra virrad\u00f3ra id\u00e9zte UNIAN h\u00edr\u00fcgyn\u00f6ks\u00e9g.<br \/>\n&#8222;Az er\u0151szak alkalmaz\u00e1s\u00e1nak forgat\u00f3k\u00f6nyv\u00e9t nem vett\u00e9k le a napirendr\u0151l. Ez l\u00e9tezik. Ma olyan inform\u00e1ci\u00f3 jelent meg, hogy a katonai alakulatokhoz eljutatt\u00e1k Janukovics eln\u00f6k \u00fczenet\u00e9t az alkotm\u00e1nyos rend helyre\u00e1ll\u00edt\u00e1s\u00e1nak sz\u00fcks\u00e9gess\u00e9g\u00e9r\u0151l, m\u00e1s szavakkal arr\u00f3l, hogy a katonas\u00e1g t\u00e1mogassa a hivatalban l\u00e9v\u0151 eln\u00f6k\u00f6t&#8221; &#8211; mondta Jacenyuk.<br \/>\nViktor Janukovics \u00e1llamf\u0151 a minap minisztereln\u00f6ki tiszts\u00e9get aj\u00e1nlott Jacenyuknak, amit az ellenz\u00e9ki politikus elutas\u00edtott.<br \/>\n&#8222;Biztos vagyok abban, hogy amennyiben az eln\u00f6k a rendk\u00edv\u00fcli \u00e1llapot bevezet\u00e9s\u00e9r\u0151l sz\u00f3l\u00f3 rendelet al\u00e1\u00edr\u00e1s\u00e1t v\u00e1lasztja, azzal szentes\u00edti az \u00e1ldozatok sz\u00e1zait, a v\u00e9ront\u00e1st \u00e9s az orsz\u00e1g megsemmis\u00edt\u00e9s\u00e9t&#8221; &#8211; mondta a politikus.(MTI)<\/p>\n<p><a title=\"Hely megnyit\u00e1sa\" href=\"http:\/\/www.unian.net\/politics\/877832-silovoy-stsenariy-ne-snyat-s-povestki-dnya-yatsenyuk.html\" target=\"_blank\" rel=\"noopener\">http:\/\/www.unian.net\/politics\/877832-silovoy-stsenariy-ne-snyat-s-povestki-dnya-yatsenyuk.html<\/a><\/p><div id=\"gazda-907057556\" class=\"gazda-tartalomban gazda-entity-placement\"><script async src=\"https:\/\/pagead2.googlesyndication.com\/pagead\/js\/adsbygoogle.js\"><\/script>\r\n<ins class=\"adsbygoogle\"\r\n     style=\"display:block\"\r\n     data-ad-format=\"fluid\"\r\n     data-ad-layout-key=\"-6t+ed+2i-1n-4w\"\r\n     data-ad-client=\"ca-pub-1959107119989764\"\r\n     data-ad-slot=\"4008251320\"><\/ins>\r\n<script>\r\n     (adsbygoogle = window.adsbygoogle || []).push({});\r\n<\/script><\/div>\n","protected":false},"excerpt":{"rendered":"<p>Arszenyij Jacenyuk ukr\u00e1n ellenz\u00e9ki p\u00e1rtvezet\u0151 szerint nem ker\u00fclt le a kijevi hatalom napirendj\u00e9r\u0151l a rendk\u00edv\u00fcli \u00e1llapot bevezet\u00e9se.<\/p>\n","protected":false},"author":1,"featured_media":0,"comment_status":"open","ping_status":"closed","sticky":false,"template":"","format":"standard","meta":[],"categories":[12,139],"tags":[],"_links":{"self":[{"href":"https:\/\/gazdasagportal.hu\/index.php\/wp-json\/wp\/v2\/posts\/26220"}],"collection":[{"href":"https:\/\/gazdasagportal.hu\/index.php\/wp-json\/wp\/v2\/posts"}],"about":[{"href":"https:\/\/gazdasagportal.hu\/index.php\/wp-json\/wp\/v2\/types\/post"}],"author":[{"embeddable":true,"href":"https:\/\/gazdasagportal.hu\/index.php\/wp-json\/wp\/v2\/users\/1"}],"replies":[{"embeddable":true,"href":"https:\/\/gazdasagportal.hu\/index.php\/wp-json\/wp\/v2\/comments?post=26220"}],"version-history":[{"count":1,"href":"https:\/\/gazdasagportal.hu\/index.php\/wp-json\/wp\/v2\/posts\/26220\/revisions"}],"predecessor-version":[{"id":26221,"href":"https:\/\/gazdasagportal.hu\/index.php\/wp-json\/wp\/v2\/posts\/26220\/revisions\/26221"}],"wp:attachment":[{"href":"https:\/\/gazdasagportal.hu\/index.php\/wp-json\/wp\/v2\/media?parent=26220"}],"wp:term":[{"taxonomy":"category","embeddable":true,"href":"https:\/\/gazdasagportal.hu\/index.php\/wp-json\/wp\/v2\/categories?post=26220"},{"taxonomy":"post_tag","embeddable":true,"href":"https:\/\/gazdasagportal.hu\/index.php\/wp-json\/wp\/v2\/tags?post=26220"}],"curies":[{"name":"wp","href":"https:\/\/api.w.org\/{rel}","templated":true}]}}