{"id":26209,"date":"2014-01-29T05:05:24","date_gmt":"2014-01-29T04:05:24","guid":{"rendered":"http:\/\/stockportal.hu\/?p=26209"},"modified":"2014-01-28T21:53:14","modified_gmt":"2014-01-28T20:53:14","slug":"obama-40-szazalekkal-emelteti-fel-a-minimalis-orabert-amerikaban","status":"publish","type":"post","link":"https:\/\/gazdasagportal.hu\/index.php\/obama-40-szazalekkal-emelteti-fel-a-minimalis-orabert-amerikaban\/","title":{"rendered":"Obama 40 sz\u00e1zal\u00e9kkal emelteti fel a minim\u00e1lis \u00f3rab\u00e9rt amerik\u00e1ban"},"content":{"rendered":"<p><strong>Barack Obama amerikai eln\u00f6k annak elrendel\u00e9s\u00e9re k\u00e9sz\u00fcl, hogy 10 doll\u00e1r 10 centre emelj\u00e9k a minim\u00e1lis \u00f3rab\u00e9rt a j\u00f6v\u0151ben leszerz\u0151d\u0151 sz\u00f6vets\u00e9gi alkalmazottak eset\u00e9ben &#8211; k\u00f6z\u00f6lte kedden a Feh\u00e9r H\u00e1z.<!--more--><\/strong><\/p>\n<p>Az eln\u00f6k elhat\u00e1roz\u00e1s\u00e1t alig n\u00e9h\u00e1ny \u00f3r\u00e1val azel\u0151tt hozt\u00e1k nyilv\u00e1noss\u00e1gra, hogy Obama kedd este (k\u00f6z\u00e9p-eur\u00f3pai id\u0151 szerint hajnali h\u00e1rom \u00f3rakor) elmondja majd az uni\u00f3 helyzet\u00e9r\u0151l sz\u00f3l\u00f3 idei besz\u00e9d\u00e9t. Az imm\u00e1r \u00f6t\u00f6dik alkalommal el\u0151adand\u00f3 programnyilatkozat\u00e1ban az eln\u00f6k a rendelet kihirdet\u00e9se mellett s\u00fcrgetni fogja a kongresszust\u00f3l, hogy hagyja j\u00f3v\u00e1 az orsz\u00e1gos minim\u00e1lb\u00e9r k\u00e9t demokrata honatya, Tom Harkin szen\u00e1tor \u00e9s George Miller k\u00e9pvisel\u0151 \u00e1ltal kezdem\u00e9nyezett megemel\u00e9s\u00e9t, amelynek \u00fcgye elakadt a t\u00f6rv\u00e9nyhoz\u00e1sban.<br \/>\nAz eln\u00f6ki rendelet \u00e9rtelm\u00e9ben az \u00faj szerz\u0151d\u00e9sek eset\u00e9ben alkalmazand\u00f3 minim\u00e1lis \u00f3rab\u00e9rr\u0151l meghozand\u00f3 rendelet az olyan alkalmazotti kateg\u00f3ri\u00e1kat \u00e9rinti, mint a katonai t\u00e1maszpontok konyhai \u00e9s mosodai dolgoz\u00f3i, a sz\u00f6vets\u00e9gi \u00e9p\u00fcletek port\u00e1sai vagy a sz\u00f6vets\u00e9gi \u00e9p\u00edtkez\u00e9seken alkalmazott munk\u00e1sok. A rendelet \u00e1ltal \u00e9rintett munkav\u00e1llal\u00f3k 60 sz\u00e1zal\u00e9ka n\u0151.<br \/>\nJohn Boehner, a k\u00e9pvisel\u0151h\u00e1z republik\u00e1nus eln\u00f6ke b\u00edr\u00e1lta Obama kezdem\u00e9nyez\u00e9s\u00e9t r\u00e1mutatva, hogy a minim\u00e1lb\u00e9rr\u0151l a kongresszusnak \u00e9s nem a v\u00e9grehajt\u00f3i hatalmi \u00e1gnak kell d\u00f6ntenie.<br \/>\nA Harkin-Miller t\u00f6rv\u00e9nyjavaslat \u00e9rtelm\u00e9ben a minim\u00e1lis \u00f3rab\u00e9rt l\u00e9pcs\u0151zetesen minden amerikai munkav\u00e1llal\u00f3 eset\u00e9ben 10 doll\u00e1r 10 centre kell felemelni, majd az infl\u00e1ci\u00f3hoz igaz\u00edtva index\u00e1lni. Az ind\u00edtv\u00e1ny \u00e9rtelm\u00e9ben t\u00f6bb mint k\u00e9t \u00e9vtized ut\u00e1n el\u0151sz\u00f6r emeln\u00e9k a borraval\u00f3ban r\u00e9szes\u00fcl\u0151 alkalmazottak minim\u00e1lb\u00e9r\u00e9t is.<br \/>\nAz amerikai sz\u00f6vets\u00e9gi minim\u00e1lis \u00f3rab\u00e9r jelenleg 7 doll\u00e1r 25 cent. N\u00e9gy \u00e1llamban enn\u00e9l alacsonyabb, \u00f6t \u00e1llamban \u00e9s egy ter\u00fcleten pedig nincs minim\u00e1lb\u00e9r. A Feh\u00e9r H\u00e1znak a v\u00e1rhat\u00f3 rendeletet megindokl\u00f3 k\u00f6zlem\u00e9nye szerint a minim\u00e1lb\u00e9r-emel\u00e9s k\u00f6vetkezt\u00e9ben azoknak a n\u00e9gyf\u0151s csal\u00e1doknak, amelyeknek legal\u00e1bb az egyik tagj\u00e1t teljes munkaid\u0151ben foglalkoztatj\u00e1k, nem kellene szeg\u00e9nys\u00e9gben felnevelni\u00fck a gyermekeiket.<br \/>\nAz amerikai minim\u00e1lb\u00e9r re\u00e1l\u00e9rt\u00e9ke az 50-es \u00e9vek szintj\u00e9n \u00e1ll. Egy teljes munkaid\u0151ben, minim\u00e1lb\u00e9ren foglalkoztatott alkalmazott \u00e9vi 14 500 doll\u00e1rt keres. Ilyen j\u00f6vedelem mellett &#8211; egyetlen keres\u0151 eset\u00e9n &#8211; egy n\u00e9gytag\u00fa csal\u00e1d az \u00e1llami kedvezm\u00e9nyek ellen\u00e9re is a szeg\u00e9nys\u00e9gi szint al\u00e1 ker\u00fcl.<br \/>\nAz Egyes\u00fclt \u00c1llamokban 1938 \u00f3ta 22 alkalommal emelt\u00e9k a minim\u00e1lb\u00e9rt, a n\u00f6vekm\u00e9nyt azonban rendre felem\u00e9sztette az infl\u00e1ci\u00f3. Az eln\u00f6ki hivatal szerint az infl\u00e1ci\u00f3hoz igaz\u00edtott b\u00e9rindex\u00e1l\u00e1s megakad\u00e1lyozn\u00e1, hogy megism\u00e9tl\u0151dj\u00f6n az 1978 \u00e9s 1989 k\u00f6z\u00f6tti folyamat, amikor a minim\u00e1lb\u00e9r re\u00e1l\u00e9rt\u00e9ke 34 sz\u00e1zal\u00e9kkal cs\u00f6kkent. 1998 \u00e9s 2006 k\u00f6z\u00f6tt a visszaes\u00e9s ar\u00e1nya 19 sz\u00e1zal\u00e9kos volt.<br \/>\nA CBS News \u00e1ltal elv\u00e9geztetett k\u00f6zv\u00e9lem\u00e9ny-kutat\u00e1s szerint az amerikaiak 73, a Pew kutat\u00f3k\u00f6zpont szerint pedig a megk\u00e9rdezettek 72 sz\u00e1zal\u00e9ka t\u00e1mogatn\u00e1 a minim\u00e1lis \u00f3rab\u00e9r 10 doll\u00e1r 10 centre t\u00f6rt\u00e9n\u0151 emel\u00e9s\u00e9t.(MTI)<\/p>\n","protected":false},"excerpt":{"rendered":"<p>Barack Obama amerikai eln\u00f6k annak elrendel\u00e9s\u00e9re k\u00e9sz\u00fcl, hogy 10 doll\u00e1r 10 centre emelj\u00e9k a minim\u00e1lis \u00f3rab\u00e9rt a j\u00f6v\u0151ben leszerz\u0151d\u0151 sz\u00f6vets\u00e9gi alkalmazottak eset\u00e9ben &#8211; k\u00f6z\u00f6lte kedden a Feh\u00e9r H\u00e1z.<\/p>\n","protected":false},"author":1,"featured_media":0,"comment_status":"open","ping_status":"closed","sticky":false,"template":"","format":"standard","meta":[],"categories":[13],"tags":[],"_links":{"self":[{"href":"https:\/\/gazdasagportal.hu\/index.php\/wp-json\/wp\/v2\/posts\/26209"}],"collection":[{"href":"https:\/\/gazdasagportal.hu\/index.php\/wp-json\/wp\/v2\/posts"}],"about":[{"href":"https:\/\/gazdasagportal.hu\/index.php\/wp-json\/wp\/v2\/types\/post"}],"author":[{"embeddable":true,"href":"https:\/\/gazdasagportal.hu\/index.php\/wp-json\/wp\/v2\/users\/1"}],"replies":[{"embeddable":true,"href":"https:\/\/gazdasagportal.hu\/index.php\/wp-json\/wp\/v2\/comments?post=26209"}],"version-history":[{"count":2,"href":"https:\/\/gazdasagportal.hu\/index.php\/wp-json\/wp\/v2\/posts\/26209\/revisions"}],"predecessor-version":[{"id":26257,"href":"https:\/\/gazdasagportal.hu\/index.php\/wp-json\/wp\/v2\/posts\/26209\/revisions\/26257"}],"wp:attachment":[{"href":"https:\/\/gazdasagportal.hu\/index.php\/wp-json\/wp\/v2\/media?parent=26209"}],"wp:term":[{"taxonomy":"category","embeddable":true,"href":"https:\/\/gazdasagportal.hu\/index.php\/wp-json\/wp\/v2\/categories?post=26209"},{"taxonomy":"post_tag","embeddable":true,"href":"https:\/\/gazdasagportal.hu\/index.php\/wp-json\/wp\/v2\/tags?post=26209"}],"curies":[{"name":"wp","href":"https:\/\/api.w.org\/{rel}","templated":true}]}}