{"id":26201,"date":"2014-01-29T06:04:00","date_gmt":"2014-01-29T05:04:00","guid":{"rendered":"http:\/\/stockportal.hu\/?p=26201"},"modified":"2014-01-28T21:41:11","modified_gmt":"2014-01-28T20:41:11","slug":"dunaferr-megkezdodott-a-letszamleepites-masodik-uteme","status":"publish","type":"post","link":"https:\/\/gazdasagportal.hu\/index.php\/dunaferr-megkezdodott-a-letszamleepites-masodik-uteme\/","title":{"rendered":"Dunaferr &#8211; Megkezd\u0151d\u00f6tt a l\u00e9tsz\u00e1mle\u00e9p\u00edt\u00e9s m\u00e1sodik \u00fcteme"},"content":{"rendered":"<p><strong>Megkezd\u0151d\u00f6tt a l\u00e9tsz\u00e1mle\u00e9p\u00edt\u00e9s m\u00e1sodik \u00fcteme az ISD Dunaferr Zrt.-n\u00e9l, miut\u00e1n a menedzsment h\u00e9tf\u0151n \u00e9s kedden \u00e1tadta a neves\u00edtett list\u00e1kat a k\u00f6zponti \u00fczemi tan\u00e1csnak &#8211; k\u00f6z\u00f6lte a v\u00e1llalatcsoport HR-igazgat\u00f3ja kedden az MTI-vel.<!--more--><\/strong><\/p>\n<p>Mez\u0151k\u00f6zy Andr\u00e1s elmondta, hogy a list\u00e1n &#8222;sz\u00e1z k\u00f6r\u00fcli&#8221; munkav\u00e1llal\u00f3 tal\u00e1lhat\u00f3, de az els\u0151 \u00fctemben elbocs\u00e1tott 158 dolgoz\u00f3val egy\u00fctt is &#8222;mindenk\u00e9ppen n\u00e9gysz\u00e1zon bel\u00fcl marad&#8221; a le\u00e9p\u00edtettek l\u00e9tsz\u00e1ma. Hozz\u00e1tette: az elbocs\u00e1t\u00e1sban \u00e9rintettek k\u00f6z\u00f6tt van k\u00f6lcs\u00f6nz\u00f6tt munkaer\u0151 is, de f\u0151k\u00e9nt az adminisztrat\u00edv ter\u00fcletr\u0151l k\u00fcldenek el dolgoz\u00f3kat.<br \/>\nK\u00f6z\u00f6lte: az ISD Dunaferr Zrt. mellett az ISD Kokszol\u00f3 Kft.-n\u00e9l 25 f\u0151s, m\u00edg az ISD Power Kft.-n\u00e9l t\u00edzf\u0151s elbocs\u00e1t\u00e1s van folyamatban.<br \/>\nAz igazgat\u00f3 sz\u00f3lt arr\u00f3l is, hogy az els\u0151 k\u00f6r\u00f6s list\u00e1n szerepl\u0151k k\u00f6z\u00fcl negyvenen a Dunaferr Foglalkoztat\u00e1s\u00e9rt Ac\u00e9lalap\u00edtv\u00e1nyhoz ker\u00fcltek \u00e1t, h\u00faszan pedig kor\u00e1bban k\u00f6lcs\u00f6nz\u00f6tt munkaer\u0151vel bet\u00f6lt\u00f6tt \u00e1ll\u00e1shelyen dolgoznak. Olyanr\u00f3l is tudnak, aki m\u00e1sik munk\u00e1ltat\u00f3n\u00e1l m\u00e1r tal\u00e1lt \u00e1ll\u00e1st &#8211; mondta.<br \/>\nAz MTI \u00e9rdekl\u0151d\u00e9s\u00e9re Borb\u00e9ly Zolt\u00e1n a k\u00f6zponti \u00fczemi tan\u00e1cs eln\u00f6ke meger\u0151s\u00edtette, hogy megkapt\u00e1k a list\u00e1kat: h\u00e9tf\u0151n 85, kedden 16 n\u00e9v szerepelt ezeken, vagyis 101 dunaferres munkav\u00e1llal\u00f3 kapott \u00e9rtes\u00edt\u00e9st.<br \/>\nMegjegyezte, hogy a munk\u00e1ltat\u00f3 eredetileg 150 f\u0151t jelentett le a munka\u00fcgyi k\u00f6zpont fel\u00e9. A t\u00f6bbi val\u00f3sz\u00edn\u0171leg k\u00f6lcs\u00f6nz\u00f6tt munkaer\u0151 &#8211; f\u0171zte hozz\u00e1.<br \/>\nAz \u00e9rv\u00e9nyben l\u00e9v\u0151 kollekt\u00edv szerz\u0151d\u00e9s alapj\u00e1n az els\u0151 \u00fctemben \u00e9rintettek legkor\u00e1bban febru\u00e1r 3-\u00e1n kaphatj\u00e1k meg felmond\u00e1saikat, m\u00edg a mostani bejelent\u00e9sben \u00e9rintettek v\u00e1rhat\u00f3an m\u00e1rcius v\u00e9g\u00e9n kapj\u00e1k meg felmond\u00f3level\u00fcket.<br \/>\nAz ISD Dunaferr Zrt. tavaly augusztus 12-\u00e9n jelentette be, hogy a kor\u00e1bbi terveknek megfelel\u0151en 1500 dolgoz\u00f3t \u00e9rint\u0151 l\u00e9tsz\u00e1mle\u00e9p\u00edt\u00e9sbe fog.<br \/>\nVarga Mih\u00e1ly nemzetgazdas\u00e1gi miniszter augusztus 21-\u00e9n lev\u00e9lben kezdem\u00e9nyezett t\u00e1rgyal\u00e1sokat a Dunaferr Zrt. tulajdonosaival a c\u00e9g megv\u00e1s\u00e1rl\u00e1s\u00e1r\u00f3l, miut\u00e1n a korm\u00e1ny az augusztus 19-i sz\u00e9kesfeh\u00e9rv\u00e1ri kihelyezett \u00fcl\u00e9s\u00e9n arr\u00f3l d\u00f6nt\u00f6tt, v\u00e9teli aj\u00e1nlatot tesz a duna\u00fajv\u00e1rosi vasm\u0171re.<br \/>\nAugusztus 29-\u00e9n Czomba S\u00e1ndor foglalkoztat\u00e1spolitik\u00e1\u00e9rt felel\u0151s \u00e1llamtitk\u00e1r \u00e9s Evgeny Tankhilevich c\u00e9gvezet\u0151 egyeztetett, majd szeptember 10-\u00e9n az \u00fajabb t\u00e1rgyal\u00e1sokat k\u00f6vet\u0151en csak a t\u00e1rgyal\u00e1sok magasabb szint\u0171 folytat\u00e1s\u00e1t jelentett\u00e9k be.<br \/>\nVarga Mih\u00e1ly nemzetgazdas\u00e1gi miniszter okt\u00f3ber 10-\u00e9n Budapesten t\u00e1rgyalt a Dunaferr-c\u00e9gcsoport j\u00f6v\u0151j\u00e9r\u0151l Evgeny Potapovval, az ISD Korpor\u00e1ci\u00f3 k\u00e9pvisel\u0151j\u00e9vel, \u00e9s arr\u00f3l t\u00e1j\u00e9koztatta, hogy a korm\u00e1ny tov\u00e1bbra is kitart v\u00e9teli sz\u00e1nd\u00e9ka mellett.<br \/>\nNovember 7-\u00e9n Czomba S\u00e1ndor az ISD Dunaferr Zrt. vezet\u00e9s\u00e9vel folytatott egyeztet\u00e9st k\u00f6vet\u0151en jelezte, hogy a c\u00e9gvezet\u00e9s mintegy 400 f\u0151s l\u00e9tsz\u00e1mle\u00e9p\u00edt\u00e9st hajt v\u00e9gre, ami a kor\u00e1bban tervezett 1500-as sz\u00e1mhoz k\u00e9pest jelent\u0151s v\u00e1ltoz\u00e1s. Mint mondta, a korm\u00e1ny tudom\u00e1sul vette, hogy a c\u00e9g menedzsmentje az elad\u00e1s helyett a t\u00e1rsas\u00e1g hossz\u00fa t\u00e1v\u00fa m\u0171k\u00f6dtet\u00e9s\u00e9ben \u00e9rdekelt, \u00e9s ennek megfelel\u0151en pr\u00f3b\u00e1l m\u00e1s ter\u00fcleteken seg\u00edts\u00e9get ny\u00fajtani a c\u00e9gnek \u00e9s a munkav\u00e1llal\u00f3knak.<br \/>\nNovember 22-\u00e9n a c\u00e9gcsoport HR igazgat\u00f3ja k\u00f6z\u00f6lte az MTI-vel, hogy megkezd\u0151dik a csoportos l\u00e9tsz\u00e1mle\u00e9p\u00edt\u00e9s, miut\u00e1n a v\u00e1llalat vezet\u00e9se nyilv\u00e1noss\u00e1gra hozott egy 158 nevet tartalmaz\u00f3 list\u00e1t, valamint t\u00e1j\u00e9koztatta az elbocs\u00e1t\u00e1sok els\u0151 \u00fctem\u00e9r\u0151l a munka\u00fcgyi k\u00f6zpontot \u00e9s a k\u00f6zponti \u00fczemi tan\u00e1csot.<br \/>\nJanu\u00e1r 16-\u00e1n a Magyar Energetikai \u00e9s K\u00f6zm\u0171-szab\u00e1lyoz\u00e1si Hivatal eln\u00f6ke egy duna\u00fajv\u00e1rosi sajt\u00f3esem\u00e9nyen k\u00f6z\u00f6lte, hogy a korm\u00e1ny m\u00e9g mindig nem adta fel azt a terv\u00e9t, hogy megv\u00e1s\u00e1rolja az ISD Dunaferr Zrt-t. Dorkota Lajos azt mondta, hogy a t\u00e1rgyal\u00e1sok folytat\u00f3dni fognak a tulajdonos \u00e9s a magyar \u00e1llam k\u00f6z\u00f6tt, amikor az ISD Dunaferr Zrt. f\u0151 tulajdonosa, az orosz \u00e1llami Vnyesekonombank vezet\u0151je febru\u00e1r elej\u00e9n Magyarorsz\u00e1gra \u00e9rkezik.(MTI)<\/p>\n","protected":false},"excerpt":{"rendered":"<p>Megkezd\u0151d\u00f6tt a l\u00e9tsz\u00e1mle\u00e9p\u00edt\u00e9s m\u00e1sodik \u00fcteme az ISD Dunaferr Zrt.-n\u00e9l, miut\u00e1n a menedzsment h\u00e9tf\u0151n \u00e9s kedden \u00e1tadta a neves\u00edtett list\u00e1kat a k\u00f6zponti \u00fczemi tan\u00e1csnak &#8211; k\u00f6z\u00f6lte a v\u00e1llalatcsoport HR-igazgat\u00f3ja kedden az MTI-vel.<\/p>\n","protected":false},"author":1,"featured_media":0,"comment_status":"open","ping_status":"closed","sticky":false,"template":"","format":"standard","meta":[],"categories":[19],"tags":[],"_links":{"self":[{"href":"https:\/\/gazdasagportal.hu\/index.php\/wp-json\/wp\/v2\/posts\/26201"}],"collection":[{"href":"https:\/\/gazdasagportal.hu\/index.php\/wp-json\/wp\/v2\/posts"}],"about":[{"href":"https:\/\/gazdasagportal.hu\/index.php\/wp-json\/wp\/v2\/types\/post"}],"author":[{"embeddable":true,"href":"https:\/\/gazdasagportal.hu\/index.php\/wp-json\/wp\/v2\/users\/1"}],"replies":[{"embeddable":true,"href":"https:\/\/gazdasagportal.hu\/index.php\/wp-json\/wp\/v2\/comments?post=26201"}],"version-history":[{"count":1,"href":"https:\/\/gazdasagportal.hu\/index.php\/wp-json\/wp\/v2\/posts\/26201\/revisions"}],"predecessor-version":[{"id":26202,"href":"https:\/\/gazdasagportal.hu\/index.php\/wp-json\/wp\/v2\/posts\/26201\/revisions\/26202"}],"wp:attachment":[{"href":"https:\/\/gazdasagportal.hu\/index.php\/wp-json\/wp\/v2\/media?parent=26201"}],"wp:term":[{"taxonomy":"category","embeddable":true,"href":"https:\/\/gazdasagportal.hu\/index.php\/wp-json\/wp\/v2\/categories?post=26201"},{"taxonomy":"post_tag","embeddable":true,"href":"https:\/\/gazdasagportal.hu\/index.php\/wp-json\/wp\/v2\/tags?post=26201"}],"curies":[{"name":"wp","href":"https:\/\/api.w.org\/{rel}","templated":true}]}}