{"id":26194,"date":"2014-01-28T17:30:38","date_gmt":"2014-01-28T16:30:38","guid":{"rendered":"http:\/\/stockportal.hu\/?p=26194"},"modified":"2014-01-28T17:21:29","modified_gmt":"2014-01-28T16:21:29","slug":"targyalnak-a-bankszovetseggel-az-ingyenes-keszpenzfelvetel-szamanak-noveleserol","status":"publish","type":"post","link":"https:\/\/gazdasagportal.hu\/index.php\/targyalnak-a-bankszovetseggel-az-ingyenes-keszpenzfelvetel-szamanak-noveleserol\/","title":{"rendered":"T\u00e1rgyalnak a banksz\u00f6vets\u00e9ggel az ingyenes k\u00e9szp\u00e9nzfelv\u00e9tel sz\u00e1m\u00e1nak n\u00f6vel\u00e9s\u00e9r\u0151l"},"content":{"rendered":"<p><strong>T\u00e1rgyal\u00e1sok folynak a banksz\u00f6vets\u00e9ggel a havi ingyenes k\u00e9szp\u00e9nzfelv\u00e9tel sz\u00e1m\u00e1nak n\u00f6vel\u00e9s\u00e9r\u0151l, ha ezek nem vezetnek eredm\u00e9nyre a parlament \u00fcl\u00e9s\u00e9ig, akkor a Fidesz-KDNP frakci\u00f3 fog d\u00f6nteni \u00e9s t\u00f6rv\u00e9nyt alkotni a k\u00e9rd\u00e9sr\u0151l &#8211; k\u00f6z\u00f6lte Selmeczi Gabriella keddi budapesti sajt\u00f3t\u00e1j\u00e9koztat\u00f3n.<!--more--><\/strong><\/p>\n<p>A nagyobbik korm\u00e1nyp\u00e1rt sz\u00f3viv\u0151je meger\u0151s\u00edtette, hogy a Fidesz-KDNP el\u0151z\u0151 heti frakci\u00f3\u00fcl\u00e9s\u00e9n sz\u00f3ba ker\u00fclt, vannak olyan, els\u0151sorban vid\u00e9ki bankautomat\u00e1k, amelyekb\u0151l egyszerre csak 50 ezer forintot lehet kivenni. Ez egy\u00e9rtelm\u0171en annak a jele, hogy a bankok pr\u00f3b\u00e1lnak tr\u00fckk\u00f6zni &#8211; \u00e1llap\u00edtotta meg, hozz\u00e1t\u00e9ve, innen is \u00fczenik a bankoknak, hogy nem \u00e9rdemes.<br \/>\nJelezte, t\u00e1rgyalnak a banksz\u00f6vets\u00e9ggel arr\u00f3l, hogy egy h\u00f3napban t\u00f6bbsz\u00f6r is lehessen felvenni ingyenesen k\u00e9szp\u00e9nzt az automat\u00e1kb\u00f3l. Ha a parlament \u00fcl\u00e9sszak\u00e1ig &#8211; febru\u00e1r 13-ig &#8211; nem siker\u00fcl megegyezni, akkor a Fidesz-KDNP\u00a0\u00a0frakci\u00f3 d\u00f6nteni fog ebben a k\u00e9rd\u00e9sben &#8211; k\u00f6z\u00f6lte.<br \/>\nSelmeczi Gabriella lesz\u00f6gezte, nem engedik meg, hogy a bankok kij\u00e1tssz\u00e1k a szab\u00e1lyokat \u00e9s azt a sz\u00e1nd\u00e9kukat, hogy mindenkinek alapjoga havi 150 ezer forintig ingyenesen hozz\u00e1jutni a p\u00e9nz\u00e9hez.<br \/>\nMesterh\u00e1zy Attila h\u00e9tv\u00e9gi kongresszusi besz\u00e9de alatt elhangzott bekiab\u00e1l\u00e1sra \u00e9s arra, hogy az MSZP eln\u00f6ke nem k\u00edv\u00e1n bocs\u00e1natot k\u00e9rni, azt mondta, figyelm\u00e9be aj\u00e1nlja T\u00f3bi\u00e1s J\u00f3zsef szocialista politikus nyilatkozat\u00e1t, aki arr\u00f3l besz\u00e9lt, hogy a szocialista p\u00e1rteln\u00f6k &#8222;nem a k\u00f6teles besz\u00f3l\u00e1sra reag\u00e1lt&#8221;. T\u00f3bi\u00e1s J\u00f3zsef teh\u00e1t hallotta, hogy volt &#8222;k\u00f6teles besz\u00f3l\u00e1s&#8221; \u00e9s az MSZP ott \u00fcl\u0151 politikusai \u00e9s p\u00e1rteln\u00f6ke nem utas\u00edtotta ezt vissza. A Fidesz a mai napig v\u00e1rja Mesterh\u00e1zy Attila bocs\u00e1natk\u00e9r\u00e9s\u00e9t, ha ezt nem teszi meg, akkor nem tekinthet\u0151 komoly vezet\u0151nek &#8211; hangzott el.<br \/>\nK\u00e9rd\u00e9sre arr\u00f3l, hogy el\u0151z\u0151 h\u00e9ten Vona G\u00e1bor,\u00a0\u00a0a Jobbik eln\u00f6ke minisztereln\u00f6k-jel\u00f6lti vit\u00e1ra h\u00edvta Orb\u00e1n Viktort \u00e9s Mesterh\u00e1zy Attil\u00e1t, azt mondta, hivatalosan febru\u00e1r 15-\u00e9n kezd\u0151dik a kamp\u00e1ny, erre a k\u00e9rd\u00e9sre kamp\u00e1nyid\u0151szakban kell visszat\u00e9rni. &#8222;Nem kell ezt elkapkodni&#8221; &#8211; fogalmazott.<br \/>\nArra a felvet\u00e9sre, hogy Felcs\u00fatn\u00e1l val\u00f3ban rep\u00fcl\u0151t\u00e9r l\u00e9tes\u00fcl-e, \u00fagy reag\u00e1lt &#8222;ez a h\u00edr egy egyszer\u0171 hazugs\u00e1g, a t\u00e9nyek sz\u00e1nalmas meghamis\u00edt\u00e1sa&#8221;. Mint elmondta: a felcs\u00fati \u00f6nkorm\u00e1nyzat \u00e9s a k\u00f6zleked\u00e9si hat\u00f3s\u00e1g is meger\u0151s\u00edtette, hogy nincs semmif\u00e9le rept\u00e9rfejleszt\u00e9s.<br \/>\nNem t\u00f6rt\u00e9nik m\u00e1s, mint a Besenyei P\u00e9ter m\u0171rep\u00fcl\u0151 tulajdon\u00e1ban l\u00e9v\u0151, k\u00e9t \u00e9ve m\u0171k\u00f6d\u0151, enged\u00e9llyel rendelkez\u0151 f\u00fcves lesz\u00e1ll\u00f3p\u00e1ly\u00e1t most vezetik r\u00e1 a helyi telep\u00fcl\u00e9si rendez\u00e9si tervre &#8211; jegyezte meg.<br \/>\n&#8222;Mi fideszesek \u00e9rtj\u00fck, hogy kamp\u00e1ny van \u00e9s l\u00e1tjuk, hogy ami\u00f3ta Ron Werber besz\u00e1llt \u00e9s \u00f6ssze\u00e1llt a Gyurcs\u00e1ny-koal\u00edci\u00f3, az\u00f3ta a gy\u0171l\u00f6letkamp\u00e1ny mindent el\u00e1raszt. \u00c9n m\u00e1r azt is el tudom k\u00e9pzelni, hogy ak\u00e1r Orb\u00e1n Viktor sz\u00fcl\u0151faluj\u00e1t is legsz\u00edvesebben felgy\u00fajtan\u00e1k&#8221; &#8211; fogalmazott, hozz\u00e1t\u00e9ve, sz\u00e1nalmas ilyen \u00fcgyet kre\u00e1lni.(MTI)<\/p>\n","protected":false},"excerpt":{"rendered":"<p>T\u00e1rgyal\u00e1sok folynak a banksz\u00f6vets\u00e9ggel a havi ingyenes k\u00e9szp\u00e9nzfelv\u00e9tel sz\u00e1m\u00e1nak n\u00f6vel\u00e9s\u00e9r\u0151l, ha ezek nem vezetnek eredm\u00e9nyre a parlament \u00fcl\u00e9s\u00e9ig, akkor a Fidesz-KDNP frakci\u00f3 fog d\u00f6nteni \u00e9s t\u00f6rv\u00e9nyt alkotni a k\u00e9rd\u00e9sr\u0151l &#8211; k\u00f6z\u00f6lte Selmeczi Gabriella keddi budapesti sajt\u00f3t\u00e1j\u00e9koztat\u00f3n.<\/p>\n","protected":false},"author":1,"featured_media":0,"comment_status":"open","ping_status":"closed","sticky":false,"template":"","format":"standard","meta":[],"categories":[19],"tags":[],"_links":{"self":[{"href":"https:\/\/gazdasagportal.hu\/index.php\/wp-json\/wp\/v2\/posts\/26194"}],"collection":[{"href":"https:\/\/gazdasagportal.hu\/index.php\/wp-json\/wp\/v2\/posts"}],"about":[{"href":"https:\/\/gazdasagportal.hu\/index.php\/wp-json\/wp\/v2\/types\/post"}],"author":[{"embeddable":true,"href":"https:\/\/gazdasagportal.hu\/index.php\/wp-json\/wp\/v2\/users\/1"}],"replies":[{"embeddable":true,"href":"https:\/\/gazdasagportal.hu\/index.php\/wp-json\/wp\/v2\/comments?post=26194"}],"version-history":[{"count":1,"href":"https:\/\/gazdasagportal.hu\/index.php\/wp-json\/wp\/v2\/posts\/26194\/revisions"}],"predecessor-version":[{"id":26195,"href":"https:\/\/gazdasagportal.hu\/index.php\/wp-json\/wp\/v2\/posts\/26194\/revisions\/26195"}],"wp:attachment":[{"href":"https:\/\/gazdasagportal.hu\/index.php\/wp-json\/wp\/v2\/media?parent=26194"}],"wp:term":[{"taxonomy":"category","embeddable":true,"href":"https:\/\/gazdasagportal.hu\/index.php\/wp-json\/wp\/v2\/categories?post=26194"},{"taxonomy":"post_tag","embeddable":true,"href":"https:\/\/gazdasagportal.hu\/index.php\/wp-json\/wp\/v2\/tags?post=26194"}],"curies":[{"name":"wp","href":"https:\/\/api.w.org\/{rel}","templated":true}]}}