{"id":26184,"date":"2014-01-28T18:41:44","date_gmt":"2014-01-28T17:41:44","guid":{"rendered":"http:\/\/stockportal.hu\/?p=26184"},"modified":"2014-01-28T16:42:58","modified_gmt":"2014-01-28T15:42:58","slug":"bovul-a-biztositasi-szektor-nyeresege-de-elmarad-a-valsag-elottitol","status":"publish","type":"post","link":"https:\/\/gazdasagportal.hu\/index.php\/bovul-a-biztositasi-szektor-nyeresege-de-elmarad-a-valsag-elottitol\/","title":{"rendered":"B\u0151v\u00fcl a biztos\u00edt\u00e1si szektor nyeres\u00e9ge, de elmarad a v\u00e1ls\u00e1g el\u0151ttit\u0151l"},"content":{"rendered":"<p><strong>A biztos\u00edt\u00f3k nyeres\u00e9ge tavaly h\u00fasz sz\u00e1zal\u00e9kkal n\u0151tt az eur\u00f3z\u00f3n\u00e1ban, a 2017-ig tart\u00f3 id\u0151szakban pedig t\u00f6bb mint 60 sz\u00e1zal\u00e9kkal is b\u0151v\u00fclhet, azonban \u00edgy is egyharmaddal elmarad a v\u00e1ls\u00e1g el\u0151tti szintt\u0151l &#8211; mutat r\u00e1 az EY Eur\u00f3z\u00f3na P\u00e9nz\u00fcgyi El\u0151rejelz\u00e9se.<!--more--><\/strong><\/p>\n<p>Seregdy Tam\u00e1s, az EY \u00fczleti tan\u00e1csad\u00e1si szolg\u00e1ltat\u00e1sok \u00fczlet\u00e1g\u00e1nak igazgat\u00f3ja szerint az el\u0151rejelz\u00e9sb\u0151l egy\u00e9rtelm\u0171en kider\u00fcl, hogy b\u00e1r stabiliz\u00e1l\u00f3dott a biztos\u00edt\u00e1si szektor helyzete, az eur\u00f3z\u00f3n\u00e1ban a k\u00f6vetkez\u0151 \u00e9vekben csak visszafogott b\u0151v\u00fcl\u00e9sre lehet sz\u00e1m\u00edtani. Az uni\u00f3s \u00e9s nemzetk\u00f6zi szab\u00e1lyoz\u00e1si k\u00f6rnyezet v\u00e1ltoz\u00e1sa r\u00e1ad\u00e1sul tov\u00e1bbi kih\u00edv\u00e1sok el\u00e9 \u00e1ll\u00edtja a t\u00e1rsas\u00e1gokat. A jelenlegi helyzetben a t\u00e1rsas\u00e1goknak \u00fajra kell gondolniuk m\u0171k\u00f6d\u00e9si modellj\u00fcket, hogy megfeleljenek a v\u00e1ltoz\u00f3 jogszab\u00e1lyoknak \u00e9s jav\u00edtsanak hat\u00e9konys\u00e1gukon &#8211; hangs\u00falyozza a k\u00f6zlem\u00e9nyben.<br \/>\nAz \u00e9letbiztos\u00edt\u00e1si szektor \u00e1tlagosan 3,3 sz\u00e1zal\u00e9kkal b\u0151v\u00fcl majd 2017-ig, az \u00e1gazat bev\u00e9telei pedig m\u00e1r id\u00e9n el\u00e9rik a v\u00e1ls\u00e1g el\u0151tti szintet, egyebek mellett a cs\u00f6kken\u0151 munkan\u00e9lk\u00fclis\u00e9gnek \u00e9s a h\u00e1ztart\u00e1sok n\u00f6vekv\u0151 j\u00f6vedelm\u00e9nek k\u00f6sz\u00f6nhet\u0151en. A nem-\u00e9letbiztos\u00edt\u00e1sok piac\u00e1n azonban mind\u00f6ssze 2,4 sz\u00e1zal\u00e9kos b\u0151v\u00fcl\u00e9sre lehet majd sz\u00e1m\u00edtani &#8211; der\u00fcl ki a negyed\u00e9ves gyorsjelent\u00e9sb\u0151l.<br \/>\nA glob\u00e1lis tan\u00e1csad\u00f3 c\u00e9g el\u0151rejelz\u00e9se r\u00e1mutat arra, hogy eur\u00f3pai \u00e9s vil\u00e1gszinten is jelent\u0151s v\u00e1ltoz\u00e1sok el\u0151tt \u00e1ll az \u00e1gazat. A szektor uni\u00f3s szint\u0171 szab\u00e1lyoz\u00e1s\u00e1t \u00e9s harmoniz\u00e1ci\u00f3j\u00e1t c\u00e9lz\u00f3 Solvency II direkt\u00edva 2016-os \u00e9letbe l\u00e9p\u00e9s\u00e9vel egyr\u00e9szt n\u00f6vekszik majd a hat\u00e1rokon \u00e1tny\u00fal\u00f3 verseny a t\u00e1rsas\u00e1gok k\u00f6z\u00f6tt, m\u00e1sr\u00e9szt k\u00f6nnyebb\u00e9 v\u00e1lik a befektet\u0151k sz\u00e1m\u00e1ra az egyes piaci szerepl\u0151k \u00f6sszehasonl\u00edt\u00e1sa. Hosszabb t\u00e1von az ipar\u00e1g \u00e1trendez\u0151d\u00e9s\u00e9re lehet sz\u00e1m\u00edtani.(MTI)<\/p>\n","protected":false},"excerpt":{"rendered":"<p>A biztos\u00edt\u00f3k nyeres\u00e9ge tavaly h\u00fasz sz\u00e1zal\u00e9kkal n\u0151tt az eur\u00f3z\u00f3n\u00e1ban, a 2017-ig tart\u00f3 id\u0151szakban pedig t\u00f6bb mint 60 sz\u00e1zal\u00e9kkal is b\u0151v\u00fclhet, azonban \u00edgy is egyharmaddal elmarad a v\u00e1ls\u00e1g el\u0151tti szintt\u0151l &#8211; mutat r\u00e1 az EY Eur\u00f3z\u00f3na P\u00e9nz\u00fcgyi El\u0151rejelz\u00e9se.<\/p>\n","protected":false},"author":1,"featured_media":0,"comment_status":"open","ping_status":"closed","sticky":false,"template":"","format":"standard","meta":[],"categories":[51],"tags":[],"_links":{"self":[{"href":"https:\/\/gazdasagportal.hu\/index.php\/wp-json\/wp\/v2\/posts\/26184"}],"collection":[{"href":"https:\/\/gazdasagportal.hu\/index.php\/wp-json\/wp\/v2\/posts"}],"about":[{"href":"https:\/\/gazdasagportal.hu\/index.php\/wp-json\/wp\/v2\/types\/post"}],"author":[{"embeddable":true,"href":"https:\/\/gazdasagportal.hu\/index.php\/wp-json\/wp\/v2\/users\/1"}],"replies":[{"embeddable":true,"href":"https:\/\/gazdasagportal.hu\/index.php\/wp-json\/wp\/v2\/comments?post=26184"}],"version-history":[{"count":1,"href":"https:\/\/gazdasagportal.hu\/index.php\/wp-json\/wp\/v2\/posts\/26184\/revisions"}],"predecessor-version":[{"id":26185,"href":"https:\/\/gazdasagportal.hu\/index.php\/wp-json\/wp\/v2\/posts\/26184\/revisions\/26185"}],"wp:attachment":[{"href":"https:\/\/gazdasagportal.hu\/index.php\/wp-json\/wp\/v2\/media?parent=26184"}],"wp:term":[{"taxonomy":"category","embeddable":true,"href":"https:\/\/gazdasagportal.hu\/index.php\/wp-json\/wp\/v2\/categories?post=26184"},{"taxonomy":"post_tag","embeddable":true,"href":"https:\/\/gazdasagportal.hu\/index.php\/wp-json\/wp\/v2\/tags?post=26184"}],"curies":[{"name":"wp","href":"https:\/\/api.w.org\/{rel}","templated":true}]}}