{"id":26182,"date":"2014-01-28T18:07:57","date_gmt":"2014-01-28T17:07:57","guid":{"rendered":"http:\/\/stockportal.hu\/?p=26182"},"modified":"2014-01-28T16:38:36","modified_gmt":"2014-01-28T15:38:36","slug":"privatizalja-az-allam-a-montenegro-airlines-t","status":"publish","type":"post","link":"https:\/\/gazdasagportal.hu\/index.php\/privatizalja-az-allam-a-montenegro-airlines-t\/","title":{"rendered":"Privatiz\u00e1lja az \u00e1llam a Montenegro Airlines-t"},"content":{"rendered":"<p><strong>Eladja a montenegr\u00f3i \u00e1llam a tulajdon\u00e1ban l\u00e9v\u0151, 68 milli\u00f3 eur\u00f3s ad\u00f3ss\u00e1ggal k\u00fczd\u0151 Montenegro Airlines-t &#8211; olvashat\u00f3 az Ex-Yu rep\u00fcl\u00e9sszakmai h\u00edrport\u00e1lon.<!--more--><\/strong><\/p>\n<p>A privatiz\u00e1ci\u00f3\u00e9rt felel\u0151s tan\u00e1cs k\u00f6zlem\u00e9ny\u00e9re hivatkozva a port\u00e1l azt \u00edrta: ny\u00edlt elj\u00e1r\u00e1s sor\u00e1n \u00e9rt\u00e9kes\u00edtik a l\u00e9git\u00e1rsas\u00e1got, de ennek pontos idej\u00e9t egyel\u0151re nem hat\u00e1rozt\u00e1k meg.<br \/>\nA korm\u00e1ny m\u00e1sodszor pr\u00f3b\u00e1lja meg eladni a vesztes\u00e9ges a l\u00e9gi c\u00e9get. El\u0151sz\u00f6r 2009-ben az izraeli El-Al az Eur\u00f3pai \u00dajj\u00e1\u00e9p\u00edt\u00e9si \u00e9s Fejleszt\u00e9si Bankkal (EBRD) p\u00e1ly\u00e1zott, de az El Al a t\u00e1rsas\u00e1ggal egy\u00fctt a podgoricai \u00e9s tivati rep\u00fcl\u0151t\u00e9r ir\u00e1ny\u00edt\u00e1si jog\u00e1t is meg akarta szerezni, amit a korm\u00e1ny elfogadhatatlannak tartott.<br \/>\nEzt k\u00f6vet\u0151en, 2011-ben a c\u00e9g 30 sz\u00e1zal\u00e9k\u00e1t akart\u00e1k \u00e9rt\u00e9kes\u00edteni, \u00e9s b\u00e1r az El Al, a szint\u00e9n izraeli Arkia Airlines \u00e9s az abu-dzabi Etihad is megv\u00e1s\u00e1rolta a p\u00e1ly\u00e1zati dokument\u00e1ci\u00f3t, v\u00e9g\u00fcl egyik\u0151j\u00fck sem adott be aj\u00e1nlatot.<br \/>\nA Montenegro Airlines teljes ad\u00f3ss\u00e1g\u00e1llom\u00e1nya 68 milli\u00f3 eur\u00f3 volt 2013 v\u00e9g\u00e9n, a legt\u00f6bbel a tivati \u00e9s podgoricai rept\u00e9rnek, valamint a montenegr\u00f3i l\u00e9giforgalmi ir\u00e1ny\u00edt\u00f3 szolg\u00e1latnak tartozik.<br \/>\nA r\u00e9gi\u00f3ban a t\u00f6bbi, a volt Jugoszl\u00e1vi\u00e1hoz tartozott, ma m\u00e1r f\u00fcggetlen \u00e1llam l\u00e9git\u00e1rsas\u00e1ga is strat\u00e9giai partnert keres, \u00edgy a horv\u00e1t Croatia Airlines \u00e9s a szlov\u00e9n Adria Airways is. Az Air Serbi\u00e1ban (kor\u00e1bbi nev\u00e9n JAT Airways) 2013 okt\u00f3ber\u00e9ben szerzett 40 sz\u00e1zal\u00e9kos r\u00e9szesed\u00e9st az Etihad Airways.<br \/>\nA Montenegro Airlines-t 1994 okt\u00f3ber\u00e9ben alap\u00edtott\u00e1k, jelenleg 8 g\u00e9ppel (region\u00e1lis Embraer 190 \u00e9s Fokker 100 t\u00edpusokkal) 13 c\u00e9l\u00e1llom\u00e1sra rep\u00fcl.(MTI)<\/p>\n","protected":false},"excerpt":{"rendered":"<p>Eladja a montenegr\u00f3i \u00e1llam a tulajdon\u00e1ban l\u00e9v\u0151, 68 milli\u00f3 eur\u00f3s ad\u00f3ss\u00e1ggal k\u00fczd\u0151 Montenegro Airlines-t &#8211; olvashat\u00f3 az Ex-Yu rep\u00fcl\u00e9sszakmai h\u00edrport\u00e1lon.<\/p>\n","protected":false},"author":1,"featured_media":0,"comment_status":"open","ping_status":"closed","sticky":false,"template":"","format":"standard","meta":[],"categories":[12],"tags":[],"_links":{"self":[{"href":"https:\/\/gazdasagportal.hu\/index.php\/wp-json\/wp\/v2\/posts\/26182"}],"collection":[{"href":"https:\/\/gazdasagportal.hu\/index.php\/wp-json\/wp\/v2\/posts"}],"about":[{"href":"https:\/\/gazdasagportal.hu\/index.php\/wp-json\/wp\/v2\/types\/post"}],"author":[{"embeddable":true,"href":"https:\/\/gazdasagportal.hu\/index.php\/wp-json\/wp\/v2\/users\/1"}],"replies":[{"embeddable":true,"href":"https:\/\/gazdasagportal.hu\/index.php\/wp-json\/wp\/v2\/comments?post=26182"}],"version-history":[{"count":1,"href":"https:\/\/gazdasagportal.hu\/index.php\/wp-json\/wp\/v2\/posts\/26182\/revisions"}],"predecessor-version":[{"id":26183,"href":"https:\/\/gazdasagportal.hu\/index.php\/wp-json\/wp\/v2\/posts\/26182\/revisions\/26183"}],"wp:attachment":[{"href":"https:\/\/gazdasagportal.hu\/index.php\/wp-json\/wp\/v2\/media?parent=26182"}],"wp:term":[{"taxonomy":"category","embeddable":true,"href":"https:\/\/gazdasagportal.hu\/index.php\/wp-json\/wp\/v2\/categories?post=26182"},{"taxonomy":"post_tag","embeddable":true,"href":"https:\/\/gazdasagportal.hu\/index.php\/wp-json\/wp\/v2\/tags?post=26182"}],"curies":[{"name":"wp","href":"https:\/\/api.w.org\/{rel}","templated":true}]}}