{"id":26175,"date":"2014-01-28T17:12:00","date_gmt":"2014-01-28T16:12:00","guid":{"rendered":"http:\/\/stockportal.hu\/?p=26175"},"modified":"2014-01-28T16:31:08","modified_gmt":"2014-01-28T15:31:08","slug":"londoni-elemzok-koltsegvetesi-polarizacio-jellemzi-kelet-europa-novekedesi-szerkezetet","status":"publish","type":"post","link":"https:\/\/gazdasagportal.hu\/index.php\/londoni-elemzok-koltsegvetesi-polarizacio-jellemzi-kelet-europa-novekedesi-szerkezetet\/","title":{"rendered":"Londoni elemz\u0151k: k\u00f6lts\u00e9gvet\u00e9si polariz\u00e1ci\u00f3 jellemzi Kelet-Eur\u00f3pa n\u00f6veked\u00e9si szerkezet\u00e9t"},"content":{"rendered":"<p><strong>Elt\u00e9r\u0151 m\u00e9rt\u00e9k\u0171 polariz\u00e1ci\u00f3 jellemzi a k\u00f6z\u00e9p- \u00e9s kelet-eur\u00f3pai gazdas\u00e1gok n\u00f6veked\u00e9si szerkezet\u00e9t abb\u00f3l a szempontb\u00f3l, hogy a nemzetgazdas\u00e1gok teljes\u00edtm\u00e9ny\u00e9ben mekkora a szerepe a k\u00f6lts\u00e9gvet\u00e9si \u00f6szt\u00f6nz\u00e9snek &#8211; \u00e1llap\u00edtott\u00e1k meg keddi helyzet\u00e9rt\u00e9kel\u00e9s\u00fckben londoni p\u00e9nz\u00fcgyi elemz\u0151k.<!--more--><\/strong><\/p>\n<p>A Bank of America-Merrill Lynch bankcsoport londoni elemz\u0151r\u00e9szleg\u00e9nek (BofA Merrill Lynch Global Research) k\u00f6zgazd\u00e1szai Magyarorsz\u00e1got, Csehorsz\u00e1got \u00e9s Horv\u00e1torsz\u00e1got sorolt\u00e1k abba a csoportba, amelyben elemz\u00e9s\u00fck szerint a k\u00f6lts\u00e9gvet\u00e9si kiad\u00e1sok szerepe els\u0151dleges a n\u00f6veked\u00e9sben. A h\u00e1z szerint a k\u00f6lts\u00e9gvet\u00e9sb\u0151l ered\u0151 kereslet e gazdas\u00e1gokban az id\u00e9n hozz\u00e1vet\u0151leg 1 sz\u00e1zal\u00e9kpontot ad hozz\u00e1 a GDP-n\u00f6veked\u00e9s \u00fctem\u00e9hez.<br \/>\nA c\u00e9g elemz\u0151i szerint Lengyelorsz\u00e1gban, Rom\u00e1ni\u00e1ban \u00e9s Szerbi\u00e1ban ugyanakkor a korm\u00e1nyzati kiad\u00e1sok f\u00e9l sz\u00e1zal\u00e9kpontn\u00e1l kisebb m\u00e9rt\u00e9kben gyors\u00edtj\u00e1k a n\u00f6veked\u00e9st.<br \/>\nA k\u00e9p j\u00f6v\u0151re m\u00e9g polariz\u00e1ltabb\u00e1 v\u00e1lik. A t\u00e9rs\u00e9gi gazdas\u00e1gok, amelyekben alacsony a k\u00f6lts\u00e9gvet\u00e9si multiplik\u00e1torhat\u00e1s, csek\u00e9ly korm\u00e1nyzati \u00f6szt\u00f6nz\u00e9s mellett is 3 sz\u00e1zal\u00e9k k\u00f6r\u00fcli n\u00f6veked\u00e9si \u00fctemeket \u00e9rhetnek el, a magas multiplik\u00e1torhat\u00e1ssal jellemzett gazdas\u00e1gokban viszont az \u00e1llamh\u00e1ztart\u00e1si konszolid\u00e1ci\u00f3 jelent\u0151sen megterhelheti a n\u00f6veked\u00e9si kil\u00e1t\u00e1sokat &#8211; \u00e1ll az elemz\u00e9s\u00e9ben.<br \/>\nA h\u00e1z szerint ez azt jelenti, hogy az esetleg sz\u00fcks\u00e9gess\u00e9 v\u00e1l\u00f3 k\u00f6lts\u00e9gvet\u00e9si konszolid\u00e1ci\u00f3 komoly negat\u00edv hat\u00e1st gyakorolhat a magyar, a cseh \u00e9s a horv\u00e1t gazdas\u00e1g n\u00f6veked\u00e9si \u00fctem\u00e9re 2015-ben a m\u00e1sik h\u00e1rom t\u00e9rs\u00e9gi gazdas\u00e1g teljes\u00edtm\u00e9ny\u00e9vel \u00f6sszehasonl\u00edtva.<br \/>\nA c\u00e9g Magyarorsz\u00e1gon, Csehorsz\u00e1gban \u00e9s Horv\u00e1torsz\u00e1gban 2014 eg\u00e9sz\u00e9re 2,6, 1,2, illetve 0,5 sz\u00e1zal\u00e9kos GDP-n\u00f6veked\u00e9st v\u00e1r. J\u00f6v\u0151re ugyanakkor a horv\u00e1t \u00e9s a magyar gazdas\u00e1gban egyar\u00e1nt 1,5, Csehorsz\u00e1gban 1,9 sz\u00e1zal\u00e9kos b\u0151v\u00fcl\u00e9ssel sz\u00e1mol, mik\u00f6zben Lengyelorsz\u00e1gban, Rom\u00e1ni\u00e1ban \u00e9s Szerbi\u00e1ban 3,6, 3,3 \u00e9s 3 sz\u00e1zal\u00e9kos n\u00f6veked\u00e9si \u00fctemeket val\u00f3sz\u00edn\u0171s\u00edt.<br \/>\nMagyarorsz\u00e1g eset\u00e9ben m\u00e1s nagy londoni h\u00e1zak is j\u00f3solnak hasonl\u00f3 \u00f6sszef\u00fcgg\u00e9st a n\u00f6veked\u00e9si kil\u00e1t\u00e1sok \u00e9s a k\u00f6lts\u00e9gvet\u00e9si \u00f6szt\u00f6nz\u00e9s k\u00f6z\u00f6tt.<br \/>\nA City egyik legnagyobb p\u00e9nz\u00fcgyi-gazdas\u00e1gi elemz\u0151h\u00e1za, a Capital Economics az eur\u00f3pai felz\u00e1rk\u00f3z\u00f3 gazdas\u00e1gok r\u00f6vid- \u00e9s k\u00f6z\u00e9pt\u00e1v\u00fa kil\u00e1t\u00e1sair\u00f3l \u00f6ssze\u00e1ll\u00edtott legut\u00f3bbi \u00e1tfog\u00f3 el\u0151rejelz\u00e9s\u00e9ben k\u00f6z\u00f6lte, hogy Magyarorsz\u00e1gon az id\u00e9n 2 sz\u00e1zal\u00e9kos, j\u00f6v\u0151re 1,5 sz\u00e1zal\u00e9kos n\u00f6veked\u00e9ssel sz\u00e1mol.<br \/>\nA c\u00e9g az \u00e1ltala j\u00f3solt j\u00f6v\u0151 \u00e9vi lassul\u00e1st azzal a v\u00e1rakoz\u00e1s\u00e1val indokolta, hogy a magyar gazdas\u00e1g n\u00f6veked\u00e9s\u00e9hez jelenleg a v\u00e1laszt\u00e1sokat megel\u0151z\u0151 \u00e9l\u00e9nk\u00edt\u0151 int\u00e9zked\u00e9sek is hozz\u00e1j\u00e1rulnak, \u00e1m 2015-ben ezeknek az \u00f6szt\u00f6nz\u0151knek a hat\u00e1sai v\u00e1rhat\u00f3an m\u00e1r gyeng\u00fclnek.<br \/>\nA Capital Economics szerint 2014-2015-ben Lengyelorsz\u00e1g lesz a t\u00e9rs\u00e9g &#8222;szt\u00e1rja&#8221; a n\u00f6veked\u00e9si teljes\u00edtm\u00e9ny szempontj\u00e1b\u00f3l. A h\u00e1z a lengyel gazdas\u00e1gban az id\u00e9n \u00e9s j\u00f6v\u0151re is 3 sz\u00e1zal\u00e9kos GDP-n\u00f6veked\u00e9st val\u00f3sz\u00edn\u0171s\u00edt.(MTI)<\/p>\n","protected":false},"excerpt":{"rendered":"<p>Elt\u00e9r\u0151 m\u00e9rt\u00e9k\u0171 polariz\u00e1ci\u00f3 jellemzi a k\u00f6z\u00e9p- \u00e9s kelet-eur\u00f3pai gazdas\u00e1gok n\u00f6veked\u00e9si szerkezet\u00e9t abb\u00f3l a szempontb\u00f3l, hogy a nemzetgazdas\u00e1gok teljes\u00edtm\u00e9ny\u00e9ben mekkora a szerepe a k\u00f6lts\u00e9gvet\u00e9si \u00f6szt\u00f6nz\u00e9snek &#8211; \u00e1llap\u00edtott\u00e1k meg keddi helyzet\u00e9rt\u00e9kel\u00e9s\u00fckben londoni p\u00e9nz\u00fcgyi elemz\u0151k.<\/p>\n","protected":false},"author":1,"featured_media":0,"comment_status":"open","ping_status":"closed","sticky":false,"template":"","format":"standard","meta":[],"categories":[12],"tags":[],"_links":{"self":[{"href":"https:\/\/gazdasagportal.hu\/index.php\/wp-json\/wp\/v2\/posts\/26175"}],"collection":[{"href":"https:\/\/gazdasagportal.hu\/index.php\/wp-json\/wp\/v2\/posts"}],"about":[{"href":"https:\/\/gazdasagportal.hu\/index.php\/wp-json\/wp\/v2\/types\/post"}],"author":[{"embeddable":true,"href":"https:\/\/gazdasagportal.hu\/index.php\/wp-json\/wp\/v2\/users\/1"}],"replies":[{"embeddable":true,"href":"https:\/\/gazdasagportal.hu\/index.php\/wp-json\/wp\/v2\/comments?post=26175"}],"version-history":[{"count":1,"href":"https:\/\/gazdasagportal.hu\/index.php\/wp-json\/wp\/v2\/posts\/26175\/revisions"}],"predecessor-version":[{"id":26176,"href":"https:\/\/gazdasagportal.hu\/index.php\/wp-json\/wp\/v2\/posts\/26175\/revisions\/26176"}],"wp:attachment":[{"href":"https:\/\/gazdasagportal.hu\/index.php\/wp-json\/wp\/v2\/media?parent=26175"}],"wp:term":[{"taxonomy":"category","embeddable":true,"href":"https:\/\/gazdasagportal.hu\/index.php\/wp-json\/wp\/v2\/categories?post=26175"},{"taxonomy":"post_tag","embeddable":true,"href":"https:\/\/gazdasagportal.hu\/index.php\/wp-json\/wp\/v2\/tags?post=26175"}],"curies":[{"name":"wp","href":"https:\/\/api.w.org\/{rel}","templated":true}]}}