{"id":26143,"date":"2014-01-28T13:25:26","date_gmt":"2014-01-28T12:25:26","guid":{"rendered":"http:\/\/stockportal.hu\/?p=26143"},"modified":"2014-01-28T13:25:26","modified_gmt":"2014-01-28T12:25:26","slug":"ukrajnai-tuntetesek-kovacs-miklos-jogilag-ertelmezhetetlen-a-karpatalja-megyei-neptanacs-letrehozasa","status":"publish","type":"post","link":"https:\/\/gazdasagportal.hu\/index.php\/ukrajnai-tuntetesek-kovacs-miklos-jogilag-ertelmezhetetlen-a-karpatalja-megyei-neptanacs-letrehozasa\/","title":{"rendered":"Ukrajnai t\u00fcntet\u00e9sek &#8211; Kov\u00e1cs Mikl\u00f3s: jogilag \u00e9rtelmezhetetlen a K\u00e1rp\u00e1talja megyei n\u00e9ptan\u00e1cs l\u00e9trehoz\u00e1sa"},"content":{"rendered":"<p><strong>Jogilag teljes m\u00e9rt\u00e9kben \u00e9rtelmezhetetlen, hogy egy hivatalosan v\u00e1lasztott n\u00e9pk\u00e9pviseleti test\u00fclet, a K\u00e1rp\u00e1talja megyei tan\u00e1cs (k\u00f6zgy\u0171l\u00e9s) \u00fagynevezett n\u00e9ptan\u00e1csot, azaz alternat\u00edv hatalmi szervet hozott l\u00e9tre \u2013 mondta az MTI-nek Kov\u00e1cs Mikl\u00f3s, a K\u00e1rp\u00e1taljai Magyar Kultur\u00e1lis Sz\u00f6vets\u00e9g (KMKSZ) eln\u00f6ke. \u00dagy l\u00e1tja, az ukrajnai v\u00e1ls\u00e1ghelyzet egyel\u0151re nem vesz\u00e9lyezteti a k\u00e1rp\u00e1taljai magyars\u00e1got.<!--more--><\/strong><\/p>\n<p>Kov\u00e1cs Mikl\u00f3s &#8211; aki egyben a K\u00e1rp\u00e1talja megyei tan\u00e1cs k\u00e9pvisel\u0151je &#8211; lesz\u00f6gezte: jogi nonszensznek tartja, hogy a K\u00e1rp\u00e1talja megyei k\u00e9pvisel\u0151k egy t\u00f6rv\u00e9nyileg meghat\u00e1rozhatatlan hatalmi szervet hoztak l\u00e9tre kedden Ungv\u00e1ron.<br \/>\nV\u00e9lem\u00e9nye szerint abban, ahogyan a helyi hatalmi elit a probl\u00e9m\u00e1t kezeli, a k\u00e1rp\u00e1taljai ruszin \u201efurm\u00e1ny\u201d nyilv\u00e1nul meg, vagyis &#8222;megfelelni a radik\u00e1lis nyugat-ukrajnai (gal\u00edciai) k\u00f6zhangulatnak, a m\u00e9rs\u00e9kelt be\u00e1ll\u00edtotts\u00e1g\u00fa k\u00e1rp\u00e1taljai lakoss\u00e1g t\u0171r\u00e9shat\u00e1r\u00e1nak \u00e1tl\u00e9p\u00e9se n\u00e9lk\u00fcl.&#8221; \u00dagy v\u00e9lte, a n\u00e9ptan\u00e1cs l\u00e9trehoz\u00e1s\u00e1t\u00f3l a k\u00e1rp\u00e1taljai hatalmi elit azt rem\u00e9li, hogy siker\u00fcl megel\u0151znie a gal\u00edciai sz\u00e9ls\u0151s\u00e9gesek r\u00e1 n\u00e9zve is vesz\u00e9lyes k\u00e1rp\u00e1taljai \u201evend\u00e9gszerepl\u00e9s\u00e9t\u201d.<br \/>\nElmond\u00e1sa szerint a n\u00e9ptan\u00e1cs l\u00e9trehoz\u00e1sa nem \u00e9rinti k\u00f6zvetlen\u00fcl a k\u00e1rp\u00e1taljai magyars\u00e1got, ann\u00e1l is ink\u00e1bb, hogy a KMKSZ t\u00f6bb nyilatkozat\u00e1ban is elhat\u00e1rol\u00f3dott a korm\u00e1nyz\u00f3 R\u00e9gi\u00f3k P\u00e1rtja (PR) \u00e1ltal meghozott elnyom\u00f3 t\u00f6rv\u00e9nyekt\u0151l. A KMKSZ ezzel azt akarta megel\u0151zni, hogy \u2013 mint fogalmazott \u2013 a k\u00e1rp\u00e1taljai magyars\u00e1gra r\u00e1\u00e9gjen a b\u00e9lyeg, miszerint a szabads\u00e1gjogokat korl\u00e1toz\u00f3 kijevi hatalmat t\u00e1mogatja az\u00e1ltal, hogy Gajdos Istv\u00e1n, az Ukrajnai Magyar Demokrata Sz\u00f6vets\u00e9g (UMDSZ) eln\u00f6ke, a PR frakci\u00f3j\u00e1nak tagja is megszavazta az orsz\u00e1gos felh\u00e1borod\u00e1st kiv\u00e1lt\u00f3 jogszab\u00e1lyokat.<br \/>\nAz Ukrajn\u00e1ban kialakult v\u00e1ls\u00e1ghelyzettel kapcsolatban Kov\u00e1cs Mikl\u00f3s \u00fagy v\u00e9lte, hogy az a k\u00e1rp\u00e1taljai magyars\u00e1got egyel\u0151re nem vesz\u00e9lyezteti. Szerinte k\u00f6zvetlen fenyeget\u00e9s az ukrajnai magyarokat akkor \u00e9rheti, ha polg\u00e1rh\u00e1bor\u00fa t\u00f6r ki az orsz\u00e1gban.(MTI)<\/p>\n","protected":false},"excerpt":{"rendered":"<p>Jogilag teljes m\u00e9rt\u00e9kben \u00e9rtelmezhetetlen, hogy egy hivatalosan v\u00e1lasztott n\u00e9pk\u00e9pviseleti test\u00fclet, a K\u00e1rp\u00e1talja megyei tan\u00e1cs (k\u00f6zgy\u0171l\u00e9s) \u00fagynevezett n\u00e9ptan\u00e1csot, azaz alternat\u00edv hatalmi szervet hozott l\u00e9tre \u2013 mondta az MTI-nek Kov\u00e1cs Mikl\u00f3s, a K\u00e1rp\u00e1taljai Magyar Kultur\u00e1lis Sz\u00f6vets\u00e9g (KMKSZ) eln\u00f6ke. \u00dagy l\u00e1tja, az ukrajnai v\u00e1ls\u00e1ghelyzet egyel\u0151re nem vesz\u00e9lyezteti a k\u00e1rp\u00e1taljai magyars\u00e1got.<\/p>\n","protected":false},"author":1,"featured_media":0,"comment_status":"open","ping_status":"closed","sticky":false,"template":"","format":"standard","meta":[],"categories":[12],"tags":[],"_links":{"self":[{"href":"https:\/\/gazdasagportal.hu\/index.php\/wp-json\/wp\/v2\/posts\/26143"}],"collection":[{"href":"https:\/\/gazdasagportal.hu\/index.php\/wp-json\/wp\/v2\/posts"}],"about":[{"href":"https:\/\/gazdasagportal.hu\/index.php\/wp-json\/wp\/v2\/types\/post"}],"author":[{"embeddable":true,"href":"https:\/\/gazdasagportal.hu\/index.php\/wp-json\/wp\/v2\/users\/1"}],"replies":[{"embeddable":true,"href":"https:\/\/gazdasagportal.hu\/index.php\/wp-json\/wp\/v2\/comments?post=26143"}],"version-history":[{"count":1,"href":"https:\/\/gazdasagportal.hu\/index.php\/wp-json\/wp\/v2\/posts\/26143\/revisions"}],"predecessor-version":[{"id":26149,"href":"https:\/\/gazdasagportal.hu\/index.php\/wp-json\/wp\/v2\/posts\/26143\/revisions\/26149"}],"wp:attachment":[{"href":"https:\/\/gazdasagportal.hu\/index.php\/wp-json\/wp\/v2\/media?parent=26143"}],"wp:term":[{"taxonomy":"category","embeddable":true,"href":"https:\/\/gazdasagportal.hu\/index.php\/wp-json\/wp\/v2\/categories?post=26143"},{"taxonomy":"post_tag","embeddable":true,"href":"https:\/\/gazdasagportal.hu\/index.php\/wp-json\/wp\/v2\/tags?post=26143"}],"curies":[{"name":"wp","href":"https:\/\/api.w.org\/{rel}","templated":true}]}}