{"id":26079,"date":"2014-01-28T05:17:24","date_gmt":"2014-01-28T04:17:24","guid":{"rendered":"http:\/\/stockportal.hu\/?p=26079"},"modified":"2014-01-27T22:18:40","modified_gmt":"2014-01-27T21:18:40","slug":"rezsicsokkentes-volner-az-egyik-legfontosabb-feladat-a-kozszolgaltatok-nonprofitta-tetele","status":"publish","type":"post","link":"https:\/\/gazdasagportal.hu\/index.php\/rezsicsokkentes-volner-az-egyik-legfontosabb-feladat-a-kozszolgaltatok-nonprofitta-tetele\/","title":{"rendered":"Rezsics\u00f6kkent\u00e9s &#8211; V\u00f6lner: az egyik legfontosabb feladat a k\u00f6zszolg\u00e1ltat\u00f3k nonprofitt\u00e1 t\u00e9tele"},"content":{"rendered":"<p><strong>A k\u00f6vetkez\u0151 ciklus egyik legfontosabb korm\u00e1nyzati feladata a monopolhelyzetben l\u00e9v\u0151 k\u00f6zszolg\u00e1ltat\u00f3k nonprofitt\u00e1 t\u00e9tele, ezt azonban olyan kabinett\u0151l nem v\u00e1rhatj\u00e1k az emberek, mely &#8222;balra kanyarodva visszafordul&#8221; &#8211; jelentette ki a Nemzeti Fejleszt\u00e9si Miniszt\u00e9rium (NFM) infrastrukt\u00far\u00e1\u00e9rt felel\u0151s \u00e1llamtitk\u00e1ra h\u00e9tf\u0151n, a Fidesz kisk\u0151r\u00f6si rezsif\u00f3rum\u00e1n.<!--more--><\/strong><\/p>\n<p>V\u00f6lner P\u00e1l a Pet\u0151fi S\u00e1ndor M\u0171vel\u0151d\u00e9si K\u00f6zpont nagyterm\u00e9ben mintegy 200 \u00e9rdekl\u0151d\u0151 el\u0151tt arr\u00f3l besz\u00e9lt: az Orb\u00e1n-korm\u00e1ny 2010 \u00f3ta sikeresen orvosolta az el\u0151z\u0151 baloldali kabinetek t\u00e9ves gazdas\u00e1gpolitik\u00e1j\u00e1nak k\u00f6vetkezm\u00e9nyeit.<br \/>\nP\u00e9ldak\u00e9nt eml\u00edtette a munkahelyek v\u00e9delm\u00e9ben \u00e9s gyarap\u00edt\u00e1s\u00e1ban, a k\u00f6lts\u00e9gvet\u00e9s rendbet\u00e9tel\u00e9ben, az \u00f6nkorm\u00e1nyzati ad\u00f3ss\u00e1gterhek \u00e1tv\u00e1llal\u00e1s\u00e1ban, valamint az oktat\u00e1s \u00e9s eg\u00e9szs\u00e9g\u00fcgy \u00e1talak\u00edt\u00e1s\u00e1ban el\u00e9rt eredm\u00e9nyeket. M\u00e1ra nem csak talpra \u00e1ll\u00edtott\u00e1k az orsz\u00e1got, de megteremtett\u00e9k a tov\u00e1bbi n\u00f6veked\u00e9s felt\u00e9teleit is &#8211; tette hozz\u00e1 jelezve: a Fidesz-KDNP \u00e1ltal megoldott probl\u00e9m\u00e1kat a Gyurcs\u00e1ny Ferenc \u00e9s Bajnai Gordon nev\u00e9vel f\u00e9mjelzett id\u0151szakban a baloldal val\u00f3sz\u00edn\u0171leg az\u00e9rt nem sz\u00e1molta fel, mert &#8222;nem \u00e9rtenek hozz\u00e1&#8221;.<br \/>\nA politikus az elm\u00falt majdnem n\u00e9gy \u00e9v legemblematikusabb int\u00e9zked\u00e9s\u00e9nek nevezte a rezsics\u00f6kkent\u00e9s \u00e9rdek\u00e9ben tett l\u00e9p\u00e9seket. Azzal, hogy a k\u00fclf\u00f6ldi tulajdon\u00fa energiaszolg\u00e1ltat\u00f3k emiatt nem vonultak ki a magyar piacr\u00f3l, azt igazolt\u00e1k, hogy a kor\u00e1bbi rendszer m\u00e9lt\u00e1nytalan \u00e9s igazs\u00e1gtalan volt, hiszen az imm\u00e1r \u00f6t\u00f6d\u00e9vel alacsonyabb tarif\u00e1k sem sodort\u00e1k vesz\u00e9lybe m\u0171k\u00f6d\u00e9s\u00fcket &#8211; fogalmazott.<br \/>\nAz \u00e1llamtitk\u00e1r hangs\u00falyozta, hogy sz\u00fcks\u00e9g van a k\u00fclf\u00f6ldi befektet\u0151kre haz\u00e1nknak. \u00c1m a magyarok k\u00e1r\u00e1ra extra profitot termel\u0151k helyett olyan c\u00e9gek kellenek, melyek a kecskem\u00e9ti aut\u00f3ipari v\u00e1llalkoz\u00e1sokhoz hasonl\u00f3an termelnek, munkakult\u00far\u00e1t hoznak az orsz\u00e1gba \u00e9s ak\u00e1r a szakk\u00e9pz\u00e9s fejleszt\u00e9s\u00e9ben is egy\u00fcttm\u0171k\u00f6dnek \u2013 mondta.<br \/>\nV\u00f6lner P\u00e1l kiemelte: a k\u00f6vetkez\u0151 ciklus egyik legfontosabb feladat\u00e1nak tekintik a monopolhelyzetben l\u00e9v\u0151 k\u00f6zszolg\u00e1ltat\u00f3k nonprofitt\u00e1 t\u00e9tel\u00e9t, ezt azonban olyan kabinett\u0151l nem v\u00e1rhatj\u00e1k az emberek, mely &#8222;balra kanyarodva visszafordul&#8221;. Ha a vil\u00e1gpiacon cs\u00f6kkennek az energia\u00e1rak, Magyarorsz\u00e1gon sem fognak emelkedni, am\u00edg a Fidesz-KDNP koal\u00edci\u00f3 korm\u00e1nyoz &#8211; jelentette ki.<br \/>\nFont S\u00e1ndor, a t\u00e9rs\u00e9g fideszes orsz\u00e1ggy\u0171l\u00e9si k\u00e9pvisel\u0151jel\u00f6ltje a f\u00f3rumon arra h\u00edvta fel a r\u00e9sztvev\u0151k figyelm\u00e9t, hogy az uni\u00f3s \u00e9s k\u00fclf\u00f6ldi gazdas\u00e1gi nyom\u00e1s, valamint a hazai baloldal t\u00e1mad\u00e1sai miatt tov\u00e1bbra is fontos a rezsics\u00f6kkent\u00e9s folytat\u00e1sa melletti t\u00e1rsadalmi ki\u00e1ll\u00e1s. A politikus az esem\u00e9nyt megel\u0151z\u0151 sajt\u00f3t\u00e1j\u00e9koztat\u00f3n \u00fajs\u00e1g\u00edr\u00f3i k\u00e9rd\u00e9sre v\u00e1laszolva elmondta, b\u00e1r a k\u00fclf\u00f6ldi k\u00e9zben l\u00e9v\u0151 energiaszolg\u00e1ltat\u00f3k k\u00f6z\u00fcl eddig m\u00e9g egyik sem vonult ki Magyarorsz\u00e1gr\u00f3l, amennyiben bev\u00e1ltj\u00e1k erre vonatkoz\u00f3 fenyeget\u00e9seiket, az \u00e1llam k\u00e9szen \u00e1ll ak\u00e1r a teljes rendszer profitsemleges m\u00f3don t\u00f6rt\u00e9n\u0151 m\u0171k\u00f6dtet\u00e9s\u00e9re.(MTI)<\/p>\n","protected":false},"excerpt":{"rendered":"<p>A k\u00f6vetkez\u0151 ciklus egyik legfontosabb korm\u00e1nyzati feladata a monopolhelyzetben l\u00e9v\u0151 k\u00f6zszolg\u00e1ltat\u00f3k nonprofitt\u00e1 t\u00e9tele, ezt azonban olyan kabinett\u0151l nem v\u00e1rhatj\u00e1k az emberek, mely &#8222;balra kanyarodva visszafordul&#8221; &#8211; jelentette ki a Nemzeti Fejleszt\u00e9si Miniszt\u00e9rium (NFM) infrastrukt\u00far\u00e1\u00e9rt felel\u0151s \u00e1llamtitk\u00e1ra h\u00e9tf\u0151n, a Fidesz kisk\u0151r\u00f6si rezsif\u00f3rum\u00e1n.<\/p>\n","protected":false},"author":1,"featured_media":0,"comment_status":"open","ping_status":"closed","sticky":false,"template":"","format":"standard","meta":[],"categories":[18],"tags":[],"_links":{"self":[{"href":"https:\/\/gazdasagportal.hu\/index.php\/wp-json\/wp\/v2\/posts\/26079"}],"collection":[{"href":"https:\/\/gazdasagportal.hu\/index.php\/wp-json\/wp\/v2\/posts"}],"about":[{"href":"https:\/\/gazdasagportal.hu\/index.php\/wp-json\/wp\/v2\/types\/post"}],"author":[{"embeddable":true,"href":"https:\/\/gazdasagportal.hu\/index.php\/wp-json\/wp\/v2\/users\/1"}],"replies":[{"embeddable":true,"href":"https:\/\/gazdasagportal.hu\/index.php\/wp-json\/wp\/v2\/comments?post=26079"}],"version-history":[{"count":1,"href":"https:\/\/gazdasagportal.hu\/index.php\/wp-json\/wp\/v2\/posts\/26079\/revisions"}],"predecessor-version":[{"id":26080,"href":"https:\/\/gazdasagportal.hu\/index.php\/wp-json\/wp\/v2\/posts\/26079\/revisions\/26080"}],"wp:attachment":[{"href":"https:\/\/gazdasagportal.hu\/index.php\/wp-json\/wp\/v2\/media?parent=26079"}],"wp:term":[{"taxonomy":"category","embeddable":true,"href":"https:\/\/gazdasagportal.hu\/index.php\/wp-json\/wp\/v2\/categories?post=26079"},{"taxonomy":"post_tag","embeddable":true,"href":"https:\/\/gazdasagportal.hu\/index.php\/wp-json\/wp\/v2\/tags?post=26079"}],"curies":[{"name":"wp","href":"https:\/\/api.w.org\/{rel}","templated":true}]}}