{"id":26075,"date":"2014-01-27T22:04:02","date_gmt":"2014-01-27T21:04:02","guid":{"rendered":"http:\/\/stockportal.hu\/?p=26075"},"modified":"2014-01-27T21:23:52","modified_gmt":"2014-01-27T20:23:52","slug":"rezsicsokkentes-europai-szinten-is-figyelemremeltoak-az-elmult-35-ev-eredmenyei","status":"publish","type":"post","link":"https:\/\/gazdasagportal.hu\/index.php\/rezsicsokkentes-europai-szinten-is-figyelemremeltoak-az-elmult-35-ev-eredmenyei\/","title":{"rendered":"Rezsics\u00f6kkent\u00e9s &#8211; Eur\u00f3pai szinten is figyelemrem\u00e9lt\u00f3ak az elm\u00falt 3,5 \u00e9v eredm\u00e9nyei"},"content":{"rendered":"<p><strong>Eur\u00f3pai szinten is figyelemrem\u00e9lt\u00f3ak az elm\u00falt h\u00e1rom \u00e9s f\u00e9l eredm\u00e9nyei, &#8222;ez\u00e9rt higgy\u00fcnk az orsz\u00e1gunkban&#8221; \u2013 hangoztatta Navracsics Tibor minisztereln\u00f6k-helyettes h\u00e9tf\u0151n V\u00e1rpalot\u00e1n, egy lakoss\u00e1gi f\u00f3rumon.<!--more--><\/strong><\/p>\n<p>A k\u00f6zigazgat\u00e1si \u00e9s igazs\u00e1g\u00fcgyi miniszter a rezsics\u00f6kkent\u00e9sr\u0151l sz\u00f3l\u00f3 rendezv\u00e9nyen kiemelte: a korm\u00e1ny az\u00e9rt dolgozik, hogy Magyarorsz\u00e1g versenyk\u00e9pes legyen a gazdas\u00e1gban, az eg\u00e9szs\u00e9g\u00fcgyben, az oktat\u00e1sban \u00e9s &#8222;legf\u0151k\u00e9ppen optimizmusban&#8221;.<br \/>\n&#8222;Amit v\u00e9grehajtunk (&#8230;), az eur\u00f3pai szinten is csod\u00e1latra m\u00e9lt\u00f3: az uni\u00f3 egyik legutols\u00f3 orsz\u00e1g\u00e1b\u00f3l \u2013 ak\u00e1r a k\u00f6lts\u00e9gvet\u00e9s stabilit\u00e1s\u00e1t, ak\u00e1r a gazdas\u00e1gi n\u00f6veked\u00e9s lehet\u0151s\u00e9g\u00e9t n\u00e9zz\u00fck &#8211; az egyik legstabilabb orsz\u00e1gg\u00e1 v\u00e1ltunk&#8221; \u2013 fogalmazott a politikus.<br \/>\nKijelentette: 2010-ben az orsz\u00e1g a t\u00f6nk sz\u00e9l\u00e9n \u00e1llt, &#8222;addigra n\u00e9gy-\u00f6t megszor\u00edt\u00f3 csomagon voltunk t\u00fal a Gyurcs\u00e1ny- \u00e9s Bajnai korm\u00e1nyoknak k\u00f6sz\u00f6nhet\u0151en&#8221;. Hozz\u00e1f\u0171zte: ennek k\u00f6vetkezm\u00e9nyek\u00e9nt a magyar lakoss\u00e1g t\u00f6bb mint egyharmada a szeg\u00e9nys\u00e9gi k\u00fcsz\u00f6b alatt \u00e9lt.<br \/>\n&#8222;Akkor, amikor ma Magyarorsz\u00e1gon az \u00e1tlag havi fizet\u00e9s 700 eur\u00f3, ami szinte le sem ford\u00edthat\u00f3 egy nyugat-eur\u00f3pai orsz\u00e1g kereseti viszonyaira, viszont az energia\u00e1rak \u00e9s az \u00e9lelmiszer\u00e1rak a nyugat-eur\u00f3pai \u00e1rak k\u00f6zel\u00e9ben vannak, akkor nem lehet tov\u00e1bb megszor\u00edt\u00f3 int\u00e9zked\u00e9seket bevezetni&#8221; &#8211; indokolta a rezsics\u00f6kkent\u00e9s sz\u00fcks\u00e9gess\u00e9g\u00e9t Navracsics Tibor. Nemcsak az\u00e9rt, mert a lakoss\u00e1g nem b\u00edrn\u00e1 el, hanem az\u00e9rt is, mert a gazdas\u00e1g se b\u00edrn\u00e1 el \u2013 tette hozz\u00e1. \u00a0\u00a0\u00a0\u00a0Kifejtette: v\u00e1laszt\u00e1si programjukban nem \u00edg\u00e9rt\u00e9k, hogy legy\u0151zik a v\u00e1ls\u00e1got, hiszen &#8222;nyolc \u00e9v bakl\u00f6v\u00e9seit, nyolc \u00e9v v\u00e1ls\u00e1g\u00e1t lehetetlen egyik napr\u00f3l a m\u00e1sikra megoldani&#8221;.<br \/>\nKontr\u00e1t K\u00e1roly bel\u00fcgyminiszt\u00e9riumi \u00e1llamtitk\u00e1r felid\u00e9zte: id\u00e9n h\u00e1rom \u00fctemben folytat\u00f3dik a rezsics\u00f6kkent\u00e9s: a g\u00e1z \u00e1ra \u00e1prilist\u00f3l 6,5, az \u00e1ram\u00e9 szeptembert\u0151l 5,7, a t\u00e1vh\u0151szolg\u00e1ltat\u00e1s\u00e9 okt\u00f3bert\u0151l 3,3 sz\u00e1zal\u00e9kkal lesz kevesebb.<br \/>\nK\u00f6sz\u00f6netet mondott a v\u00e1laszt\u00f3ker\u00fcletben \u00f6sszegy\u0171jt\u00f6tt 21 ezer, rezsics\u00f6kkent\u00e9st t\u00e1mogat\u00f3 al\u00e1\u00edr\u00e1s\u00e9rt.<br \/>\nAz \u00e1llamtitk\u00e1r besz\u00e9lt arr\u00f3l, hogy a k\u00f6zbiztons\u00e1g az elm\u00falt h\u00e1rom \u00e9s f\u00e9l \u00e9vben jelent\u0151sen javult, s ha a v\u00e1laszt\u00e1sokon a korm\u00e1ny \u00fajra bizalmat kap, tov\u00e1bb dolgoznak a k\u00f6zbiztons\u00e1g jobb\u00edt\u00e1s\u00e1n, a megel\u0151z\u00e9sre helyezve a hangs\u00falyt.<br \/>\nKiemelte: az \u00e1prilisi v\u00e1laszt\u00e1sok t\u00e9tje az, hogy megv\u00e9dj\u00e9k a csal\u00e1dokat seg\u00edt\u0151 int\u00e9zked\u00e9seket, \u00edgy a rezsics\u00f6kkent\u00e9st is.(MTI)<\/p>\n","protected":false},"excerpt":{"rendered":"<p>Eur\u00f3pai szinten is figyelemrem\u00e9lt\u00f3ak az elm\u00falt h\u00e1rom \u00e9s f\u00e9l eredm\u00e9nyei, &#8222;ez\u00e9rt higgy\u00fcnk az orsz\u00e1gunkban&#8221; \u2013 hangoztatta Navracsics Tibor minisztereln\u00f6k-helyettes h\u00e9tf\u0151n V\u00e1rpalot\u00e1n, egy lakoss\u00e1gi f\u00f3rumon.<\/p>\n","protected":false},"author":1,"featured_media":0,"comment_status":"open","ping_status":"closed","sticky":false,"template":"","format":"standard","meta":[],"categories":[18],"tags":[],"_links":{"self":[{"href":"https:\/\/gazdasagportal.hu\/index.php\/wp-json\/wp\/v2\/posts\/26075"}],"collection":[{"href":"https:\/\/gazdasagportal.hu\/index.php\/wp-json\/wp\/v2\/posts"}],"about":[{"href":"https:\/\/gazdasagportal.hu\/index.php\/wp-json\/wp\/v2\/types\/post"}],"author":[{"embeddable":true,"href":"https:\/\/gazdasagportal.hu\/index.php\/wp-json\/wp\/v2\/users\/1"}],"replies":[{"embeddable":true,"href":"https:\/\/gazdasagportal.hu\/index.php\/wp-json\/wp\/v2\/comments?post=26075"}],"version-history":[{"count":1,"href":"https:\/\/gazdasagportal.hu\/index.php\/wp-json\/wp\/v2\/posts\/26075\/revisions"}],"predecessor-version":[{"id":26076,"href":"https:\/\/gazdasagportal.hu\/index.php\/wp-json\/wp\/v2\/posts\/26075\/revisions\/26076"}],"wp:attachment":[{"href":"https:\/\/gazdasagportal.hu\/index.php\/wp-json\/wp\/v2\/media?parent=26075"}],"wp:term":[{"taxonomy":"category","embeddable":true,"href":"https:\/\/gazdasagportal.hu\/index.php\/wp-json\/wp\/v2\/categories?post=26075"},{"taxonomy":"post_tag","embeddable":true,"href":"https:\/\/gazdasagportal.hu\/index.php\/wp-json\/wp\/v2\/tags?post=26075"}],"curies":[{"name":"wp","href":"https:\/\/api.w.org\/{rel}","templated":true}]}}