{"id":25923,"date":"2014-01-24T20:12:37","date_gmt":"2014-01-24T19:12:37","guid":{"rendered":"http:\/\/stockportal.hu\/?p=25923"},"modified":"2014-01-24T20:12:37","modified_gmt":"2014-01-24T19:12:37","slug":"havazas-szombatra-tizenharom-megyere-adtak-ki-figyelmeztetest","status":"publish","type":"post","link":"https:\/\/gazdasagportal.hu\/index.php\/havazas-szombatra-tizenharom-megyere-adtak-ki-figyelmeztetest\/","title":{"rendered":"Havaz\u00e1s &#8211; Szombatra tizenh\u00e1rom megy\u00e9re adtak ki figyelmeztet\u00e9st"},"content":{"rendered":"<p><strong>Szombatra tizenh\u00e1rom megy\u00e9re adott ki els\u0151fok\u00fa figyelmeztet\u00e9seket a v\u00e1rhat\u00f3 jelent\u0151s mennyis\u00e9g\u0171 h\u00f3, illetve h\u00f3f\u00fav\u00e1s miatt az Orsz\u00e1gos Meteorol\u00f3giai Szolg\u00e1lat.<!--more--><\/strong><\/p>\n<p>Az MTI-hez p\u00e9nteken eljuttatott vesz\u00e9lyjelz\u00e9s szerint B\u00e9k\u00e9s, Csongr\u00e1d, Hajd\u00fa-Bihar, J\u00e1sz-Nagykun-Szolnok \u00e9s Szabolcs-Szatm\u00e1r-Bereg a havaz\u00e1s \u00e9s a h\u00f3f\u00fav\u00e1s miatt is citroms\u00e1rga, vagyis els\u0151fok\u00fa figyelmeztet\u00e9st adtak ki.<br \/>\nBaranya, B\u00e1cs-Kiskun, Borsod-Aba\u00faj-Zempl\u00e9n, Somogy, Tolna, Vas, Veszpr\u00e9m \u00e9s Zala megye ter\u00fclet\u00e9re csak a h\u00f3f\u00fav\u00e1s miatt adtak ki ugyancsak els\u0151fok\u00fa figyelmeztet\u00e9st.<br \/>\nMint \u00edrt\u00e1k, lassank\u00e9nt megsz\u0171nik a havaz\u00e1s a Dun\u00e1nt\u00fal nagy r\u00e9sz\u00e9n. Reggelig a d\u00e9li, d\u00e9lkeleti megy\u00e9kben t\u00f6bb mint 10 centim\u00e9ter friss h\u00f3 hullhat. Reggel m\u00e1r csak a d\u00e9lkeleti t\u00e1jakon lehet gyenge, illetve k\u00f6zepes havaz\u00e1s. T\u00f6bb h\u00f3 a keleti hat\u00e1r ment\u00e9n \u00e9s Szabolcs-Szatm\u00e1r-Bereg megy\u00e9ben val\u00f3sz\u00edn\u0171. Szombat estig a Tisz\u00e1nt\u00falon eshet m\u00e9g \u00fajabb 5-10 centim\u00e9ter h\u00f3. \u00d6sszess\u00e9g\u00e9ben a Ny\u00edrs\u00e9g \u00e9szaki r\u00e9sz\u00e9n 15 centim\u00e9tern\u00e9l t\u00f6bb h\u00f3 is hullhat.<br \/>\nSzombaton a Dun\u00e1nt\u00fal \u00e9s az Alf\u00f6ld h\u00f3val fedett t\u00e1jain hordhatja az \u00e9l\u00e9nk, nyugaton \u00e9s \u00e9szakkeleten az er\u0151s sz\u00e9l a havat &#8211; \u00edrta a meteorol\u00f3giai szolg\u00e1lat.<br \/>\nAz el\u0151rejelz\u00e9s szerint szombaton a legalacsonyabb h\u0151m\u00e9rs\u00e9klet m\u00ednusz 9 \u00e9s m\u00ednusz 1 fok k\u00f6z\u00f6tt alakul. A legmagasabb nappali h\u0151m\u00e9rs\u00e9klet \u00e1ltal\u00e1ban m\u00ednusz 5 \u00e9s plusz 1 fok k\u00f6z\u00f6tt v\u00e1rhat\u00f3, de az \u00e9szakkeleti hat\u00e1r k\u00f6zel\u00e9ben enn\u00e9l n\u00e9h\u00e1ny fokkal hidegebb is lehet.(MTI)<\/p>\n","protected":false},"excerpt":{"rendered":"<p>Szombatra tizenh\u00e1rom megy\u00e9re adott ki els\u0151fok\u00fa figyelmeztet\u00e9seket a v\u00e1rhat\u00f3 jelent\u0151s mennyis\u00e9g\u0171 h\u00f3, illetve h\u00f3f\u00fav\u00e1s miatt az Orsz\u00e1gos Meteorol\u00f3giai Szolg\u00e1lat.<\/p>\n","protected":false},"author":1,"featured_media":0,"comment_status":"open","ping_status":"closed","sticky":false,"template":"","format":"standard","meta":[],"categories":[48],"tags":[],"_links":{"self":[{"href":"https:\/\/gazdasagportal.hu\/index.php\/wp-json\/wp\/v2\/posts\/25923"}],"collection":[{"href":"https:\/\/gazdasagportal.hu\/index.php\/wp-json\/wp\/v2\/posts"}],"about":[{"href":"https:\/\/gazdasagportal.hu\/index.php\/wp-json\/wp\/v2\/types\/post"}],"author":[{"embeddable":true,"href":"https:\/\/gazdasagportal.hu\/index.php\/wp-json\/wp\/v2\/users\/1"}],"replies":[{"embeddable":true,"href":"https:\/\/gazdasagportal.hu\/index.php\/wp-json\/wp\/v2\/comments?post=25923"}],"version-history":[{"count":1,"href":"https:\/\/gazdasagportal.hu\/index.php\/wp-json\/wp\/v2\/posts\/25923\/revisions"}],"predecessor-version":[{"id":25924,"href":"https:\/\/gazdasagportal.hu\/index.php\/wp-json\/wp\/v2\/posts\/25923\/revisions\/25924"}],"wp:attachment":[{"href":"https:\/\/gazdasagportal.hu\/index.php\/wp-json\/wp\/v2\/media?parent=25923"}],"wp:term":[{"taxonomy":"category","embeddable":true,"href":"https:\/\/gazdasagportal.hu\/index.php\/wp-json\/wp\/v2\/categories?post=25923"},{"taxonomy":"post_tag","embeddable":true,"href":"https:\/\/gazdasagportal.hu\/index.php\/wp-json\/wp\/v2\/tags?post=25923"}],"curies":[{"name":"wp","href":"https:\/\/api.w.org\/{rel}","templated":true}]}}