{"id":2592,"date":"2013-02-11T14:03:57","date_gmt":"2013-02-11T13:03:57","guid":{"rendered":"http:\/\/stockportal.hu\/?p=2592"},"modified":"2013-02-11T14:54:56","modified_gmt":"2013-02-11T13:54:56","slug":"ogy-orban-eu-csatlakozasunk-ota-ilyen-sikert-meg-nem-ertunk-el","status":"publish","type":"post","link":"https:\/\/gazdasagportal.hu\/index.php\/ogy-orban-eu-csatlakozasunk-ota-ilyen-sikert-meg-nem-ertunk-el\/","title":{"rendered":"OGY &#8211; Orb\u00e1n: EU-csatlakoz\u00e1sunk \u00f3ta ilyen sikert m\u00e9g nem \u00e9rt\u00fcnk el"},"content":{"rendered":"<p><strong>Az orsz\u00e1g 2004-es eur\u00f3pai uni\u00f3s csatlakoz\u00e1sa \u00f3ta el\u00e9rt legnagyobb sikernek nevezte a m\u00falt heti br\u00fcsszeli uni\u00f3s cs\u00facstal\u00e1lkoz\u00f3n el\u00e9rt magyar eredm\u00e9nyt Orb\u00e1n Viktor minisztereln\u00f6k h\u00e9tf\u0151n, napirend el\u0151tt a parlamentben.<!--more--><\/strong><\/p>\n<p>Magyarorsz\u00e1g legnagyobb sikere, hogy az elk\u00f6vetkez\u0151 h\u00e9t \u00e9vre a lehet\u0151 legkedvez\u0151bb poz\u00edci\u00f3ba ker\u00fclt &#8222;az EU politikai \u00e9s gazdas\u00e1gi sakkt\u00e1bl\u00e1j\u00e1n&#8221; &#8211; fogalmazott a korm\u00e1nyf\u0151, eml\u00e9keztetve arra, hogy az Eur\u00f3pai Tan\u00e1cs m\u00falt heti br\u00fcsszeli tan\u00e1cskoz\u00e1s\u00e1n elfogadt\u00e1k az EU 2014-2020 k\u00f6z\u00f6tti keretk\u00f6lts\u00e9gvet\u00e9s\u00e9t.<br \/>\nOrb\u00e1n Viktor szerint a vil\u00e1g is kezdi m\u00e1r megszokni, hogy a magyarok ki\u00e1llnak maguk\u00e9rt, \u00e9s Magyarorsz\u00e1got imm\u00e1r mindenkinek egyenl\u0151 f\u00e9lk\u00e9nt kell kezelnie. Sok eur\u00f3pai orsz\u00e1g eset\u00e9ben ez mag\u00e1t\u00f3l \u00e9rtet\u0151d\u0151 dolog &#8211; folytatta -, &#8222;benn\u00fcnket azonban a magyar t\u00f6rt\u00e9nelem nem k\u00e9nyeztetett el, \u00e9s ez\u00e9rt m\u00e1ig \u00e9l az \u00f6nfelad\u00f3 alkalmazkod\u00e1s \u00e9s az \u00f6nk\u00e9ntes al\u00e1rendel\u0151d\u00e9s \u00f6szt\u00f6ne&#8221;. Az elm\u00falt k\u00e9t \u00e9vben azonban a korm\u00e1ny vil\u00e1goss\u00e1 tette: a magyarok nem fogadj\u00e1k el a kett\u0151s m\u00e9rc\u00e9t, &#8222;mindenkinek megadjuk, de mindenkit\u0151l el is v\u00e1rjuk a tiszteletet&#8221; &#8211; mondta.<br \/>\n&#8222;Magyarorsz\u00e1g 2004-es uni\u00f3s csatlakoz\u00e1sa \u00f3ta m\u00e9g ilyen sikert nem \u00e9rt\u00fcnk el&#8221;, mint a m\u00falt h\u00e9ten Br\u00fcsszelben &#8211; jelentette ki Orb\u00e1n Viktor, k\u00f6z\u00f6lve: az orsz\u00e1g az eur\u00f3pai k\u00f6lts\u00e9gvet\u00e9si t\u00e1rgyal\u00e1sokon l\u00e9nyeg\u00e9ben mindent el\u00e9rt, amit el lehetett. Felid\u00e9zte, hogy Magyarorsz\u00e1g &#8222;a tekint\u00e9lyes m\u00e1sodik helyet \u00e9rte el&#8221; az egy f\u0151re jut\u00f3 uni\u00f3s p\u00e9nzeket tekintve, \u00edgy az Eur\u00f3pai Uni\u00f3 cs\u00f6kken\u0151 b\u00fcdzs\u00e9je ellen\u00e9re az eddigi 660 ezer forint helyett 712 ezer forint t\u00e1mogat\u00e1s jut fejenk\u00e9nt a magyarokra a k\u00f6vetkez\u0151 h\u00e9t\u00e9ves k\u00f6lts\u00e9gvet\u00e9si id\u0151szakban. Ez azt jelenti, hogy a kisebb tort\u00e1b\u00f3l egy nagyobb szelet jut Magyarorsz\u00e1gnak &#8211; magyar\u00e1zta, jelezve, hogy a 2014 \u00e9s 2020 k\u00f6z\u00f6tt Magyarorsz\u00e1gnak j\u00e1r\u00f3 7080 milli\u00e1rd forint a brutt\u00f3 nemzeti j\u00f6vedelem 3,6 sz\u00e1zal\u00e9ka.<br \/>\nA minisztereln\u00f6k hangs\u00falyozta, hogy az orsz\u00e1g m\u00e9g soha nem jutott ennyi eur\u00f3pai uni\u00f3s t\u00e1mogat\u00e1shoz fejenk\u00e9nt.<br \/>\nEredm\u00e9nyk\u00e9nt \u00e9rt\u00e9kelte azt is, hogy noha a k\u00f6z\u00e9p-magyarorsz\u00e1gi r\u00e9gi\u00f3 m\u00e1r nem sz\u00e1m\u00edt elmaradottnak, a t\u00f6bbi r\u00e9gi\u00f3nak jut\u00f3 t\u00e1mogat\u00e1s nem cs\u00f6kken, annak ellen\u00e9re, hogy az eredeti k\u00f6lts\u00e9gvet\u00e9si javaslat ezt tartalmazta.<br \/>\nHozz\u00e1tette tov\u00e1bb\u00e1, hogy megmarad a kor\u00e1bban vitatott \u00e1fa-elsz\u00e1mol\u00e1s lehet\u0151s\u00e9ge, \u00e9s siker\u00fclt megv\u00e9deni az uni\u00f3s fejleszt\u00e9sek 85 sz\u00e1zal\u00e9kos t\u00e1mogat\u00e1si r\u00e9szar\u00e1ny\u00e1t is, amelyet Br\u00fcsszel eredetileg 75 sz\u00e1zal\u00e9kosra akart cs\u00f6kkenteni. E k\u00e9t eredm\u00e9ny egy\u00fctt \u00e9vi 210 milli\u00e1rd forint megtakar\u00edt\u00e1st jelent a magyar b\u00fcdzs\u00e9nek &#8211; h\u00edvta fel a figyelmet. Helyeselte azt is, hogy &#8222;a nagy uni\u00f3s k\u00f6lts\u00e9gvet\u00e9si nyes\u00e9s&#8221; nem \u00e9rinti az agr\u00e1rt\u00e1mogat\u00e1sokat, amelyek megv\u00e9d\u00e9s\u00e9ben j\u00f3l m\u0171k\u00f6d\u00f6tt &#8222;a francia-lengyel-rom\u00e1n-magyar-tengely&#8221;.<br \/>\n&#8222;Amit kiharcoltunk, az egy lehet\u0151s\u00e9g, egy p\u00e9nz\u00fcgyi keret, amit Magyarorsz\u00e1g el\u00e9rhet \u00e9s hasznos\u00edthat&#8221; &#8211; mondta a korm\u00e1nyf\u0151, hangs\u00falyozva ugyanakkor, hogy ez\u00e9rt a p\u00e9nz\u00e9rt m\u00e9g itthon meg kell dolgozni, olyan programokat kell kidolgozni, amelyek lehet\u0151v\u00e9 teszik, hogy ezek a forr\u00e1sok meg is \u00e9rkezzenek Magyarorsz\u00e1gra. A legf\u0151bb feladatnak azt nevezte, hogy a k\u00f6z\u00f6ss\u00e9gi t\u00e1mogat\u00e1sok nagyj\u00e1b\u00f3l 60 sz\u00e1zal\u00e9k\u00e1t c\u00e9lzottan gazdas\u00e1gfejleszt\u00e9sre \u00e9s ezzel munkahelyteremt\u00e9sre ford\u00edts\u00e1k.<br \/>\nOrb\u00e1n Viktor Magyarorsz\u00e1g siker\u00e9nek k\u00e9t fontos tanuls\u00e1g\u00e1t \u00fagy foglalta \u00f6ssze: csak annak van becs\u00fclete, aki ak\u00e1r konfliktusok \u00e1r\u00e1n is ki\u00e1ll az \u00e9rdekei\u00e9rt, \u00e9s a sikerekhez sz\u00f6vets\u00e9gesekre van sz\u00fcks\u00e9g. El\u0151bbivel kapcsolatban \u00fagy fogalmazott: kor\u00e1bban sokan biztattak arra, hogy &#8222;ne ugr\u00e1ljuk, ne bocs\u00e1tkozzunk vit\u00e1ba a nagyobbakkal, ink\u00e1bb sz\u00e9pen h\u00fazzuk meg magunkat a sz\u0151nyeg alatt, k\u00fcl\u00f6nben p\u00f3rul j\u00e1runk&#8221;. A korm\u00e1ny azonban 2010-ben szak\u00edtott ezzel a hozz\u00e1\u00e1ll\u00e1ssal, \u00e9s a mostani br\u00fcsszeli megegyez\u00e9s azt bizony\u00edtja, Magyarorsz\u00e1gnak ez a helyes \u00fat.<br \/>\nAz orsz\u00e1g most v\u00e9gre j\u00f3l j\u00e1rt, \u00e9s az\u00e9rt j\u00e1rhatott j\u00f3l, mert ki\u00e1llt mag\u00e1\u00e9rt &#8211; hangs\u00falyozta, hozz\u00e1t\u00e9ve, hogy az EU \u00e1llam- \u00e9s korm\u00e1nyf\u0151i elismert\u00e9k a magyar embereknek az ad\u00f3ss\u00e1g \u00e9s a hi\u00e1ny cs\u00f6kkent\u00e9se \u00e9rdek\u00e9ben tett er\u0151fesz\u00edt\u00e9seit.<br \/>\nA m\u00e1sik tanuls\u00e1gr\u00f3l sz\u00f3lva kiemelte: Magyarorsz\u00e1gnak siker\u00fclt sz\u00f6vets\u00e9geseket tal\u00e1lnia, \u00e9s egy egyed\u00fcl\u00e1ll\u00f3 k\u00f6z\u00e9p-eur\u00f3pai \u00f6sszefog\u00e1s keret\u00e9ben \u00e9rv\u00e9nyes\u00edteni a r\u00e9gi\u00f3 k\u00f6z\u00f6s \u00e9rdekeit.<br \/>\nA siker kulcsa teh\u00e1t egyr\u00e9szt az a b\u00e1tors\u00e1g volt, amellyel Magyarorsz\u00e1g ki\u00e1llt saj\u00e1t \u00e9rdekei\u00e9rt, m\u00e1sr\u00e9szt az a bajt\u00e1rsiass\u00e1g, amellyel &#8222;sz\u00f6vets\u00e9geseinkkel v\u00e1llvetve k\u00fczd\u00fcnk k\u00f6z\u00f6s \u00e9rdekeink\u00e9rt&#8221; &#8211; z\u00e1rta szavait Orb\u00e1n Viktor a parlament tavaszi \u00fcl\u00e9sszak\u00e1t megnyit\u00f3, napirend el\u0151tti felsz\u00f3lal\u00e1s\u00e1ban. (MTI)<\/p>\n<p><iframe loading=\"lazy\" src=\"http:\/\/stockportal.hu\/line_deviza_arfolyam._valt.php\" height=\"500\" width=\"500\"><\/iframe><br \/>\n&nbsp;<\/p><div id=\"gazda-2913322041\" class=\"gazda-tartalomban gazda-entity-placement\"><script async src=\"https:\/\/pagead2.googlesyndication.com\/pagead\/js\/adsbygoogle.js\"><\/script>\r\n<ins class=\"adsbygoogle\"\r\n     style=\"display:block\"\r\n     data-ad-format=\"fluid\"\r\n     data-ad-layout-key=\"-6t+ed+2i-1n-4w\"\r\n     data-ad-client=\"ca-pub-1959107119989764\"\r\n     data-ad-slot=\"4008251320\"><\/ins>\r\n<script>\r\n     (adsbygoogle = window.adsbygoogle || []).push({});\r\n<\/script><\/div>\n<p>&nbsp;<\/p>\n<p>&nbsp;<\/p>\n","protected":false},"excerpt":{"rendered":"<p>Az orsz\u00e1g 2004-es eur\u00f3pai uni\u00f3s csatlakoz\u00e1sa \u00f3ta el\u00e9rt legnagyobb sikernek nevezte a m\u00falt heti br\u00fcsszeli uni\u00f3s cs\u00facstal\u00e1lkoz\u00f3n el\u00e9rt magyar eredm\u00e9nyt Orb\u00e1n Viktor minisztereln\u00f6k h\u00e9tf\u0151n, napirend el\u0151tt a parlamentben.<\/p>\n","protected":false},"author":1,"featured_media":0,"comment_status":"closed","ping_status":"open","sticky":false,"template":"","format":"standard","meta":[],"categories":[12,19],"tags":[],"_links":{"self":[{"href":"https:\/\/gazdasagportal.hu\/index.php\/wp-json\/wp\/v2\/posts\/2592"}],"collection":[{"href":"https:\/\/gazdasagportal.hu\/index.php\/wp-json\/wp\/v2\/posts"}],"about":[{"href":"https:\/\/gazdasagportal.hu\/index.php\/wp-json\/wp\/v2\/types\/post"}],"author":[{"embeddable":true,"href":"https:\/\/gazdasagportal.hu\/index.php\/wp-json\/wp\/v2\/users\/1"}],"replies":[{"embeddable":true,"href":"https:\/\/gazdasagportal.hu\/index.php\/wp-json\/wp\/v2\/comments?post=2592"}],"version-history":[{"count":4,"href":"https:\/\/gazdasagportal.hu\/index.php\/wp-json\/wp\/v2\/posts\/2592\/revisions"}],"predecessor-version":[{"id":2605,"href":"https:\/\/gazdasagportal.hu\/index.php\/wp-json\/wp\/v2\/posts\/2592\/revisions\/2605"}],"wp:attachment":[{"href":"https:\/\/gazdasagportal.hu\/index.php\/wp-json\/wp\/v2\/media?parent=2592"}],"wp:term":[{"taxonomy":"category","embeddable":true,"href":"https:\/\/gazdasagportal.hu\/index.php\/wp-json\/wp\/v2\/categories?post=2592"},{"taxonomy":"post_tag","embeddable":true,"href":"https:\/\/gazdasagportal.hu\/index.php\/wp-json\/wp\/v2\/tags?post=2592"}],"curies":[{"name":"wp","href":"https:\/\/api.w.org\/{rel}","templated":true}]}}