{"id":25902,"date":"2014-01-24T15:02:11","date_gmt":"2014-01-24T14:02:11","guid":{"rendered":"http:\/\/stockportal.hu\/?p=25902"},"modified":"2014-01-24T10:43:24","modified_gmt":"2014-01-24T09:43:24","slug":"az-ujabb-rezsicsokkentesrol-dont-evadnyito-ulesen-a-fidesz-kdnp-frakcio","status":"publish","type":"post","link":"https:\/\/gazdasagportal.hu\/index.php\/az-ujabb-rezsicsokkentesrol-dont-evadnyito-ulesen-a-fidesz-kdnp-frakcio\/","title":{"rendered":"Az \u00fajabb rezsics\u00f6kkent\u00e9sr\u0151l d\u00f6nt \u00e9vadnyit\u00f3 \u00fcl\u00e9s\u00e9n a Fidesz-KDNP-frakci\u00f3"},"content":{"rendered":"<p><strong>A rezsics\u00f6kkent\u00e9s folytat\u00e1s\u00e1r\u00f3l d\u00f6nt mai \u00e9vadnyit\u00f3 \u00fcl\u00e9s\u00e9n, Balatonsz\u00e1rsz\u00f3n a Fidesz-KDNP parlamenti k\u00e9pvisel\u0151csoportja.<!--more--><\/strong><\/p>\n<p>Orb\u00e1n Viktor minisztereln\u00f6k azt m\u00e1r kor\u00e1bban bejelentette, hogy a harmadik rezsics\u00f6kkent\u00e9ssel az \u00e1ram, a g\u00e1z \u00e9s a t\u00e1vh\u0151 lesz ism\u00e9t olcs\u00f3bb.<br \/>\nA kihelyezett balatonsz\u00e1rsz\u00f3i frakci\u00f3\u00fcl\u00e9sen az \u00fajb\u00f3li rezsics\u00f6kkent\u00e9s m\u00e9rt\u00e9k\u00e9r\u0151l \u00e9s \u00fctemez\u00e9s\u00e9r\u0151l d\u00f6ntenek majd a korm\u00e1nyp\u00e1rti k\u00e9pvisel\u0151k. Az \u00fajabb \u00e1rcs\u00f6kkent\u00e9sre vonatkoz\u00f3 r\u00e9szletes tervet a Rog\u00e1n Antal Fidesz-frakci\u00f3vezet\u0151 \u00e1ltal ir\u00e1ny\u00edtott el\u0151k\u00e9sz\u00edt\u0151 munkacsoport terjeszti a frakci\u00f3\u00fcl\u00e9s r\u00e9sztvev\u0151i el\u00e9.<br \/>\nRog\u00e1n Antal k\u00e9t h\u00e9ttel ezel\u0151tt azt mondta, hogy b\u00e1r a tavalyi rezsics\u00f6kkent\u00e9seknek k\u00f6sz\u00f6nhet\u0151en jelent\u0151sen cs\u00f6kkent, a j\u00f6vedelmekhez viszony\u00edtva m\u00e9g mindig az eur\u00f3pai uni\u00f3s \u00e1tlag felett van a villamos energia \u00e9s a g\u00e1z \u00e1ra Magyarorsz\u00e1gon, amin v\u00e1ltoztatni kell.(MTI)<\/p>\n","protected":false},"excerpt":{"rendered":"<p>A rezsics\u00f6kkent\u00e9s folytat\u00e1s\u00e1r\u00f3l d\u00f6nt mai \u00e9vadnyit\u00f3 \u00fcl\u00e9s\u00e9n, Balatonsz\u00e1rsz\u00f3n a Fidesz-KDNP parlamenti k\u00e9pvisel\u0151csoportja.<\/p>\n","protected":false},"author":1,"featured_media":0,"comment_status":"open","ping_status":"closed","sticky":false,"template":"","format":"standard","meta":[],"categories":[18],"tags":[],"_links":{"self":[{"href":"https:\/\/gazdasagportal.hu\/index.php\/wp-json\/wp\/v2\/posts\/25902"}],"collection":[{"href":"https:\/\/gazdasagportal.hu\/index.php\/wp-json\/wp\/v2\/posts"}],"about":[{"href":"https:\/\/gazdasagportal.hu\/index.php\/wp-json\/wp\/v2\/types\/post"}],"author":[{"embeddable":true,"href":"https:\/\/gazdasagportal.hu\/index.php\/wp-json\/wp\/v2\/users\/1"}],"replies":[{"embeddable":true,"href":"https:\/\/gazdasagportal.hu\/index.php\/wp-json\/wp\/v2\/comments?post=25902"}],"version-history":[{"count":1,"href":"https:\/\/gazdasagportal.hu\/index.php\/wp-json\/wp\/v2\/posts\/25902\/revisions"}],"predecessor-version":[{"id":25903,"href":"https:\/\/gazdasagportal.hu\/index.php\/wp-json\/wp\/v2\/posts\/25902\/revisions\/25903"}],"wp:attachment":[{"href":"https:\/\/gazdasagportal.hu\/index.php\/wp-json\/wp\/v2\/media?parent=25902"}],"wp:term":[{"taxonomy":"category","embeddable":true,"href":"https:\/\/gazdasagportal.hu\/index.php\/wp-json\/wp\/v2\/categories?post=25902"},{"taxonomy":"post_tag","embeddable":true,"href":"https:\/\/gazdasagportal.hu\/index.php\/wp-json\/wp\/v2\/tags?post=25902"}],"curies":[{"name":"wp","href":"https:\/\/api.w.org\/{rel}","templated":true}]}}