{"id":25883,"date":"2014-01-24T14:26:13","date_gmt":"2014-01-24T13:26:13","guid":{"rendered":"http:\/\/stockportal.hu\/?p=25883"},"modified":"2014-01-24T10:07:26","modified_gmt":"2014-01-24T09:07:26","slug":"valasztas-2014-lejar-ma-a-hirdetesi-szolgaltatasok-bejelentesenek-hatarideje","status":"publish","type":"post","link":"https:\/\/gazdasagportal.hu\/index.php\/valasztas-2014-lejar-ma-a-hirdetesi-szolgaltatasok-bejelentesenek-hatarideje\/","title":{"rendered":"V\u00e1laszt\u00e1s 2014 &#8211; Lej\u00e1r ma a hirdet\u00e9si szolg\u00e1ltat\u00e1sok bejelent\u00e9s\u00e9nek hat\u00e1rideje"},"content":{"rendered":"<p><strong>Ma j\u00e1r le a hirdet\u00e9si szolg\u00e1ltat\u00e1sok bejelent\u00e9s\u00e9nek hat\u00e1rideje, az a sajt\u00f3org\u00e1num, amely nem k\u00fcldi el \u00e1rjegyz\u00e9k\u00e9t az \u00c1llami Sz\u00e1mvev\u0151sz\u00e9khez (\u00c1SZ), nem k\u00f6z\u00f6lhet politikai hirdet\u00e9st a febru\u00e1r 15-\u00e9n kezd\u0151d\u0151 v\u00e1laszt\u00e1si kamp\u00e1nyban.<!--more--><\/strong><\/p>\n<p>A v\u00e1laszt\u00e1si elj\u00e1r\u00e1si t\u00f6rv\u00e9ny szerint ha egy sajt\u00f3term\u00e9k politikai hirdet\u00e9st sz\u00e1nd\u00e9kszik k\u00f6z\u00f6lni a kamp\u00e1nyban, a v\u00e1laszt\u00e1s kit\u0171z\u00e9s\u00e9t k\u00f6vet\u0151 \u00f6t munkanapon bel\u00fcl el kell juttatnia az \u00c1SZ-hoz hirdet\u00e9si szolg\u00e1ltat\u00e1sainak \u00e1rjegyz\u00e9k\u00e9t, amelyet az int\u00e9zm\u00e9ny nyilv\u00e1ntart\u00e1sba vesz, \u00e9s honlapj\u00e1n k\u00f6zz\u00e9tesz.<br \/>\nPolitikai hirdet\u00e9st kiz\u00e1r\u00f3lag olyan sajt\u00f3term\u00e9k k\u00f6z\u00f6lhet, amelynek hirdet\u00e9si \u00e1rjegyz\u00e9k\u00e9t az \u00c1SZ nyilv\u00e1ntart\u00e1sba vette.<br \/>\nAz \u00c1SZ honlapj\u00e1n k\u00f6zz\u00e9tett felh\u00edv\u00e1sban az \u00e1ll: az \u00e9rintett sajt\u00f3org\u00e1numok &#8222;elektronikus \u00e9s postai \u00faton vagy szem\u00e9lyesen juttathatj\u00e1k el \u00e1rjegyz\u00e9keiket&#8221;.<br \/>\nK\u00f6z\u00f6lt\u00e9k azt is, hogy az \u00c1SZ az \u00e1rjegyz\u00e9keket sajt\u00f3term\u00e9kek szerinti bont\u00e1sban teszi majd k\u00f6zz\u00e9 a hat\u00e1rid\u0151 lej\u00e1rta \u00e9s az adatok feldolgoz\u00e1sa ut\u00e1n.<br \/>\nAz \u00c1SZ az \u00e1rjegyz\u00e9keket ellen\u0151rz\u00e9s \u00e9s v\u00e1ltoztat\u00e1s n\u00e9lk\u00fcl teszi k\u00f6zz\u00e9, \u00edgy a tartalmuk\u00e9rt felel\u0151ss\u00e9get nem v\u00e1llal &#8211; \u00edrt\u00e1k.(MTI)<\/p>\n","protected":false},"excerpt":{"rendered":"<p>Ma j\u00e1r le a hirdet\u00e9si szolg\u00e1ltat\u00e1sok bejelent\u00e9s\u00e9nek hat\u00e1rideje, az a sajt\u00f3org\u00e1num, amely nem k\u00fcldi el \u00e1rjegyz\u00e9k\u00e9t az \u00c1llami Sz\u00e1mvev\u0151sz\u00e9khez (\u00c1SZ), nem k\u00f6z\u00f6lhet politikai hirdet\u00e9st a febru\u00e1r 15-\u00e9n kezd\u0151d\u0151 v\u00e1laszt\u00e1si kamp\u00e1nyban.<\/p>\n","protected":false},"author":1,"featured_media":0,"comment_status":"open","ping_status":"closed","sticky":false,"template":"","format":"standard","meta":[],"categories":[18],"tags":[],"_links":{"self":[{"href":"https:\/\/gazdasagportal.hu\/index.php\/wp-json\/wp\/v2\/posts\/25883"}],"collection":[{"href":"https:\/\/gazdasagportal.hu\/index.php\/wp-json\/wp\/v2\/posts"}],"about":[{"href":"https:\/\/gazdasagportal.hu\/index.php\/wp-json\/wp\/v2\/types\/post"}],"author":[{"embeddable":true,"href":"https:\/\/gazdasagportal.hu\/index.php\/wp-json\/wp\/v2\/users\/1"}],"replies":[{"embeddable":true,"href":"https:\/\/gazdasagportal.hu\/index.php\/wp-json\/wp\/v2\/comments?post=25883"}],"version-history":[{"count":1,"href":"https:\/\/gazdasagportal.hu\/index.php\/wp-json\/wp\/v2\/posts\/25883\/revisions"}],"predecessor-version":[{"id":25884,"href":"https:\/\/gazdasagportal.hu\/index.php\/wp-json\/wp\/v2\/posts\/25883\/revisions\/25884"}],"wp:attachment":[{"href":"https:\/\/gazdasagportal.hu\/index.php\/wp-json\/wp\/v2\/media?parent=25883"}],"wp:term":[{"taxonomy":"category","embeddable":true,"href":"https:\/\/gazdasagportal.hu\/index.php\/wp-json\/wp\/v2\/categories?post=25883"},{"taxonomy":"post_tag","embeddable":true,"href":"https:\/\/gazdasagportal.hu\/index.php\/wp-json\/wp\/v2\/tags?post=25883"}],"curies":[{"name":"wp","href":"https:\/\/api.w.org\/{rel}","templated":true}]}}