{"id":25871,"date":"2014-01-24T10:26:05","date_gmt":"2014-01-24T09:26:05","guid":{"rendered":"http:\/\/stockportal.hu\/?p=25871"},"modified":"2014-01-24T09:26:43","modified_gmt":"2014-01-24T08:26:43","slug":"tiz-megyeben-figyelmeztetnek-havazasra-hofuvasra","status":"publish","type":"post","link":"https:\/\/gazdasagportal.hu\/index.php\/tiz-megyeben-figyelmeztetnek-havazasra-hofuvasra\/","title":{"rendered":"T\u00edz megy\u00e9ben figyelmeztetnek havaz\u00e1sra, h\u00f3f\u00fav\u00e1sra"},"content":{"rendered":"<p><strong>Az orsz\u00e1g t\u00edz megy\u00e9j\u00e9ben van \u00e9rv\u00e9nyben els\u0151-, vagy m\u00e1sodfok\u00fa figyelmeztet\u00e9s a v\u00e1rhat\u00f3 jelent\u0151s mennyis\u00e9g\u0171 h\u00f3, h\u00f3f\u00fav\u00e1s miatt.<!--more--><\/strong><\/p>\n<p>Az Orsz\u00e1gos Katasztr\u00f3fav\u00e9delmi F\u0151igazgat\u00f3s\u00e1g (OKF) t\u00e1j\u00e9koztat\u00e1sa szerint a t\u00e9lies id\u0151j\u00e1r\u00e1ssal \u00f6sszef\u00fcgg\u00e9sben p\u00e9ntek reggel 5 \u00f3rakor az orsz\u00e1gos operat\u00edv t\u00f6rzs is megkezdte munk\u00e1j\u00e1t.<br \/>\nAz Orsz\u00e1gos Meteorol\u00f3giai Szolg\u00e1lat p\u00e9nteken kora reggel az MTI-hez eljuttatott vesz\u00e9lyjelz\u00e9se szerint Baranya, Somogy \u00e9s Zala megy\u00e9ben a havaz\u00e1s \u00e9s a h\u00f3f\u00fav\u00e1s miatt is narancss\u00e1rga, vagyis m\u00e1sodfok\u00fa figyelmeztet\u00e9s van \u00e9rv\u00e9nyben. Ezeken a ter\u00fcleteken 24 \u00f3ra alatt 20 centim\u00e9tern\u00e9l is t\u00f6bb h\u00f3 hullhat, s a viharos sz\u00e9l magas h\u00f3torlaszokat emelhet. Tolna megy\u00e9re a havaz\u00e1s miatt els\u0151-, a h\u00f3f\u00fav\u00e1s miatt viszont ugyancsak m\u00e1sodfok\u00fa figyelmeztet\u00e9st adtak ki.<br \/>\nEgy napon bel\u00fcl 10 centim\u00e9tert meghalad\u00f3 h\u00f3 hullhat m\u00e9g B\u00e1cs-Kiskun, B\u00e9k\u00e9s, Csongr\u00e1d, Fej\u00e9r, Vas \u00e9s Veszpr\u00e9m megy\u00e9ben. Ez\u00e9rt ezekre a ter\u00fcletekre citroms\u00e1rga, vagyis els\u0151fok\u00fa figyelmeztet\u00e9st adtak ki. Ezek k\u00f6z\u00fcl B\u00e1cs-Kiskun, Fej\u00e9r, Vas \u00e9s Veszpr\u00e9m megy\u00e9ben a h\u00f3f\u00fav\u00e1s miatt is els\u0151fok\u00fa figyelmeztet\u00e9s van \u00e9rv\u00e9nyben.<br \/>\nMint \u00edrt\u00e1k: a reggeli \u00f3r\u00e1kban a havaz\u00e1s z\u00f3n\u00e1ja tov\u00e1bb terjeszkedik \u00e9szakkelet fel\u00e9, \u00e1tterjedve az \u00c9szak-Dun\u00e1nt\u00fal \u00e9s az Alf\u00f6ld egy jelent\u0151s r\u00e9sz\u00e9re. D\u00e9lel\u0151tt a d\u00e9lnyugati megy\u00e9kben lehet intenz\u00edv a havaz\u00e1s. D\u00e9lut\u00e1n az er\u0151sebb intenzit\u00e1s\u00fa h\u00f3es\u00e9s \u00e1tterjed az Alf\u00f6ld d\u00e9li fel\u00e9re is. A nap sor\u00e1n \u00f6sszess\u00e9g\u00e9ben a Sopron-Szolnok-Debrecen vonalt\u00f3l d\u00e9lre alakulhat ki \u00f6sszef\u00fcgg\u0151 h\u00f3takar\u00f3, amelynek vastags\u00e1ga d\u00e9l, d\u00e9lnyugat fel\u00e9 n\u00f6vekszik majd. \u00c1ltal\u00e1ban 2-10 centim\u00e9teres h\u00f3r\u00e9teg alakulhat ki, de a Balatont\u00f3l d\u00e9lre \u00e9s az Alf\u00f6ld d\u00e9li fel\u00e9n 10-20 centim\u00e9teres, Zala, Somogy \u00e9s Baranya megy\u00e9ben ak\u00e1r 20 centim\u00e9tert j\u00f3val meghalad\u00f3 h\u00f3takar\u00f3 is lehet p\u00e9ntek \u00e9jf\u00e9lig.<br \/>\nA folyamatosan \u00e9l\u00e9nk\u00fcl\u0151 \u00e9szakkeleti sz\u00e9l a Dun\u00e1nt\u00fal d\u00e9li fel\u00e9ben \u00e9s B\u00e1cs-Kiskun megy\u00e9ben hordhatja a havat, emelhet h\u00f3torlaszokat &#8211; \u00edrta a meteorol\u00f3giai szolg\u00e1lat.(MTI)<\/p>\n","protected":false},"excerpt":{"rendered":"<p>Az orsz\u00e1g t\u00edz megy\u00e9j\u00e9ben van \u00e9rv\u00e9nyben els\u0151-, vagy m\u00e1sodfok\u00fa figyelmeztet\u00e9s a v\u00e1rhat\u00f3 jelent\u0151s mennyis\u00e9g\u0171 h\u00f3, h\u00f3f\u00fav\u00e1s miatt.<\/p>\n","protected":false},"author":1,"featured_media":0,"comment_status":"open","ping_status":"closed","sticky":false,"template":"","format":"standard","meta":[],"categories":[48],"tags":[],"_links":{"self":[{"href":"https:\/\/gazdasagportal.hu\/index.php\/wp-json\/wp\/v2\/posts\/25871"}],"collection":[{"href":"https:\/\/gazdasagportal.hu\/index.php\/wp-json\/wp\/v2\/posts"}],"about":[{"href":"https:\/\/gazdasagportal.hu\/index.php\/wp-json\/wp\/v2\/types\/post"}],"author":[{"embeddable":true,"href":"https:\/\/gazdasagportal.hu\/index.php\/wp-json\/wp\/v2\/users\/1"}],"replies":[{"embeddable":true,"href":"https:\/\/gazdasagportal.hu\/index.php\/wp-json\/wp\/v2\/comments?post=25871"}],"version-history":[{"count":1,"href":"https:\/\/gazdasagportal.hu\/index.php\/wp-json\/wp\/v2\/posts\/25871\/revisions"}],"predecessor-version":[{"id":25872,"href":"https:\/\/gazdasagportal.hu\/index.php\/wp-json\/wp\/v2\/posts\/25871\/revisions\/25872"}],"wp:attachment":[{"href":"https:\/\/gazdasagportal.hu\/index.php\/wp-json\/wp\/v2\/media?parent=25871"}],"wp:term":[{"taxonomy":"category","embeddable":true,"href":"https:\/\/gazdasagportal.hu\/index.php\/wp-json\/wp\/v2\/categories?post=25871"},{"taxonomy":"post_tag","embeddable":true,"href":"https:\/\/gazdasagportal.hu\/index.php\/wp-json\/wp\/v2\/tags?post=25871"}],"curies":[{"name":"wp","href":"https:\/\/api.w.org\/{rel}","templated":true}]}}