{"id":25836,"date":"2014-01-23T19:49:54","date_gmt":"2014-01-23T18:49:54","guid":{"rendered":"http:\/\/stockportal.hu\/?p=25836"},"modified":"2014-01-23T16:40:54","modified_gmt":"2014-01-23T15:40:54","slug":"franciaorszag-legalabb-50-milliard-euros-megtakaritast-tuzott-ki-celul","status":"publish","type":"post","link":"https:\/\/gazdasagportal.hu\/index.php\/franciaorszag-legalabb-50-milliard-euros-megtakaritast-tuzott-ki-celul\/","title":{"rendered":"Franciaorsz\u00e1g legal\u00e1bb 50 milli\u00e1rd eur\u00f3s megtakar\u00edt\u00e1st t\u0171z\u00f6tt ki c\u00e9lul"},"content":{"rendered":"<p><strong>Franciaorsz\u00e1g legal\u00e1bb 50 milli\u00e1rd eur\u00f3t akar megtakar\u00edtani &#8211; jelentette be a minisztereln\u00f6k cs\u00fct\u00f6rt\u00f6k\u00f6n P\u00e1rizsban. Ezzel egy id\u0151ben Pierre Moscovici gazdas\u00e1gi miniszter meger\u0151s\u00edtette, hogy a korm\u00e1ny a Br\u00fcsszelnek tett \u00edg\u00e9ret\u00e9t megtartva, 2015-ig a GDP-ar\u00e1nyos 3 sz\u00e1zal\u00e9k al\u00e1 cs\u00f6kkenteni az \u00e1llamh\u00e1ztart\u00e1si hi\u00e1nyt.<!--more--><\/strong><\/p>\n<p>&#8222;Az a c\u00e9l, hogy az elk\u00f6vetkez\u0151 h\u00e1rom \u00e9vben legal\u00e1bb 50 milli\u00e1rd eur\u00f3s megtakar\u00edt\u00e1st \u00e9rj\u00fcnk el&#8221; &#8211; fogalmazott Jean-Marc Ayraut azut\u00e1n a megbesz\u00e9l\u00e9s ut\u00e1n, amelyet Francois Hollande \u00e1llamf\u0151 h\u00edvott \u00f6ssze a k\u00e9t h\u00e9ttel ezel\u0151tt bejelentett gazdas\u00e1gpolitikai fordulat megval\u00f3s\u00edt\u00e1sa \u00e9rdek\u00e9ben. \u00a0\u00a0\u00a0\u00a0Az \u00e1llami kiad\u00e1sok strat\u00e9giai tan\u00e1csa ezent\u00fal havonta fog \u00fcl\u00e9sezni a k\u00f6zt\u00e1rsas\u00e1gi eln\u00f6k hivatal\u00e1ban.<br \/>\nFrancois Hollande janu\u00e1r 14-\u00e9n mintegy h\u00e1rom \u00f3r\u00e1n \u00e1t v\u00e1zolta a hatsz\u00e1z francia \u00e9s k\u00fclf\u00f6ldi \u00fajs\u00e1g\u00edr\u00f3 el\u0151tt \u00faj gazdas\u00e1gpolitik\u00e1j\u00e1t, amelynek l\u00e9nyege a v\u00e1llalati ad\u00f3terhek 30 milli\u00e1rd eur\u00f3s cs\u00f6kkent\u00e9s\u00e9vel \u00e9s 50 milli\u00e1rd eur\u00f3s \u00e1llami megtakar\u00edt\u00e1ssal 2017-ig a beruh\u00e1z\u00e1sok \u00f6szt\u00f6nz\u00e9se \u00e9s a foglalkoztat\u00e1s jav\u00edt\u00e1sa a 11 sz\u00e1zal\u00e9kos munkan\u00e9lk\u00fclis\u00e9ggel k\u00fczd\u0151 orsz\u00e1gban. \u00a0\u00a0\u00a0\u00a0A v\u00e1llalkoz\u00e1soknak aj\u00e1nlott \u00fagynevezett felel\u0151ss\u00e9gi paktum\u00e9rt cser\u00e9be a korm\u00e1ny legal\u00e1bb egymilli\u00f3 \u00faj munkahely l\u00e9trehoz\u00e1s\u00e1t v\u00e1rja el a piact\u00f3l, amely az \u00e1llamf\u0151 szerint az elm\u00falt \u00e9vtizedek legjelent\u0151sebb t\u00e1rsadalmi kompromisszuma lehet.<br \/>\nA minisztereln\u00f6k szerint a megtakar\u00edt\u00e1s &#8222;k\u00fcl\u00f6n\u00f6sen jelent\u0151s er\u0151fesz\u00edt\u00e9st ig\u00e9nyel&#8221;, de &#8222;nem fogja t\u00f6nkretenni a francia szoci\u00e1lis modellt&#8221;. A korm\u00e1nyf\u0151 ugyanakkor nem r\u00e9szletezte, hogy mely t\u00e1rc\u00e1kn\u00e1l kell jelent\u0151sebb elvon\u00e1sokra sz\u00e1m\u00edtani.<br \/>\nA gazdas\u00e1gi miniszter meger\u0151s\u00edtette, hogy a paktum ellen\u00e9re Franciaorsz\u00e1g tartani fogja az Eur\u00f3pai Bizotts\u00e1gnak tett k\u00f6telezetts\u00e9gv\u00e1llal\u00e1s\u00e1t, \u00e9s a deficitet 2015-ig a GDP-ar\u00e1nyos 3 sz\u00e1zal\u00e9kra cs\u00f6kkenti.<br \/>\nA c\u00e9l 4,1 sz\u00e1zal\u00e9k 2013-ra, 3,6 sz\u00e1zal\u00e9k 2014-re \u00e9s 3 sz\u00e1zal\u00e9k alatti eredm\u00e9ny 2015-re &#8211; mondta Pierre Moscovici a hivatal\u00e1ban tartott hagyom\u00e1nyos \u00faj\u00e9vi sajt\u00f3t\u00e1j\u00e9koztat\u00f3n egy \u00fajs\u00e1g\u00edr\u00f3i k\u00e9rd\u00e9s\u00e9re.<br \/>\nA v\u00e1llalatoknak a j\u00e1rul\u00e9kfizet\u00e9sek al\u00f3li felment\u00e9se mintegy 30 milli\u00e1rd eur\u00f3s kies\u00e9st okoz az \u00e1llam sz\u00e1m\u00e1ra 2017-ig. Az eln\u00f6ki hivatal keddi k\u00f6zl\u00e9se szerint a j\u00e1rul\u00e9kfizet\u00e9seket 2015-t\u0151l t\u00f6rli el a korm\u00e1ny.<br \/>\nA gazdas\u00e1gi miniszter szerint a munkahelyteremt\u00e9s \u00e9s a versenyk\u00e9pess\u00e9g jav\u00edt\u00e1sa mellett Franciaorsz\u00e1gnak most els\u0151sorban &#8222;a hiteless\u00e9g\u00e9t kell meger\u0151s\u00edtenie partnerei szem\u00e9ben&#8221;.(MTI)<\/p>\n","protected":false},"excerpt":{"rendered":"<p>Franciaorsz\u00e1g legal\u00e1bb 50 milli\u00e1rd eur\u00f3t akar megtakar\u00edtani &#8211; jelentette be a minisztereln\u00f6k cs\u00fct\u00f6rt\u00f6k\u00f6n P\u00e1rizsban. Ezzel egy id\u0151ben Pierre Moscovici gazdas\u00e1gi miniszter meger\u0151s\u00edtette, hogy a korm\u00e1ny a Br\u00fcsszelnek tett \u00edg\u00e9ret\u00e9t megtartva, 2015-ig a GDP-ar\u00e1nyos 3 sz\u00e1zal\u00e9k al\u00e1 cs\u00f6kkenteni az \u00e1llamh\u00e1ztart\u00e1si hi\u00e1nyt.<\/p>\n","protected":false},"author":1,"featured_media":0,"comment_status":"open","ping_status":"closed","sticky":false,"template":"","format":"standard","meta":[],"categories":[12],"tags":[],"_links":{"self":[{"href":"https:\/\/gazdasagportal.hu\/index.php\/wp-json\/wp\/v2\/posts\/25836"}],"collection":[{"href":"https:\/\/gazdasagportal.hu\/index.php\/wp-json\/wp\/v2\/posts"}],"about":[{"href":"https:\/\/gazdasagportal.hu\/index.php\/wp-json\/wp\/v2\/types\/post"}],"author":[{"embeddable":true,"href":"https:\/\/gazdasagportal.hu\/index.php\/wp-json\/wp\/v2\/users\/1"}],"replies":[{"embeddable":true,"href":"https:\/\/gazdasagportal.hu\/index.php\/wp-json\/wp\/v2\/comments?post=25836"}],"version-history":[{"count":1,"href":"https:\/\/gazdasagportal.hu\/index.php\/wp-json\/wp\/v2\/posts\/25836\/revisions"}],"predecessor-version":[{"id":25837,"href":"https:\/\/gazdasagportal.hu\/index.php\/wp-json\/wp\/v2\/posts\/25836\/revisions\/25837"}],"wp:attachment":[{"href":"https:\/\/gazdasagportal.hu\/index.php\/wp-json\/wp\/v2\/media?parent=25836"}],"wp:term":[{"taxonomy":"category","embeddable":true,"href":"https:\/\/gazdasagportal.hu\/index.php\/wp-json\/wp\/v2\/categories?post=25836"},{"taxonomy":"post_tag","embeddable":true,"href":"https:\/\/gazdasagportal.hu\/index.php\/wp-json\/wp\/v2\/tags?post=25836"}],"curies":[{"name":"wp","href":"https:\/\/api.w.org\/{rel}","templated":true}]}}