{"id":25824,"date":"2014-01-23T16:44:21","date_gmt":"2014-01-23T15:44:21","guid":{"rendered":"http:\/\/stockportal.hu\/?p=25824"},"modified":"2014-01-23T16:21:32","modified_gmt":"2014-01-23T15:21:32","slug":"devizahitelek-az-ab-hetfon-kezdi-targyalni-a-kormany-inditvanyat","status":"publish","type":"post","link":"https:\/\/gazdasagportal.hu\/index.php\/devizahitelek-az-ab-hetfon-kezdi-targyalni-a-kormany-inditvanyat\/","title":{"rendered":"Devizahitelek &#8211; Az Ab h\u00e9tf\u0151n kezdi t\u00e1rgyalni a korm\u00e1ny ind\u00edtv\u00e1ny\u00e1t"},"content":{"rendered":"<p><strong>Az Alkotm\u00e1nyb\u00edr\u00f3s\u00e1g (Ab) k\u00f6vetkez\u0151, janu\u00e1r 27-i \u00fcl\u00e9s\u00e9n kezdi t\u00e1rgyalni a korm\u00e1ny devizahitelekkel kapcsolatos alapt\u00f6rv\u00e9ny-\u00e9rtelmez\u00e9sre ir\u00e1nyul\u00f3 ind\u00edtv\u00e1ny\u00e1t \u00e9s egy munka\u00fcgyi perben elj\u00e1r\u00f3 b\u00edr\u00f3nak a 98 sz\u00e1zal\u00e9kos k\u00fcl\u00f6nad\u00f3val kapcsolatos beadv\u00e1ny\u00e1t &#8211; k\u00f6z\u00f6lte szerd\u00e1n honlapj\u00e1n a test\u00fclet.<!--more--><\/strong><\/p>\n<p>Bitskey Botond, az Ab f\u0151titk\u00e1ra kor\u00e1bban jelezte, hogy a devizahiteles \u00fcgyben a hat\u00e1rozat meghozatal\u00e1hoz v\u00e1rhat\u00f3an t\u00f6bb \u00fcl\u00e9sre is sz\u00fcks\u00e9ge lesz a test\u00fcletnek.<br \/>\nA korm\u00e1ny november v\u00e9g\u00e9n beny\u00fajtott ind\u00edtv\u00e1nya l\u00e9nyeg\u00e9ben a devizahiteles szerz\u0151d\u00e9sek alkotm\u00e1nyelleness\u00e9g\u00e9nek \u00e9s ut\u00f3lagos jogalkot\u00e1si \u00faton t\u00f6rt\u00e9n\u0151 megv\u00e1ltozat\u00e1s\u00e1nak k\u00e9rd\u00e9s\u00e9t veti fel, a t\u00f6bbi k\u00f6z\u00f6tt az \u00e1rfolyamkock\u00e1zat ad\u00f3sokra h\u00e1r\u00edt\u00e1sa, az egyoldal\u00fa hitelez\u0151i kamatemel\u00e9s \u00e9s az \u00e1rfolyamr\u00e9s miatt, tov\u00e1bb\u00e1 mert a devizaalap\u00fa k\u00f6lcs\u00f6n\u00f6k t\u00f6rleszt\u0151r\u00e9szleteinek n\u00f6veked\u00e9se a t\u00e1rsadalom sz\u00e9les r\u00e9tegeinek neh\u00e9zs\u00e9get okoz, \u00e9s elengedhetetlenn\u00e9 teszi a devizahitelez\u00e9sb\u0151l ad\u00f3d\u00f3 probl\u00e9m\u00e1k v\u00e9gleges rendez\u00e9s\u00e9t.<br \/>\nA korm\u00e1ny ind\u00edtv\u00e1nya felveti t\u00f6bbek k\u00f6z\u00f6tt a gazdas\u00e1gi er\u0151f\u00f6l\u00e9nnyel vissza\u00e9l\u00e9s k\u00e9rd\u00e9s\u00e9t, \u00e9s ezzel \u00f6sszef\u00fcgg\u00e9sben a fogyaszt\u00f3k sz\u00e1m\u00e1ra egyoldal\u00fa, jelent\u0151s h\u00e1tr\u00e1nyt okoz\u00f3 szerz\u0151d\u00e9si felt\u00e9telek alapt\u00f6rv\u00e9ny-elleness\u00e9g\u00e9t, tov\u00e1bb\u00e1 hogy milyen felt\u00e9telekkel m\u00f3dos\u00edthat\u00f3k fenn\u00e1ll\u00f3 szerz\u0151d\u00e9sek jogszab\u00e1ly \u00fatj\u00e1n.<br \/>\nAz ind\u00edtv\u00e1ny konkr\u00e9tan h\u00e1rom ponton k\u00e9ri az alapt\u00f6rv\u00e9ny \u00e9rtelmez\u00e9s\u00e9t.<br \/>\nAz alapt\u00f6rv\u00e9ny kimondja, hogy &#8222;Magyarorsz\u00e1g biztos\u00edtja a tisztess\u00e9ges gazdas\u00e1gi verseny felt\u00e9teleit. Magyarorsz\u00e1g fell\u00e9p az er\u0151f\u00f6l\u00e9nnyel val\u00f3 vissza\u00e9l\u00e9ssel szemben, \u00e9s v\u00e9di a fogyaszt\u00f3k jogait&#8221;. A korm\u00e1ny ind\u00edtv\u00e1ny\u00e1ban arra v\u00e1r v\u00e1laszt az Ab-t\u0151l, hogy e rendelkez\u00e9sb\u0151l k\u00f6zvetlen\u00fcl levezethet\u0151-e az alapt\u00f6rv\u00e9ny-elleness\u00e9ge valamely t\u00f6megesen alkalmazott, a fogyaszt\u00f3k sz\u00e1m\u00e1ra egyoldal\u00faan \u00e9s jelent\u0151s h\u00e1tr\u00e1nyt okoz\u00f3 m\u00f3don meghat\u00e1rozott szerz\u0151d\u00e9si felt\u00e9telnek, vagy ezt meger\u0151s\u00edt\u0151 b\u00edr\u00f3s\u00e1gi \u00edt\u00e9letnek, valamint az ezek alapj\u00e1ul szolg\u00e1l\u00f3 jogszab\u00e1lyi rendelkez\u00e9seknek.<br \/>\nA korm\u00e1ny ind\u00edtv\u00e1ny\u00e1ban hivatkozott k\u00e9t m\u00e1sik alapt\u00f6rv\u00e9nyi rendelkez\u00e9s az emberi m\u00e9lt\u00f3s\u00e1g s\u00e9rthetetlens\u00e9g\u00e9t \u00e9s a demokratikus jog\u00e1llamot deklar\u00e1lja. Ezek \u00e9rtelmez\u00e9s\u00e9t az ind\u00edtv\u00e1nyoz\u00f3 abb\u00f3l a szempontb\u00f3l k\u00e9rte, hogy milyen &#8211; a kor\u00e1bbi alkotm\u00e1nyhoz k\u00e9pest mennyire elt\u00e9r\u0151 &#8211; alkotm\u00e1nyoss\u00e1gi felt\u00e9telekkel ker\u00fclhet sor fenn\u00e1ll\u00f3 szerz\u0151d\u00e9sek jogszab\u00e1llyal t\u00f6rt\u00e9n\u0151 m\u00f3dos\u00edt\u00e1s\u00e1ra.<br \/>\nAlkotm\u00e1ny\u00e9rtelmez\u00e9sre ir\u00e1nyul\u00f3 ind\u00edtv\u00e1nyn\u00e1l az Ab nem jogszab\u00e1lyt semmis\u00edt meg, hanem az alapt\u00f6rv\u00e9ny hivatkozott rendelkez\u00e9s\u00e9t \u00e9rtelmezi konkr\u00e9t alkotm\u00e1nyjogi probl\u00e9m\u00e1val \u00f6sszef\u00fcgg\u00e9sben abban az esetben, ha az \u00e9rtelmez\u00e9s k\u00f6zvetlen\u00fcl levezethet\u0151 az alapt\u00f6rv\u00e9nyb\u0151l.<br \/>\nA h\u00e9tf\u0151i Ab-\u00fcl\u00e9s napirendj\u00e9n szerepel a 98 sz\u00e1zal\u00e9kos k\u00fcl\u00f6nad\u00f3 \u00fcgye is.<br \/>\nA Tatab\u00e1nyai K\u00f6zigazgat\u00e1si \u00e9s Munka\u00fcgyi B\u00edr\u00f3s\u00e1g egyik b\u00edr\u00e1ja az\u00e9rt fordult az Ab-hez, mert \u00e1ll\u00e1spontja szerint a munka t\u00f6rv\u00e9nyk\u00f6nyve \u00e1ltal meghat\u00e1rozott juttat\u00e1sok ut\u00e1n fizetend\u0151 98 sz\u00e1zal\u00e9kos k\u00fcl\u00f6nad\u00f3 elt\u00falzott m\u00e9rt\u00e9k\u0171, s\u00e9rti az emberi m\u00e9lt\u00f3s\u00e1ghoz \u00e9s a tulajdonhoz val\u00f3 jogot, tov\u00e1bb\u00e1 a k\u00fcl\u00f6nad\u00f3t r\u00f6gz\u00edt\u0151 2010-es t\u00f6rv\u00e9ny nemzetk\u00f6zi szerz\u0151d\u00e9sbe, az emberi jogok \u00e9s alapvet\u0151 szabads\u00e1gok v\u00e9delm\u00e9r\u0151l sz\u00f3l\u00f3 r\u00f3mai egyezm\u00e9nybe is \u00fctk\u00f6zik.<br \/>\nAz ind\u00edtv\u00e1ny hivatkozik az alapt\u00f6rv\u00e9nyben deklar\u00e1lt jog\u00e1llamis\u00e1gra is, melybe a b\u00edr\u00f3 \u00e1ll\u00e1spontja &#8222;bele\u00e9rtend\u0151 egyebek mellett az is, hogy a k\u00f6ztehervisel\u00e9ssel kapcsolatos jogszab\u00e1lyok igazs\u00e1gos \u00e9s t\u00e1rsadalmilag elfogadott c\u00e9lt szolg\u00e1ljanak, azok b\u00fcntet\u0151 jelleg\u0171ek nem lehetnek kiv\u00e9ve akkor, ha a t\u00e1rsadalmi meg\u00edt\u00e9l\u00e9s ezt sz\u00fcks\u00e9gess\u00e9, illetve elfogadhat\u00f3v\u00e1 teszi&#8221;.<br \/>\nAz Ab h\u00e9tf\u0151i \u00fcl\u00e9s\u00e9nek napirendj\u00e9n szerepel m\u00e9g egy olyan alkotm\u00e1nyjogi panasz is, mely egy k\u00fariai munkajogi t\u00e1rgy\u00fa d\u00f6nt\u00e9s alapt\u00f6rv\u00e9ny-elleness\u00e9g\u00e9t veti fel.(MTI)<\/p>\n","protected":false},"excerpt":{"rendered":"<p>Az Alkotm\u00e1nyb\u00edr\u00f3s\u00e1g (Ab) k\u00f6vetkez\u0151, janu\u00e1r 27-i \u00fcl\u00e9s\u00e9n kezdi t\u00e1rgyalni a korm\u00e1ny devizahitelekkel kapcsolatos alapt\u00f6rv\u00e9ny-\u00e9rtelmez\u00e9sre ir\u00e1nyul\u00f3 ind\u00edtv\u00e1ny\u00e1t \u00e9s egy munka\u00fcgyi perben elj\u00e1r\u00f3 b\u00edr\u00f3nak a 98 sz\u00e1zal\u00e9kos k\u00fcl\u00f6nad\u00f3val kapcsolatos beadv\u00e1ny\u00e1t &#8211; k\u00f6z\u00f6lte szerd\u00e1n honlapj\u00e1n a test\u00fclet.<\/p>\n","protected":false},"author":1,"featured_media":0,"comment_status":"open","ping_status":"closed","sticky":false,"template":"","format":"standard","meta":[],"categories":[19,112],"tags":[],"_links":{"self":[{"href":"https:\/\/gazdasagportal.hu\/index.php\/wp-json\/wp\/v2\/posts\/25824"}],"collection":[{"href":"https:\/\/gazdasagportal.hu\/index.php\/wp-json\/wp\/v2\/posts"}],"about":[{"href":"https:\/\/gazdasagportal.hu\/index.php\/wp-json\/wp\/v2\/types\/post"}],"author":[{"embeddable":true,"href":"https:\/\/gazdasagportal.hu\/index.php\/wp-json\/wp\/v2\/users\/1"}],"replies":[{"embeddable":true,"href":"https:\/\/gazdasagportal.hu\/index.php\/wp-json\/wp\/v2\/comments?post=25824"}],"version-history":[{"count":1,"href":"https:\/\/gazdasagportal.hu\/index.php\/wp-json\/wp\/v2\/posts\/25824\/revisions"}],"predecessor-version":[{"id":25825,"href":"https:\/\/gazdasagportal.hu\/index.php\/wp-json\/wp\/v2\/posts\/25824\/revisions\/25825"}],"wp:attachment":[{"href":"https:\/\/gazdasagportal.hu\/index.php\/wp-json\/wp\/v2\/media?parent=25824"}],"wp:term":[{"taxonomy":"category","embeddable":true,"href":"https:\/\/gazdasagportal.hu\/index.php\/wp-json\/wp\/v2\/categories?post=25824"},{"taxonomy":"post_tag","embeddable":true,"href":"https:\/\/gazdasagportal.hu\/index.php\/wp-json\/wp\/v2\/tags?post=25824"}],"curies":[{"name":"wp","href":"https:\/\/api.w.org\/{rel}","templated":true}]}}