{"id":25817,"date":"2014-01-23T14:46:37","date_gmt":"2014-01-23T13:46:37","guid":{"rendered":"http:\/\/stockportal.hu\/?p=25817"},"modified":"2014-01-23T14:46:37","modified_gmt":"2014-01-23T13:46:37","slug":"equilor-alapkezelo-az-export-hajthatja-az-iden-is-a-gazdasagot","status":"publish","type":"post","link":"https:\/\/gazdasagportal.hu\/index.php\/equilor-alapkezelo-az-export-hajthatja-az-iden-is-a-gazdasagot\/","title":{"rendered":"Equilor Alapkezel\u0151: az export hajthatja az id\u00e9n is a gazdas\u00e1got"},"content":{"rendered":"<p><strong>Az Equilor Alapkezel\u0151 v\u00e1rakoz\u00e1sa szerint 2014-ben a tavalyin\u00e1l nagyobb \u00fctemben, 1,7 sz\u00e1zal\u00e9kkal emelkedhet a GDP, \u00e9s a gazdas\u00e1got tov\u00e1bbra is az export hajthatja.<!--more--><\/strong><\/p>\n<p>A t\u00e1rsas\u00e1g cs\u00fct\u00f6rt\u00f6k\u00f6n sajt\u00f3t\u00e1j\u00e9koztat\u00f3n ismertetett el\u0151rejelz\u00e9sei szerint az alapkamat az \u00e9v els\u0151 fel\u00e9ben 2,5 sz\u00e1zal\u00e9kig s\u00fcllyedhet, m\u00edg az \u00e9v m\u00e1sodik fel\u00e9ben emelked\u0151 kamatp\u00e1lya k\u00f6vetkezhet, \u00e9s a kamat az \u00e9v v\u00e9g\u00e9re 2,7 sz\u00e1zal\u00e9kra emelkedhet. Az \u00e9ves \u00e1tlagos infl\u00e1ci\u00f3t 1,9 sz\u00e1zal\u00e9kra v\u00e1rja az alapkezel\u0151.<br \/>\nAz eur\u00f3\/forint \u00e1rfolyam\u00e1ban az alapkezel\u0151 nagy volatilit\u00e1sra sz\u00e1m\u00edt az id\u00e9n, amit az orsz\u00e1ggy\u0171l\u00e9si v\u00e1laszt\u00e1sok is befoly\u00e1solhatnak, de a devizahitelek \u00fcgy\u00e9nek rendez\u00e9se is gyeng\u00edtheti az \u00e1rfolyamot. Alapvet\u0151en 295 forintn\u00e1l magasabb eur\u00f3\u00e1rfolyammal sz\u00e1molnak az id\u00e9n a c\u00e9g szak\u00e9rt\u0151i. Sz\u00e1nt\u00f3 Andr\u00e1s, az Equilor lakoss\u00e1gi \u00fczlet\u00e1g igazgat\u00f3ja szerint azonban nem lenne meglep\u0151, ha 2014-ben \u00fajabb cs\u00facsot is l\u00e1thatn\u00e1nk az eur\u00f3 \u00e1rfolyam\u00e1ban.<br \/>\nA befektet\u00e9si lehet\u0151s\u00e9geket illet\u0151en az id\u00e9n is els\u0151sorban a r\u00e9szv\u00e9nypiacokban b\u00edznak az Equilorn\u00e1l, ezen bel\u00fcl az amerikai piac mozg\u00e1sa lesz meghat\u00e1roz\u00f3 a vil\u00e1g t\u00f6bbi piac\u00e1ra is.<br \/>\nA magyar t\u0151zsd\u00e9n a Molban l\u00e1tj\u00e1k a legnagyobb lehet\u0151s\u00e9get. Kuti \u00c1kos vezet\u0151 elemz\u0151 szerint az id\u00e9n pont ker\u00fclhet az INA-\u00fcgy v\u00e9g\u00e9re, \u00e9s b\u00e1rmi lesz is a megold\u00e1s, az pozit\u00edv lehet a r\u00e9szv\u00e9ny \u00e1rfolyam\u00e1ra. Az INA esetleges elad\u00e1s\u00e1b\u00f3l befoly\u00f3 p\u00e9nz tov\u00e1bbi akviz\u00edci\u00f3kat tenne lehet\u0151v\u00e9 az olajkitermel\u00e9sben, m\u00edg a horv\u00e1t c\u00e9g megtart\u00e1sa annak fejleszt\u00e9s\u00e9t gyors\u00edtan\u00e1, ami befektet\u0151i szempontb\u00f3l szint\u00e9n pozit\u00edv.<br \/>\nAz Equilor Alapkezel\u0151 2013 v\u00e9g\u00e9n 24,85 milli\u00e1rd forintot kezelt, ebb\u0151l 17,8 milli\u00e1rd forintot k\u00e9pviseltek az \u00f6nk\u00e9ntes nyugd\u00edjp\u00e9nzt\u00e1rak \u00e9s az eg\u00e9szs\u00e9gp\u00e9nzt\u00e1rak, k\u00f6zel 6,5 milli\u00e1rd forint vagyon pedig az alapkezel\u0151 \u00f6t nyilv\u00e1nos befektet\u00e9si alapj\u00e1ban volt.(MTI)<\/p>\n","protected":false},"excerpt":{"rendered":"<p>Az Equilor Alapkezel\u0151 v\u00e1rakoz\u00e1sa szerint 2014-ben a tavalyin\u00e1l nagyobb \u00fctemben, 1,7 sz\u00e1zal\u00e9kkal emelkedhet a GDP, \u00e9s a gazdas\u00e1got tov\u00e1bbra is az export hajthatja.<\/p>\n","protected":false},"author":1,"featured_media":0,"comment_status":"open","ping_status":"closed","sticky":false,"template":"","format":"standard","meta":[],"categories":[19],"tags":[],"_links":{"self":[{"href":"https:\/\/gazdasagportal.hu\/index.php\/wp-json\/wp\/v2\/posts\/25817"}],"collection":[{"href":"https:\/\/gazdasagportal.hu\/index.php\/wp-json\/wp\/v2\/posts"}],"about":[{"href":"https:\/\/gazdasagportal.hu\/index.php\/wp-json\/wp\/v2\/types\/post"}],"author":[{"embeddable":true,"href":"https:\/\/gazdasagportal.hu\/index.php\/wp-json\/wp\/v2\/users\/1"}],"replies":[{"embeddable":true,"href":"https:\/\/gazdasagportal.hu\/index.php\/wp-json\/wp\/v2\/comments?post=25817"}],"version-history":[{"count":1,"href":"https:\/\/gazdasagportal.hu\/index.php\/wp-json\/wp\/v2\/posts\/25817\/revisions"}],"predecessor-version":[{"id":25818,"href":"https:\/\/gazdasagportal.hu\/index.php\/wp-json\/wp\/v2\/posts\/25817\/revisions\/25818"}],"wp:attachment":[{"href":"https:\/\/gazdasagportal.hu\/index.php\/wp-json\/wp\/v2\/media?parent=25817"}],"wp:term":[{"taxonomy":"category","embeddable":true,"href":"https:\/\/gazdasagportal.hu\/index.php\/wp-json\/wp\/v2\/categories?post=25817"},{"taxonomy":"post_tag","embeddable":true,"href":"https:\/\/gazdasagportal.hu\/index.php\/wp-json\/wp\/v2\/tags?post=25817"}],"curies":[{"name":"wp","href":"https:\/\/api.w.org\/{rel}","templated":true}]}}