{"id":25815,"date":"2014-01-23T14:03:49","date_gmt":"2014-01-23T13:03:49","guid":{"rendered":"http:\/\/stockportal.hu\/?p=25815"},"modified":"2014-01-23T14:03:49","modified_gmt":"2014-01-23T13:03:49","slug":"ukrajnai-tuntetesek-ukrajna-veszesen-kozelit-egy-geopolitikai-katasztrofahoz","status":"publish","type":"post","link":"https:\/\/gazdasagportal.hu\/index.php\/ukrajnai-tuntetesek-ukrajna-veszesen-kozelit-egy-geopolitikai-katasztrofahoz\/","title":{"rendered":"Ukrajnai t\u00fcntet\u00e9sek &#8211; Ukrajna v\u00e9szesen k\u00f6zel\u00edt egy geopolitikai katasztr\u00f3f\u00e1hoz"},"content":{"rendered":"<p><strong>Ukrajna v\u00e9szesen k\u00f6zel\u00edt egy geopolitikai katasztr\u00f3f\u00e1hoz \u00e9s nagy az es\u00e9lye annak, hogy k\u00fcls\u0151 diplom\u00e1ciai er\u0151fesz\u00edt\u00e9sek n\u00e9lk\u00fcl nem lehet jav\u00edtani a helyzeten &#8211; \u00e1llap\u00edtotta meg a gazeta.ru orosz internetes \u00fajs\u00e1g cs\u00fct\u00f6rt\u00f6ki komment\u00e1rja. A Kommerszant c\u00edm\u00fa orosz gazdas\u00e1gi lap v\u00e9lem\u00e9nye szerint Ukrajna a polg\u00e1rh\u00e1bor\u00fa fel\u00e9 sodr\u00f3dik.<!--more--><\/strong><\/p>\n<p>A gazeta.ru h\u00edrport\u00e1l Ukr\u00e1n front c\u00edm\u0171 szerkeszt\u0151s\u00e9gi komment\u00e1rja szerint &#8222;az eur\u00f3pai \u00e9rt\u00e9kekt\u0151l v\u00e9gtelen\u00fcl t\u00e1vol \u00e1ll\u00f3 sz\u00e9ls\u0151s\u00e9ges nacionalist\u00e1k \u00e9s futballfanatikusok utcai harcai eltemett\u00e9k a Majdant (a kijevi f\u0151teret, az ukrajnai b\u00e9k\u00e9s tiltakoz\u00e1s jelk\u00e9p\u00e9t)&#8221;.<br \/>\nAz online \u00fajs\u00e1g kiemelte, hogy janu\u00e1r 22-\u00e9n, az ukr\u00e1n egys\u00e9g \u00e9s szabads\u00e1g napj\u00e1n kor\u00e1bban a 2004-es narancsos forradalom kezdet\u00e9t \u00fcnnepelt\u00e9k, most azonban sem egys\u00e9g, sem szabads\u00e1g nincs Ukrajn\u00e1ban. Az orsz\u00e1g sorsa Viktor Janukovics \u00e1llamf\u0151 kez\u00e9ben van. 2004-ben Leonyid Kucsma akkori ukr\u00e1n eln\u00f6knek volt annyi b\u00f6lcsess\u00e9ge, hogy engedett, vagy csak nem mert szembesz\u00e1llni n\u00e9p\u00e9vel.<br \/>\nA gazeta.ru komment\u00e1rja szerint Ukrajna ugyan hozz\u00e1szokott a politikai megr\u00e1zk\u00f3dtat\u00e1sokhoz, de most \u00e1llamis\u00e1ga \u00f3ta a legkomolyabb vesz\u00e9ly el\u0151tt \u00e1ll: &#8222;a n\u00e9pess\u00e9g\u00e9t tekintve m\u00e1sodik legnagyobb volt szovjet k\u00f6zt\u00e1rsas\u00e1g egyszer\u0171en elt\u0171nhet a vil\u00e1gpolitikai t\u00e9rk\u00e9pr\u0151l, vagy egy elmaradott diktat\u00fara mocsar\u00e1ba cs\u00faszik, mint n\u00e9h\u00e1ny k\u00f6z\u00e9p-\u00e1zsiai orsz\u00e1g&#8221;.<br \/>\nA Kommerszant c\u00edm\u0171 tekint\u00e9lyes orosz politikai-gazdas\u00e1gi napilap cikke szerint Ukrajna minden nappal egyre k\u00f6zelebb ker\u00fcl a polg\u00e1rh\u00e1bor\u00fahoz. Makszim Juszin szerint elj\u00f6tt az ideje annak, hogy az ukrajnai v\u00e1ls\u00e1g rendez\u00e9s\u00e9be nemzetk\u00f6zi k\u00f6zvet\u00edt\u0151k kapcsol\u00f3djanak be. Els\u0151sorban az Eur\u00f3pai Uni\u00f3 \u00e9s Oroszorsz\u00e1g. A komment\u00e1tor \u00fagy v\u00e9li, hogy az Ukrajn\u00e1ban egym\u00e1ssal szemben \u00e1ll\u00f3 er\u0151k k\u00fcls\u0151 seg\u00edts\u00e9g n\u00e9lk\u00fcl nem tudnak kijutni a zs\u00e1kutc\u00e1b\u00f3l \u00e9s elker\u00fclni a polg\u00e1rh\u00e1bor\u00fat. Szerinte nem a baltikumi \u00e1llamokra, \u00e9s nem Lengyelorsz\u00e1gra van most sz\u00fcks\u00e9g, hanem arra, hogy az eur\u00f3pai politik\u00e1ban fajs\u00falyos szerepet j\u00e1tsz\u00f3 N\u00e9metorsz\u00e1g \u00e9s Franciaorsz\u00e1g hallassa a hangj\u00e1t, mert sz\u00e1mukra a kontinens stabilit\u00e1sa a fontos \u00e9s nem akarnak \u00fajabb hidegh\u00e1bor\u00fat. Juszin v\u00e9lem\u00e9nye az, hogy a &#8222;felel\u0151s, elfogulatlan eur\u00f3pai hatalmak tudnak val\u00f3di kiutat javasolni a hatalomnak \u00e9s az ellenz\u00e9knek a v\u00e1ls\u00e1gb\u00f3l&#8221;.<br \/>\nA Vedomosztyi c\u00edm\u0171 befoly\u00e1sos orosz \u00fczleti-politikai napilap \u00edr\u00e1sa szerint ha nem rendez\u0151dik a v\u00e1ls\u00e1g Ukrajn\u00e1ban, az orsz\u00e1g eleshet a tov\u00e1bbi orosz p\u00e9nz\u00fcgyi seg\u00edts\u00e9gt\u0151l. Moszkva a decemberben meg\u00edg\u00e9rt 15 milli\u00e1rd doll\u00e1rb\u00f3l (mintegy 3400 milli\u00e1rd forint) 3 milli\u00e1rd\u00e9rt m\u00e1r v\u00e1s\u00e1rolt ukr\u00e1n eur\u00f3k\u00f6tv\u00e9nyeket, \u00e9s Ukrajna a h\u00e9ten \u00fajabb 2 milli\u00e1rd eur\u00f3 \u00e9rt\u00e9kben akarnak \u00e1llampap\u00edrokat kibocs\u00e1tani. A befoly\u00e1sos orosz \u00fczleti-politikai \u00fajs\u00e1gnak egy n\u00e9v n\u00e9lk\u00fcl nyilatkoz\u00f3 orosz \u00e1llami tisztvisel\u0151 azt mondta:\u00a0\u00a0egyel\u0151re sz\u00f3 sincs arr\u00f3l, hogy felf\u00fcggeszten\u00e9k a hitelny\u00fajt\u00e1st, de ha a politikai kock\u00e1zatok megn\u0151nek Ukrajn\u00e1ban, ha megjelenik az ottani hatalomv\u00e1lt\u00e1s vesz\u00e9lye, akkor \u00fajfent elemezni fogj\u00e1k helyzetet Moszkv\u00e1ban. (MTI)<br \/>\n<a title=\"Hely megnyit\u00e1sa\" href=\"http:\/\/www.gazeta.ru\/comments\/2014\/01\/22_e_5860797.shtml\" target=\"_blank\" rel=\"noopener\">www.gazeta.ru\/comments\/2014\/01\/22_e_5860797.shtml<\/a><br \/>\n<a title=\"Hely megnyit\u00e1sa\" href=\"http:\/\/www.kommersant.ru\/doc\/2389705\" target=\"_blank\" rel=\"noopener\">http:\/\/www.kommersant.ru\/doc\/2389705<\/a><br \/>\n<a title=\"Hely megnyit\u00e1sa\" href=\"http:\/\/www.vedomosti.ru\/newspaper\/article\/609031\/kredit-ukraine-zavisit-ot-katapulty\" target=\"_blank\" rel=\"noopener\">http:\/\/www.vedomosti.ru\/newspaper\/article\/609031\/kredit-ukraine-zavisit-ot-katapulty<\/a><\/p>\n","protected":false},"excerpt":{"rendered":"<p>Ukrajna v\u00e9szesen k\u00f6zel\u00edt egy geopolitikai katasztr\u00f3f\u00e1hoz \u00e9s nagy az es\u00e9lye annak, hogy k\u00fcls\u0151 diplom\u00e1ciai er\u0151fesz\u00edt\u00e9sek n\u00e9lk\u00fcl nem lehet jav\u00edtani a helyzeten &#8211; \u00e1llap\u00edtotta meg a gazeta.ru orosz internetes \u00fajs\u00e1g cs\u00fct\u00f6rt\u00f6ki komment\u00e1rja. A Kommerszant c\u00edm\u00fa orosz gazdas\u00e1gi lap v\u00e9lem\u00e9nye szerint Ukrajna a polg\u00e1rh\u00e1bor\u00fa fel\u00e9 sodr\u00f3dik.<\/p>\n","protected":false},"author":1,"featured_media":0,"comment_status":"open","ping_status":"closed","sticky":false,"template":"","format":"standard","meta":[],"categories":[12],"tags":[],"_links":{"self":[{"href":"https:\/\/gazdasagportal.hu\/index.php\/wp-json\/wp\/v2\/posts\/25815"}],"collection":[{"href":"https:\/\/gazdasagportal.hu\/index.php\/wp-json\/wp\/v2\/posts"}],"about":[{"href":"https:\/\/gazdasagportal.hu\/index.php\/wp-json\/wp\/v2\/types\/post"}],"author":[{"embeddable":true,"href":"https:\/\/gazdasagportal.hu\/index.php\/wp-json\/wp\/v2\/users\/1"}],"replies":[{"embeddable":true,"href":"https:\/\/gazdasagportal.hu\/index.php\/wp-json\/wp\/v2\/comments?post=25815"}],"version-history":[{"count":1,"href":"https:\/\/gazdasagportal.hu\/index.php\/wp-json\/wp\/v2\/posts\/25815\/revisions"}],"predecessor-version":[{"id":25816,"href":"https:\/\/gazdasagportal.hu\/index.php\/wp-json\/wp\/v2\/posts\/25815\/revisions\/25816"}],"wp:attachment":[{"href":"https:\/\/gazdasagportal.hu\/index.php\/wp-json\/wp\/v2\/media?parent=25815"}],"wp:term":[{"taxonomy":"category","embeddable":true,"href":"https:\/\/gazdasagportal.hu\/index.php\/wp-json\/wp\/v2\/categories?post=25815"},{"taxonomy":"post_tag","embeddable":true,"href":"https:\/\/gazdasagportal.hu\/index.php\/wp-json\/wp\/v2\/tags?post=25815"}],"curies":[{"name":"wp","href":"https:\/\/api.w.org\/{rel}","templated":true}]}}