{"id":25806,"date":"2014-01-23T12:42:55","date_gmt":"2014-01-23T11:42:55","guid":{"rendered":"http:\/\/stockportal.hu\/?p=25806"},"modified":"2014-01-23T12:42:55","modified_gmt":"2014-01-23T11:42:55","slug":"ukrajnai-tuntetesek-klicsko-atmeneti-tuszunetre-vette-ra-a-feleket","status":"publish","type":"post","link":"https:\/\/gazdasagportal.hu\/index.php\/ukrajnai-tuntetesek-klicsko-atmeneti-tuszunetre-vette-ra-a-feleket\/","title":{"rendered":"Ukrajnai t\u00fcntet\u00e9sek &#8211; Klicsko \u00e1tmeneti t\u0171sz\u00fcnetre vette r\u00e1 a feleket"},"content":{"rendered":"<p><strong>Vitalij Klicsko ukr\u00e1n ellenz\u00e9ki vezet\u0151 cs\u00fct\u00f6rt\u00f6k\u00f6n r\u00e1vette a rohamrend\u0151r\u00f6ket \u00e9s a vel\u00fck szemben \u00e1ll\u00f3 t\u00fcntet\u0151ket, hogy \u00e1tmenetileg &#8211; az ellenz\u00e9k \u00e9s az \u00e1llamf\u0151 k\u00f6z\u00f6tti t\u00e1rgyal\u00e1sok idej\u00e9re &#8211; sz\u00fcntess\u00e9k be az egym\u00e1s elleni t\u00e1mad\u00e1sokat.<!--more--><\/strong><\/p>\n<p>Az \u00dct\u00e9s (UDAR) p\u00e1rt eln\u00f6ke el\u0151bb a bel\u00fcgyi alakulatok tagjaival besz\u00e9lt, hogy ne l\u0151j\u00e9k a t\u00fcntet\u0151ket, \u00e9s vessenek be t\u00f6megoszlat\u00f3 gr\u00e1n\u00e1tokat. Ezut\u00e1n a t\u00fcntet\u0151kh\u00f6z ment, akiket szint\u00e9n siker\u00fclt r\u00e1besz\u00e9lnie, hogy \u00e1tmenetileg sz\u00fcntess\u00e9k be a rend\u0151r\u00f6k elleni t\u00e1mad\u00e1saikat.<br \/>\nKijev belv\u00e1ros\u00e1ban most viszonylagos nyugalom van, egyik oldal sem t\u00e1mad. A tervek szerint d\u00e9lut\u00e1n folytatj\u00e1k a v\u00e1ls\u00e1g rendez\u00e9s\u00e9t c\u00e9lz\u00f3, el\u0151z\u0151 nap megkezdett t\u00e1rgyal\u00e1sokat az ellenz\u00e9k vezet\u0151i Viktor Janukovics eln\u00f6kkel.(MTI)<\/p>\n","protected":false},"excerpt":{"rendered":"<p>Vitalij Klicsko ukr\u00e1n ellenz\u00e9ki vezet\u0151 cs\u00fct\u00f6rt\u00f6k\u00f6n r\u00e1vette a rohamrend\u0151r\u00f6ket \u00e9s a vel\u00fck szemben \u00e1ll\u00f3 t\u00fcntet\u0151ket, hogy \u00e1tmenetileg &#8211; az ellenz\u00e9k \u00e9s az \u00e1llamf\u0151 k\u00f6z\u00f6tti t\u00e1rgyal\u00e1sok idej\u00e9re &#8211; sz\u00fcntess\u00e9k be az egym\u00e1s elleni t\u00e1mad\u00e1sokat.<\/p>\n","protected":false},"author":1,"featured_media":0,"comment_status":"open","ping_status":"closed","sticky":false,"template":"","format":"standard","meta":[],"categories":[12],"tags":[],"_links":{"self":[{"href":"https:\/\/gazdasagportal.hu\/index.php\/wp-json\/wp\/v2\/posts\/25806"}],"collection":[{"href":"https:\/\/gazdasagportal.hu\/index.php\/wp-json\/wp\/v2\/posts"}],"about":[{"href":"https:\/\/gazdasagportal.hu\/index.php\/wp-json\/wp\/v2\/types\/post"}],"author":[{"embeddable":true,"href":"https:\/\/gazdasagportal.hu\/index.php\/wp-json\/wp\/v2\/users\/1"}],"replies":[{"embeddable":true,"href":"https:\/\/gazdasagportal.hu\/index.php\/wp-json\/wp\/v2\/comments?post=25806"}],"version-history":[{"count":1,"href":"https:\/\/gazdasagportal.hu\/index.php\/wp-json\/wp\/v2\/posts\/25806\/revisions"}],"predecessor-version":[{"id":25807,"href":"https:\/\/gazdasagportal.hu\/index.php\/wp-json\/wp\/v2\/posts\/25806\/revisions\/25807"}],"wp:attachment":[{"href":"https:\/\/gazdasagportal.hu\/index.php\/wp-json\/wp\/v2\/media?parent=25806"}],"wp:term":[{"taxonomy":"category","embeddable":true,"href":"https:\/\/gazdasagportal.hu\/index.php\/wp-json\/wp\/v2\/categories?post=25806"},{"taxonomy":"post_tag","embeddable":true,"href":"https:\/\/gazdasagportal.hu\/index.php\/wp-json\/wp\/v2\/tags?post=25806"}],"curies":[{"name":"wp","href":"https:\/\/api.w.org\/{rel}","templated":true}]}}