{"id":25804,"date":"2014-01-23T12:40:03","date_gmt":"2014-01-23T11:40:03","guid":{"rendered":"http:\/\/stockportal.hu\/?p=25804"},"modified":"2014-01-23T12:40:03","modified_gmt":"2014-01-23T11:40:03","slug":"a-vienna-capital-partners-vasarlasai-reven-egyesulhet-a-ringier-es-az-axel-springer-magyarorszagon","status":"publish","type":"post","link":"https:\/\/gazdasagportal.hu\/index.php\/a-vienna-capital-partners-vasarlasai-reven-egyesulhet-a-ringier-es-az-axel-springer-magyarorszagon\/","title":{"rendered":"A Vienna Capital Partners v\u00e1s\u00e1rl\u00e1sai r\u00e9v\u00e9n egyes\u00fclhet a Ringier \u00e9s az Axel Springer Magyarorsz\u00e1gon"},"content":{"rendered":"<p><strong>A Vienna Capital Partners (VCP) felv\u00e1s\u00e1rolja a Ringier \u00e9s az Axel Springer egy jelent\u0151s m\u00e9dia-portf\u00f3li\u00f3j\u00e1t, k\u00f6zt\u00fck a N\u00e9pszabads\u00e1got, nyolc megyei napilapot, a Nemzeti Sportot \u00e9s a Vil\u00e1ggazdas\u00e1got. Ezzel elh\u00e1rulhat a versenyjogi akad\u00e1lya a sv\u00e1jci \u00e9s a n\u00e9met m\u00e9diav\u00e1llalatok magyarorsz\u00e1gi integr\u00e1ci\u00f3j\u00e1nak &#8211; der\u00fcl ki azokb\u00f3l a k\u00f6zlem\u00e9nyekb\u0151l, amelyeket a h\u00e1rom v\u00e1llalat k\u00fcld\u00f6tt az MTI-nek cs\u00fct\u00f6rt\u00f6k\u00f6n.<!--more--><\/strong><\/p>\n<p>T\u00e1j\u00e9koztat\u00e1suk szerint a tervezett l\u00e9p\u00e9sek a Gazdas\u00e1gi Versenyhivatal (GVH) \u00e9s a Nemzeti M\u00e9dia- \u00e9s H\u00edrk\u00f6zl\u00e9si Hat\u00f3s\u00e1g (NMHH) M\u00e9diatan\u00e1cs\u00e1nak j\u00f3v\u00e1hagy\u00e1s\u00e1t\u00f3l f\u00fcggnek. Az integr\u00e1lt v\u00e1llalatok Ringier Axel Springer Magyarorsz\u00e1g n\u00e9ven folytatja munk\u00e1j\u00e1t, \u00e9s megtartja a Blikket, n\u0151i magazinokat, p\u00e9ld\u00e1ul a Glamourt, t\u00e9v\u00e9 m\u0171sor\u00fajs\u00e1gokat, valamint licenc alapj\u00e1n kapott lapokat, a t\u00f6bbi k\u00f6zt az Geo magazint, az Auto BILD-et, \u00e9s mindezek internetes v\u00e1ltozat\u00e1t.<br \/>\nA Ringier Axel Springer Magyarorsz\u00e1gi vezet\u0151je Bayer J\u00f3zsef, az Axel Springer magyarorsz\u00e1gi c\u00e9gcsoportj\u00e1nak \u00fcgyvezet\u0151 igazgat\u00f3ja lesz.<br \/>\nMih\u00f3k Attila, akik jelenleg m\u00e9g a Ringier Magyarorsz\u00e1g \u00fcgyvezet\u0151 igazgat\u00f3ja, a VCP \u00faj m\u00e9diav\u00e1llalat\u00e1t vezeti majd. Ehhez a c\u00e9ghez ker\u00fcl mintegy h\u00e9tsz\u00e1z munkav\u00e1llal\u00f3val egy\u00fctt csaknem 230 ezer p\u00e9ld\u00e1nyban \u00e9rt\u00e9kes\u00edtett napilapok, magazinok \u00e9s online term\u00e9kek, valamint Magyarorsz\u00e1g legnagyobb napilapnyomd\u00e1ja \u00e9s egy orsz\u00e1gos el\u0151fizet\u00e9s-terjeszt\u0151 v\u00e1llalat is.<br \/>\nA VCP a k\u00f6zlem\u00e9ny\u00e9ben \u00fagy fogalmaz: a balliber\u00e1lis ir\u00e1nyults\u00e1g\u00fa politikai napilapnak, a N\u00e9pszabads\u00e1gnak tiszteletet parancsol\u00f3 hagyom\u00e1nyai vannak, amelyre \u00e9p\u00edteni lehet &#8211; nyomtatott \u00e9s digit\u00e1lis form\u00e1ban is. A VCP mindezt a N\u00e9pszabads\u00e1g kisebbs\u00e9gi tulajdonosaival, els\u0151sorban a Szabad Sajt\u00f3 Alap\u00edtv\u00e1nnyal egy\u00fcttm\u0171k\u00f6dve sz\u00e1nd\u00e9kszik tenni.<br \/>\nT\u00e1j\u00e9koztat\u00e1suk szerint fejleszteni k\u00edv\u00e1nj\u00e1k a megyei napilapokat, valamint az orsz\u00e1gos vas\u00e1rnapi lapot, a Vas\u00e1rnap Reggelt is. A v\u00e1llalkoz\u00e1shoz ker\u00fcl a hot!, a Fanny vagy a Lak\u00e1skult\u00fara magazin is.<br \/>\nA VCP k\u00f6z\u00f6lte: a tulajdonszerz\u00e9st v\u00e1rhat\u00f3an a m\u00e1sodik negyed\u00e9vben z\u00e1rj\u00e1k le.<br \/>\nA m\u00e9diatan\u00e1cs 2011 \u00e1prilis\u00e1ban nem adta meg a szakhat\u00f3s\u00e1gi hozz\u00e1j\u00e1rul\u00e1st az Axel Springer \u00e9s a Ringier kiad\u00f3v\u00e1llalat f\u00fazi\u00f3j\u00e1hoz, az indokl\u00e1s szerint az\u00e9rt, mert az egy\u00e9rtelm\u0171en \u00e9s jelent\u0151sen vesz\u00e9lyeztette volna a soksz\u00edn\u0171 t\u00e1j\u00e9koz\u00f3d\u00e1s jog\u00e1nak \u00e9rv\u00e9nyes\u00fcl\u00e9s\u00e9t. A m\u00e9diatan\u00e1cs egyebek k\u00f6zt a v\u00e9lem\u00e9ny-befoly\u00e1sol\u00e1si k\u00e9pess\u00e9get, a tulajdoni koncentr\u00e1ci\u00f3 m\u00e9rt\u00e9k\u00e9t, a keresztolvasotts\u00e1gi adatokat, illetve a nyomtatott sajt\u00f3term\u00e9kek helyettes\u00edthet\u0151s\u00e9g\u00e9nek jellemz\u0151it elemezte.<br \/>\nA m\u00e9diat\u00f6rv\u00e9ny szerint a m\u00e9diatan\u00e1cs szakhat\u00f3s\u00e1gi \u00e1ll\u00e1sfoglal\u00e1sa k\u00f6ti a GVH-t, annak hozz\u00e1j\u00e1rul\u00e1sa n\u00e9lk\u00fcl nem adhatja meg az enged\u00e9lyt az egyes\u00fcl\u00e9sre.<br \/>\nA k\u00e9t t\u00e1rsas\u00e1g akkor visszavonta tervezett magyarorsz\u00e1gi f\u00fazi\u00f3j\u00e1t, k\u00f6z\u00f6lt\u00e9k azonban: nem adt\u00e1k fel azt. A h\u00e1rom c\u00e9g tavaly m\u00e1jukban k\u00f6z\u00f6lte, hogy kiz\u00e1r\u00f3lagos t\u00e1rgyal\u00e1sokat kezdenek egym\u00e1ssal egyes magyarorsz\u00e1gi lapok elad\u00e1s\u00e1r\u00f3l a VCP-nek.<br \/>\nA sv\u00e1jci h\u00e1tter\u0171 Ringier \u00e9s a n\u00e9met Axel Springer kiad\u00f3v\u00e1llalat tranzakci\u00f3j\u00e1t minden m\u00e1s \u00e9rintett k\u00f6z\u00e9p- \u00e9s kelet-eur\u00f3pai piacon j\u00f3v\u00e1hagyt\u00e1k a versenyhat\u00f3s\u00e1gok.(MTI)<\/p>\n","protected":false},"excerpt":{"rendered":"<p>A Vienna Capital Partners (VCP) felv\u00e1s\u00e1rolja a Ringier \u00e9s az Axel Springer egy jelent\u0151s m\u00e9dia-portf\u00f3li\u00f3j\u00e1t, k\u00f6zt\u00fck a N\u00e9pszabads\u00e1got, nyolc megyei napilapot, a Nemzeti Sportot \u00e9s a Vil\u00e1ggazdas\u00e1got. Ezzel elh\u00e1rulhat a versenyjogi akad\u00e1lya a sv\u00e1jci \u00e9s a n\u00e9met m\u00e9diav\u00e1llalatok magyarorsz\u00e1gi integr\u00e1ci\u00f3j\u00e1nak &#8211; der\u00fcl ki azokb\u00f3l a k\u00f6zlem\u00e9nyekb\u0151l, amelyeket a h\u00e1rom v\u00e1llalat k\u00fcld\u00f6tt az MTI-nek cs\u00fct\u00f6rt\u00f6k\u00f6n.<\/p>\n","protected":false},"author":1,"featured_media":0,"comment_status":"open","ping_status":"closed","sticky":false,"template":"","format":"standard","meta":[],"categories":[48],"tags":[],"_links":{"self":[{"href":"https:\/\/gazdasagportal.hu\/index.php\/wp-json\/wp\/v2\/posts\/25804"}],"collection":[{"href":"https:\/\/gazdasagportal.hu\/index.php\/wp-json\/wp\/v2\/posts"}],"about":[{"href":"https:\/\/gazdasagportal.hu\/index.php\/wp-json\/wp\/v2\/types\/post"}],"author":[{"embeddable":true,"href":"https:\/\/gazdasagportal.hu\/index.php\/wp-json\/wp\/v2\/users\/1"}],"replies":[{"embeddable":true,"href":"https:\/\/gazdasagportal.hu\/index.php\/wp-json\/wp\/v2\/comments?post=25804"}],"version-history":[{"count":1,"href":"https:\/\/gazdasagportal.hu\/index.php\/wp-json\/wp\/v2\/posts\/25804\/revisions"}],"predecessor-version":[{"id":25805,"href":"https:\/\/gazdasagportal.hu\/index.php\/wp-json\/wp\/v2\/posts\/25804\/revisions\/25805"}],"wp:attachment":[{"href":"https:\/\/gazdasagportal.hu\/index.php\/wp-json\/wp\/v2\/media?parent=25804"}],"wp:term":[{"taxonomy":"category","embeddable":true,"href":"https:\/\/gazdasagportal.hu\/index.php\/wp-json\/wp\/v2\/categories?post=25804"},{"taxonomy":"post_tag","embeddable":true,"href":"https:\/\/gazdasagportal.hu\/index.php\/wp-json\/wp\/v2\/tags?post=25804"}],"curies":[{"name":"wp","href":"https:\/\/api.w.org\/{rel}","templated":true}]}}