{"id":25794,"date":"2014-01-23T10:53:07","date_gmt":"2014-01-23T09:53:07","guid":{"rendered":"http:\/\/stockportal.hu\/?p=25794"},"modified":"2014-01-23T10:53:07","modified_gmt":"2014-01-23T09:53:07","slug":"intel-keves-magyar-dolgozo-hasznalhatja-sajat-eszkozet-a-munkahelyen","status":"publish","type":"post","link":"https:\/\/gazdasagportal.hu\/index.php\/intel-keves-magyar-dolgozo-hasznalhatja-sajat-eszkozet-a-munkahelyen\/","title":{"rendered":"Intel: kev\u00e9s magyar dolgoz\u00f3 haszn\u00e1lhatja saj\u00e1t eszk\u00f6z\u00e9t a munkahely\u00e9n"},"content":{"rendered":"<p><strong>A magyarorsz\u00e1gi c\u00e9gek csak nagyon kis sz\u00e1zal\u00e9k\u00e1n\u00e1l haszn\u00e1lhattak a munkav\u00e1llal\u00f3k 2013-ban saj\u00e1t sz\u00e1m\u00edt\u00f3g\u00e9pet vagy t\u00e1blag\u00e9pet munkav\u00e9gz\u00e9si c\u00e9lra, a helyzet szinte eg\u00e9sz Eur\u00f3p\u00e1ban hasonl\u00f3, szemben p\u00e9ld\u00e1ul az Egyes\u00fclt \u00c1llamokkal, ahol a c\u00e9gek fele lehet\u0151v\u00e9 teszi ezt.<!--more--><\/strong><\/p>\n<p>Az Intel k\u00f6zlem\u00e9nye szerint ez a tendencia 2014-ben sem sokat v\u00e1ltozik.<br \/>\nA c\u00e9g felm\u00e9r\u00e9sb\u0151l kider\u00fcl, m\u00edg a vil\u00e1g v\u00e1llalatainak 50 sz\u00e1zal\u00e9k\u00e1n\u00e1l, k\u00fcl\u00f6n\u00f6sen az Egyes\u00fclt \u00c1llamokban lehet\u0151v\u00e9 teszik a saj\u00e1t sz\u00e1m\u00edt\u00f3g\u00e9p vagy t\u00e1blag\u00e9p munkahelyi haszn\u00e1lat\u00e1t, az eur\u00f3pai c\u00e9gek sokkal tart\u00f3zkod\u00f3bbak. A k\u00f6z\u00e9p-eur\u00f3pai orsz\u00e1gokban \u00e1tlagosan alig 12 sz\u00e1zal\u00e9kos volt tavaly ez az ar\u00e1ny. Magyarorsz\u00e1g (18 sz\u00e1zal\u00e9k) \u00e9s Csehorsz\u00e1g (14 sz\u00e1zal\u00e9k) \u00e1tlagon fel\u00fclinek, m\u00edg Szlov\u00e1kia (9,8 sz\u00e1zal\u00e9k) \u00e9s Lengyelorsz\u00e1g (7,5 sz\u00e1zal\u00e9k) \u00e1tlag alattinak mondhat\u00f3 ebb\u0151l a szempontb\u00f3l.<br \/>\nAz \u00f6sszesen 728 k\u00f6z\u00e9p-eur\u00f3pai c\u00e9g k\u00f6r\u00e9ben v\u00e9gzett felm\u00e9r\u00e9s szerint a v\u00e1llalatok nem sietik el a BYOD &#8211; Bring your own device &#8211; &#8222;Haszn\u00e1ld a saj\u00e1t eszk\u00f6z\u00f6d&#8221; elnevez\u00e9s\u0171 trend k\u00f6vet\u00e9s\u00e9t, mivel szerint\u00fck a munkav\u00e1llal\u00f3k tulajdon\u00e1ban l\u00e9v\u0151 eszk\u00f6z\u00f6k t\u00f6bbs\u00e9ge m\u00e9g mindig nem felel meg a v\u00e1llalati IT-biztons\u00e1gi \u00e9s fel\u00fcgyeleti k\u00f6vetelm\u00e9nyeinek. A v\u00e1llalatok legink\u00e1bb a c\u00e9ges adatveszt\u00e9s \u00e9s az esetleges jav\u00edt\u00e1sok id\u0151tartama miatt agg\u00f3dnak.<br \/>\nA koncepci\u00f3t m\u00e1r t\u00e1mogat\u00f3k mellett a BYOD szeml\u00e9let kedvez\u0151 fogadtat\u00e1s\u00e1t az Intel els\u0151sorban a lengyelorsz\u00e1gi (19 sz\u00e1zal\u00e9k) \u00e9s a csehorsz\u00e1gi (10 sz\u00e1zal\u00e9k) c\u00e9gekn\u00e9l regisztr\u00e1lta. Ezzel szemben a szlov\u00e1kiai c\u00e9gek a legkonzervat\u00edvabbak, ahol a megk\u00e9rdezett IT-menedzserek t\u00f6bb mint 82 sz\u00e1zal\u00e9ka nem t\u00e1mogatja \u00e9s a k\u00f6zelj\u00f6v\u0151ben sem tervezi a saj\u00e1t eszk\u00f6z\u00f6k alkalmaz\u00e1s\u00e1t.<br \/>\nMagyarorsz\u00e1gon a megk\u00e9rdezettek 18 sz\u00e1zal\u00e9ka t\u00e1mogatja a saj\u00e1t sz\u00e1m\u00edt\u00f3g\u00e9pes eszk\u00f6z\u00f6k munkahelyi alkalmaz\u00e1s\u00e1t, \u00e1m azok ar\u00e1nya, akik mindezt az id\u00e9n tervezik bevezetni, mind\u00f6ssze 6 sz\u00e1zal\u00e9k volt.<br \/>\nAz Intel k\u00f6z\u00f6lte: a felm\u00e9r\u00e9sben r\u00e9sztvev\u0151 IT-vezet\u0151k v\u00e9lem\u00e9nye szerint a BYOD bevezet\u00e9s\u00e9nek a legnagyobb el\u0151nye a sz\u00e1m\u00edt\u00f3g\u00e9p-beszerz\u00e9si k\u00f6lts\u00e9gek cs\u00f6kken\u00e9s\u00e9ben \u00e9s a munkav\u00e1llal\u00f3k nagyobb termel\u00e9kenys\u00e9g\u00e9ben rejlik. \u00dajabb el\u0151ny, hogy maguk v\u00e1laszthatj\u00e1k ki az eszk\u00f6z\u00f6ket, illetve a munkav\u00e1llal\u00f3k d\u00f6nthetnek arr\u00f3l is, mik\u00e9ppen egyeztetik \u00f6ssze a munk\u00e1jukat a mag\u00e1n\u00e9let\u00fckkel. Ezzel p\u00e1rhuzamosan viszont nagyobb felel\u0151ss\u00e9get v\u00e1rnak el t\u0151l\u00fck a munk\u00e1ltat\u00f3k.(MTI)<\/p>\n","protected":false},"excerpt":{"rendered":"<p>A magyarorsz\u00e1gi c\u00e9gek csak nagyon kis sz\u00e1zal\u00e9k\u00e1n\u00e1l haszn\u00e1lhattak a munkav\u00e1llal\u00f3k 2013-ban saj\u00e1t sz\u00e1m\u00edt\u00f3g\u00e9pet vagy t\u00e1blag\u00e9pet munkav\u00e9gz\u00e9si c\u00e9lra, a helyzet szinte eg\u00e9sz Eur\u00f3p\u00e1ban hasonl\u00f3, szemben p\u00e9ld\u00e1ul az Egyes\u00fclt \u00c1llamokkal, ahol a c\u00e9gek fele lehet\u0151v\u00e9 teszi ezt.<\/p>\n","protected":false},"author":1,"featured_media":0,"comment_status":"open","ping_status":"closed","sticky":false,"template":"","format":"standard","meta":[],"categories":[49],"tags":[],"_links":{"self":[{"href":"https:\/\/gazdasagportal.hu\/index.php\/wp-json\/wp\/v2\/posts\/25794"}],"collection":[{"href":"https:\/\/gazdasagportal.hu\/index.php\/wp-json\/wp\/v2\/posts"}],"about":[{"href":"https:\/\/gazdasagportal.hu\/index.php\/wp-json\/wp\/v2\/types\/post"}],"author":[{"embeddable":true,"href":"https:\/\/gazdasagportal.hu\/index.php\/wp-json\/wp\/v2\/users\/1"}],"replies":[{"embeddable":true,"href":"https:\/\/gazdasagportal.hu\/index.php\/wp-json\/wp\/v2\/comments?post=25794"}],"version-history":[{"count":1,"href":"https:\/\/gazdasagportal.hu\/index.php\/wp-json\/wp\/v2\/posts\/25794\/revisions"}],"predecessor-version":[{"id":25795,"href":"https:\/\/gazdasagportal.hu\/index.php\/wp-json\/wp\/v2\/posts\/25794\/revisions\/25795"}],"wp:attachment":[{"href":"https:\/\/gazdasagportal.hu\/index.php\/wp-json\/wp\/v2\/media?parent=25794"}],"wp:term":[{"taxonomy":"category","embeddable":true,"href":"https:\/\/gazdasagportal.hu\/index.php\/wp-json\/wp\/v2\/categories?post=25794"},{"taxonomy":"post_tag","embeddable":true,"href":"https:\/\/gazdasagportal.hu\/index.php\/wp-json\/wp\/v2\/tags?post=25794"}],"curies":[{"name":"wp","href":"https:\/\/api.w.org\/{rel}","templated":true}]}}