{"id":25783,"date":"2014-01-23T09:51:09","date_gmt":"2014-01-23T08:51:09","guid":{"rendered":"http:\/\/stockportal.hu\/?p=25783"},"modified":"2014-01-23T09:51:09","modified_gmt":"2014-01-23T08:51:09","slug":"ukrajnai-tuntetesek-moszkva-sohasem-fog-beavatkozni-ukrajna-belugyeibe","status":"publish","type":"post","link":"https:\/\/gazdasagportal.hu\/index.php\/ukrajnai-tuntetesek-moszkva-sohasem-fog-beavatkozni-ukrajna-belugyeibe\/","title":{"rendered":"Ukrajnai t\u00fcntet\u00e9sek &#8211; Moszkva sohasem fog beavatkozni Ukrajna bel\u00fcgyeibe"},"content":{"rendered":"<p><strong>Oroszorsz\u00e1g sohasem fog beavatkozni Ukrajna bel\u00fcgyeibe &#8211; jelentette ki Dmitrij Peszkov orosz eln\u00f6ki sz\u00f3viv\u0151 a Komszomolszkaja Pravda c\u00edm\u0171 lapnak adott interj\u00faban.<!--more--><\/strong><\/p>\n<p>Oroszorsz\u00e1g \u00e9s Ukrajna testv\u00e9ri orsz\u00e1gok &#8211; hangoztatta Peszkov, majd kijelentette: Moszkv\u00e1ban &#8222;nagy figyelemmel, izgalommal, olykor f\u00e1jdalommal figyelik, mi t\u00f6rt\u00e9nik Kijevben&#8221;. A Kreml magas rang\u00fa tisztvisel\u0151je hozz\u00e1tette: meg vannak arr\u00f3l gy\u0151z\u0151dve, hogy az ukr\u00e1n vezet\u00e9s &#8222;kiv\u00e1l\u00f3an tudja, mit kell tennie, \u00e9s meg fogja tal\u00e1lni a legjobb megold\u00e1st a helyzet normaliz\u00e1l\u00e1s\u00e1ra, az esem\u00e9nyek t\u00f6rv\u00e9nyes, b\u00e9k\u00e9s mederbe terel\u00e9s\u00e9re&#8221;.<br \/>\nDmitrij Peszkov Oroszorsz\u00e1g \u00e9s Ukrajna partneri egy\u00fcttm\u0171k\u00f6d\u00e9s\u00e9t sokr\u00e9t\u0171nek, nagyszab\u00e1s\u00fanak \u00e9s hossz\u00fa t\u00e1v\u00fanak nevezte. Kijelentette: &#8222;ez\u00e9rt megker\u00fclhetetlen a partners\u00e9g\u00fcnk&#8221;.<br \/>\nAz orosz eln\u00f6ki sz\u00f3viv\u0151 hangs\u00falyozta, hogy Moszkva teljesen elfogadhatatlannak tartja a k\u00fcls\u0151 beavatkoz\u00e1st az ukrajnai belpolitik\u00e1ba. &#8222;Term\u00e9szetesen sajn\u00e1ljuk \u00e9s felh\u00e1bor\u00edt\u00f3nak tartjuk, amikor nyilv\u00e1nval\u00f3v\u00e1 v\u00e1lik a k\u00fcls\u0151 beavatkoz\u00e1s a Kijevben zajl\u00f3 bels\u0151 folyamatokba&#8221; &#8211; mondta. \u00c9rthetetlennek nevezte, hogy k\u00fclf\u00f6ldi orsz\u00e1gok nagyk\u00f6vetei mondj\u00e1k meg, mit kell tenni\u00fck az ukr\u00e1n hat\u00f3s\u00e1goknak Kijevben.<br \/>\nDmitrij Peszkov a Komszomolszkaja Pravda szerkeszt\u0151j\u00e9nek Oroszorsz\u00e1g ukrajnai jelenl\u00e9t\u00e9t, befoly\u00e1s\u00e1t firtat\u00f3 k\u00e9rd\u00e9s\u00e9re lesz\u00f6gezte: &#8222;nem tartjuk magunkat feljogos\u00edtottnak arra, hogy b\u00e1rmilyen m\u00f3don is beavatkozzunk a testv\u00e9ri Ukrajna bel\u00fcgyeibe&#8221;. Kijelentette, hogy Oroszorsz\u00e1g sohasem avatkozott be Ukrajna bel\u00fcgyeibe, \u00e9s ez nem is fog megt\u00f6rt\u00e9nni. Azt mondta, hogy a Kijevben sz\u00fcletett minden d\u00f6nt\u00e9st az orsz\u00e1g vezet\u00e9se \u00f6n\u00e1ll\u00f3an, a demokratikus folyamatok keret\u00e9ben hoz meg. Az orosz \u00e1llamf\u0151 sz\u00f3viv\u0151je elfogadhatatlannak nevezte az \u00fagynevezett politikai menedzsel\u00e9s b\u00e1rmely eszk\u00f6z\u00e9nek haszn\u00e1lat\u00e1t.<br \/>\nMik\u00f6zben a Kreml k\u00e9pvisel\u0151je a Komszomolszkaja Pravd\u00e1ban tette k\u00f6zz\u00e9 hivatalos \u00e1ll\u00e1spontj\u00e1t, a Rosszija 24 orosz \u00e1llami h\u00edrtelev\u00edzi\u00f3 olyan \u00f6ssze\u00e1ll\u00edt\u00e1st sug\u00e1rzott szerd\u00e1n k\u00e9s\u0151 este (az\u00f3ta azt id\u0151nk\u00e9nt megism\u00e9telve), amely szerint Kijevben a rohamrend\u0151r\u00f6ket t\u00e1mad\u00f3, azokkal \u00f6sszecsap\u00f3 t\u00fcntet\u0151k a radik\u00e1lis, sz\u00e9ls\u0151s\u00e9gesen nacionalista ukr\u00e1n politikai szervezetek tagjai, akik az Oroszorsz\u00e1gban n\u00e1ci kollabor\u00e1nsnak tartott Sztepan Bander\u00e1t, az ukr\u00e1n nacionalist\u00e1k jelk\u00e9pes vez\u00e9ralakj\u00e1t \u00e9ltetik. A telev\u00edzi\u00f3ban megjegyezt\u00e9k, hogy az \u00c9ljen Ukrajna, \u00c9ljenek a h\u0151s\u00f6k felki\u00e1lt\u00e1s, amelyet a kijevi t\u00fcntet\u00e9seken hetek \u00f3ta hallani, a m\u00e1sodik vil\u00e1gh\u00e1bor\u00faban a Nyugat-Ukrajn\u00e1ban zsid\u00f3kat, kommunist\u00e1kat \u00f6l\u0151 ukr\u00e1n nacionalist\u00e1k jelszava volt. Az orosz \u00e1llami t\u00e9v\u00e9ben elhangzott az a tud\u00f3s\u00edt\u00e1s is, amely szerint Izraelben agg\u00f3dnak az ukrajnai antiszemita megnyilv\u00e1nul\u00e1sok feler\u0151s\u00f6d\u00e9se \u00e9s zsid\u00f3 sz\u00e1rmaz\u00e1s\u00fa szem\u00e9lyek kijevi b\u00e1ntalmaz\u00e1sa miatt.(MTI)<\/p>\n","protected":false},"excerpt":{"rendered":"<p>Oroszorsz\u00e1g sohasem fog beavatkozni Ukrajna bel\u00fcgyeibe &#8211; jelentette ki Dmitrij Peszkov orosz eln\u00f6ki sz\u00f3viv\u0151 a Komszomolszkaja Pravda c\u00edm\u0171 lapnak adott interj\u00faban.<\/p>\n","protected":false},"author":1,"featured_media":0,"comment_status":"open","ping_status":"closed","sticky":false,"template":"","format":"standard","meta":[],"categories":[12],"tags":[],"_links":{"self":[{"href":"https:\/\/gazdasagportal.hu\/index.php\/wp-json\/wp\/v2\/posts\/25783"}],"collection":[{"href":"https:\/\/gazdasagportal.hu\/index.php\/wp-json\/wp\/v2\/posts"}],"about":[{"href":"https:\/\/gazdasagportal.hu\/index.php\/wp-json\/wp\/v2\/types\/post"}],"author":[{"embeddable":true,"href":"https:\/\/gazdasagportal.hu\/index.php\/wp-json\/wp\/v2\/users\/1"}],"replies":[{"embeddable":true,"href":"https:\/\/gazdasagportal.hu\/index.php\/wp-json\/wp\/v2\/comments?post=25783"}],"version-history":[{"count":1,"href":"https:\/\/gazdasagportal.hu\/index.php\/wp-json\/wp\/v2\/posts\/25783\/revisions"}],"predecessor-version":[{"id":25784,"href":"https:\/\/gazdasagportal.hu\/index.php\/wp-json\/wp\/v2\/posts\/25783\/revisions\/25784"}],"wp:attachment":[{"href":"https:\/\/gazdasagportal.hu\/index.php\/wp-json\/wp\/v2\/media?parent=25783"}],"wp:term":[{"taxonomy":"category","embeddable":true,"href":"https:\/\/gazdasagportal.hu\/index.php\/wp-json\/wp\/v2\/categories?post=25783"},{"taxonomy":"post_tag","embeddable":true,"href":"https:\/\/gazdasagportal.hu\/index.php\/wp-json\/wp\/v2\/tags?post=25783"}],"curies":[{"name":"wp","href":"https:\/\/api.w.org\/{rel}","templated":true}]}}