{"id":25767,"date":"2014-01-23T08:16:23","date_gmt":"2014-01-23T07:16:23","guid":{"rendered":"http:\/\/stockportal.hu\/?p=25767"},"modified":"2014-01-23T08:16:23","modified_gmt":"2014-01-23T07:16:23","slug":"valasztas-2014-jelentkezoket-varnak-a-szavazatszamlalo-bizottsagokba","status":"publish","type":"post","link":"https:\/\/gazdasagportal.hu\/index.php\/valasztas-2014-jelentkezoket-varnak-a-szavazatszamlalo-bizottsagokba\/","title":{"rendered":"V\u00e1laszt\u00e1s 2014 &#8211; Jelentkez\u0151ket v\u00e1rnak a szavazatsz\u00e1ml\u00e1l\u00f3 bizotts\u00e1gokba"},"content":{"rendered":"<p><strong>V\u00e1rj\u00e1k a jelentkez\u00e9seket a helyi v\u00e1laszt\u00e1si bizotts\u00e1gok a szavazatsz\u00e1ml\u00e1l\u00f3 bizotts\u00e1gokba, a tavaszi orsz\u00e1ggy\u0171l\u00e9si v\u00e1laszt\u00e1sra.<!--more--><\/strong><\/p>\n<p>A v\u00e1laszt\u00e1s sor\u00e1n kiemelked\u0151 szerep\u00fck van a szavazatsz\u00e1ml\u00e1l\u00f3 bizotts\u00e1goknak: feladatuk a v\u00e1laszt\u00e1s napj\u00e1n a szavaz\u00e1s lebonyol\u00edt\u00e1sa, a v\u00e1laszt\u00e1s tisztas\u00e1g\u00e1nak, t\u00f6rv\u00e9nyess\u00e9g\u00e9nek biztos\u00edt\u00e1sa, a p\u00e1rtatlans\u00e1g \u00e9rv\u00e9nyes\u00edt\u00e9se, \u00e9s &#8211; ha sz\u00fcks\u00e9ges &#8211; a v\u00e1laszt\u00e1s t\u00f6rv\u00e9nyes rendj\u00e9nek helyre\u00e1ll\u00edt\u00e1sa. A szavazatsz\u00e1ml\u00e1l\u00f3 bizotts\u00e1g \u00e1llap\u00edtja meg a v\u00e1laszt\u00e1s szavaz\u00f3k\u00f6ri eredm\u00e9ny\u00e9t is.<br \/>\nAz \u00e1prilisi voksol\u00e1son mintegy 11 ezer szavazatsz\u00e1ml\u00e1l\u00f3 bizotts\u00e1g m\u0171k\u00f6dik majd.<br \/>\nA szavazatsz\u00e1ml\u00e1l\u00f3 bizotts\u00e1gok legal\u00e1bb \u00f6ttag\u00faak, a test\u00fcletek h\u00e1rom tagj\u00e1t &#8211; \u00e9s a p\u00f3ttagokat &#8211; a k\u00e9pvisel\u0151-test\u00fclet v\u00e1lasztja meg a helyi v\u00e1laszt\u00e1si iroda javaslat\u00e1ra, legk\u00e9s\u0151bb m\u00e1rcius 17-\u00e9n 16 \u00f3r\u00e1ig.<br \/>\nA szavazatsz\u00e1ml\u00e1l\u00f3 bizotts\u00e1gok v\u00e1lasztott tagjai oktat\u00e1son, felk\u00e9sz\u00edt\u00e9sen vesznek r\u00e9szt, a szavaz\u00e1s napj\u00e1n pedig hajnalt\u00f3l a szavazatok \u00f6sszesz\u00e1ml\u00e1l\u00e1sig a szavaz\u00f3k\u00f6r\u00f6kben seg\u00edtenek a v\u00e1laszt\u00e1s lebonyol\u00edt\u00e1s\u00e1ban. Munk\u00e1juk\u00e9rt d\u00edjaz\u00e1st kapnak, \u00e9s mentes\u00fclnek a szavaz\u00e1s napj\u00e1t k\u00f6vet\u0151 munkanapon a munkav\u00e9gz\u00e9s al\u00f3l.<br \/>\nA szavazatsz\u00e1ml\u00e1l\u00f3 bizotts\u00e1gnak emellett tagjai lehetnek a v\u00e1laszt\u00f3ker\u00fcletben jel\u00f6ltk\u00e9nt indul\u00f3k megb\u00edzottjai is (jel\u00f6l\u0151szervezetenk\u00e9nt k\u00e9t-k\u00e9t ember), az \u0151 d\u00edjaz\u00e1sukr\u00f3l a megb\u00edz\u00f3juk gondoskodik. A szavazatsz\u00e1ml\u00e1l\u00f3 bizotts\u00e1g m\u0171k\u00f6d\u0151k\u00e9pess\u00e9g\u00e9hez legal\u00e1bb \u00f6t tag kell, \u00edgy ha a p\u00e1rtok deleg\u00e1ltjaival egy\u00fctt sincs meg az \u00f6t tag, akkor a k\u00e9pvisel\u0151-test\u00fclet \u00e1ltal megv\u00e1lasztott p\u00f3ttagok k\u00f6z\u00fcl h\u00edvnak be valakit a test\u00fcletbe.<br \/>\nA helyi v\u00e1laszt\u00e1si irod\u00e1k vezet\u0151i (a jegyz\u0151k) v\u00e1rj\u00e1k a v\u00e1laszt\u00f3ker\u00fcletben \u00e9l\u0151 v\u00e1laszt\u00f3polg\u00e1rok jelentkez\u00e9s\u00e9t a szavazatsz\u00e1ml\u00e1l\u00f3 bizotts\u00e1gokba. Fontos el\u0151\u00edr\u00e1s, hogy csak az adott orsz\u00e1ggy\u0171l\u00e9si egy\u00e9ni v\u00e1laszt\u00f3ker\u00fcletben lakc\u00edmmel \u00e9s v\u00e1laszt\u00f3jogosults\u00e1ggal rendelkez\u0151 lakosok lehetnek a v\u00e1laszt\u00e1si bizotts\u00e1g v\u00e1lasztott tagjai.<br \/>\nNem lehet a bizotts\u00e1g tagja &#8211; m\u00e1sok mellett &#8211; k\u00e9pvisel\u0151jel\u00f6lt, k\u00e9pvisel\u0151, alpolg\u00e1rmester, jegyz\u0151, m\u00e1sik v\u00e1laszt\u00e1si bizotts\u00e1g tagja, v\u00e1laszt\u00e1si iroda tagja \u00e9s az, aki a honv\u00e9ds\u00e9ggel szolg\u00e1lati jogviszonyban \u00e1ll. P\u00e1rt tagja, a v\u00e1laszt\u00f3ker\u00fcletben jel\u00f6ltet \u00e1ll\u00edt\u00f3 szervezet tagja, a v\u00e1laszt\u00f3ker\u00fcletben indul\u00f3 jel\u00f6lt hozz\u00e1tartoz\u00f3ja, valamint egyes \u00e1llamigazgat\u00e1si szervek munkat\u00e1rsai sem lehetnek a bizotts\u00e1g v\u00e1lasztott tagjai.<br \/>\nArr\u00f3l, hogy hol v\u00e1rj\u00e1k m\u00e9g a szavazatsz\u00e1ml\u00e1l\u00f3 bizotts\u00e1gi tagok jelentkez\u00e9s\u00e9t, mindenki t\u00e1j\u00e9koz\u00f3dhat a telep\u00fcl\u00e9se polg\u00e1rmesteri hivatal\u00e1ban.(MTI)<\/p>\n","protected":false},"excerpt":{"rendered":"<p>V\u00e1rj\u00e1k a jelentkez\u00e9seket a helyi v\u00e1laszt\u00e1si bizotts\u00e1gok a szavazatsz\u00e1ml\u00e1l\u00f3 bizotts\u00e1gokba, a tavaszi orsz\u00e1ggy\u0171l\u00e9si v\u00e1laszt\u00e1sra.<\/p>\n","protected":false},"author":1,"featured_media":0,"comment_status":"open","ping_status":"closed","sticky":false,"template":"","format":"standard","meta":[],"categories":[18],"tags":[],"_links":{"self":[{"href":"https:\/\/gazdasagportal.hu\/index.php\/wp-json\/wp\/v2\/posts\/25767"}],"collection":[{"href":"https:\/\/gazdasagportal.hu\/index.php\/wp-json\/wp\/v2\/posts"}],"about":[{"href":"https:\/\/gazdasagportal.hu\/index.php\/wp-json\/wp\/v2\/types\/post"}],"author":[{"embeddable":true,"href":"https:\/\/gazdasagportal.hu\/index.php\/wp-json\/wp\/v2\/users\/1"}],"replies":[{"embeddable":true,"href":"https:\/\/gazdasagportal.hu\/index.php\/wp-json\/wp\/v2\/comments?post=25767"}],"version-history":[{"count":1,"href":"https:\/\/gazdasagportal.hu\/index.php\/wp-json\/wp\/v2\/posts\/25767\/revisions"}],"predecessor-version":[{"id":25768,"href":"https:\/\/gazdasagportal.hu\/index.php\/wp-json\/wp\/v2\/posts\/25767\/revisions\/25768"}],"wp:attachment":[{"href":"https:\/\/gazdasagportal.hu\/index.php\/wp-json\/wp\/v2\/media?parent=25767"}],"wp:term":[{"taxonomy":"category","embeddable":true,"href":"https:\/\/gazdasagportal.hu\/index.php\/wp-json\/wp\/v2\/categories?post=25767"},{"taxonomy":"post_tag","embeddable":true,"href":"https:\/\/gazdasagportal.hu\/index.php\/wp-json\/wp\/v2\/tags?post=25767"}],"curies":[{"name":"wp","href":"https:\/\/api.w.org\/{rel}","templated":true}]}}