{"id":25568,"date":"2014-01-21T08:38:56","date_gmt":"2014-01-21T07:38:56","guid":{"rendered":"http:\/\/stockportal.hu\/?p=25568"},"modified":"2014-01-21T08:38:56","modified_gmt":"2014-01-21T07:38:56","slug":"az-europai-bankok-tobb-mint-fele-tervez-ertekesitest-illetve-felvasarlast","status":"publish","type":"post","link":"https:\/\/gazdasagportal.hu\/index.php\/az-europai-bankok-tobb-mint-fele-tervez-ertekesitest-illetve-felvasarlast\/","title":{"rendered":"Az eur\u00f3pai bankok t\u00f6bb mint fele tervez \u00e9rt\u00e9kes\u00edt\u00e9st, illetve felv\u00e1s\u00e1rl\u00e1st"},"content":{"rendered":"<p><strong>\u00c1trendez\u0151dik az eur\u00f3pai bankszektor, a t\u00e1rsas\u00e1gok t\u00f6bb mint fele tervez \u00e9rt\u00e9kes\u00edt\u00e9st, illetve felv\u00e1s\u00e1rl\u00e1st a k\u00f6vetkez\u0151 f\u00e9l \u00e9vben &#8211; olvashat\u00f3 az EY nemzetk\u00f6zi tan\u00e1csad\u00f3 c\u00e9g legfrissebb ipar\u00e1gi felm\u00e9r\u00e9s\u00e9ben, amelynek \u00f6ssze\u00e1ll\u00edt\u00e1sakor mintegy 200 banki vezet\u0151t k\u00e9rdeztek meg.<!--more--><\/strong><\/p>\n<p>Az MTI-hez eljuttatott k\u00f6zlem\u00e9ny szerint a p\u00e9nzint\u00e9zetek a vizsg\u00e1lt piacok k\u00f6z\u00fcl legink\u00e1bb Franciaorsz\u00e1gban, Ausztri\u00e1ban \u00e9s Sv\u00e1jcban gondolkodnak az elad\u00e1sr\u00f3l.<br \/>\nA k\u00f6zlem\u00e9ny id\u00e9zi T\u00fcske Bal\u00e1zst, az EY tranzakci\u00f3s tan\u00e1csad\u00e1si szolg\u00e1ltat\u00e1sok \u00fczlet\u00e1g\u00e1nak partner\u00e9t, aki meg\u00e1llap\u00edtotta: az elad\u00f3i oldalon jelenleg nagyobb elsz\u00e1nts\u00e1g mutatkozik, mint a vev\u0151in. \u00c9ppen ez\u00e9rt azok a bankok ker\u00fclhetnek versenyel\u0151nybe, amelyek min\u00e9l hamarabb r\u00e1sz\u00e1nj\u00e1k magukat az \u00e9rt\u00e9kes\u00edt\u00e9sre, hiszen egyel\u0151re visszafogott a v\u00e1s\u00e1rl\u00f3i potenci\u00e1l &#8211; tette hozz\u00e1.<br \/>\nT\u00fcske Bal\u00e1zs jelezte: a piaci konszolid\u00e1ci\u00f3 ezzel egy\u00fctt egy\u00e9rtelm\u0171en pozit\u00edv az eg\u00e9sz szektor sz\u00e1m\u00e1ra, amelynek nyertesei egyr\u00e9szt az \u00fcgyfelek, m\u00e1sr\u00e9szt a gazdas\u00e1g eg\u00e9sze lesz.<br \/>\nAz EY felm\u00e9r\u00e9s\u00e9ben a v\u00e1laszad\u00f3k 56 sz\u00e1zal\u00e9ka nyilatkozott \u00fagy, hogy c\u00e9g\u00e9nek \u00e9rt\u00e9kes\u00edt\u00e9si vagy felv\u00e1s\u00e1rl\u00e1si tervei vannak a k\u00f6vetkez\u0151 hat h\u00f3napban. D\u00f6nt\u0151 t\u00f6bbs\u00e9g\u00fck az eur\u00f3pai piacon szeretn\u00e9 ezeket a tranzakci\u00f3kat v\u00e9grehajtani. A legt\u00f6bb \u00e9rt\u00e9kes\u00edt\u00e9st Franciaorsz\u00e1gban, Ausztri\u00e1ban \u00e9s Sv\u00e1jcban tervezik, m\u00edg a legt\u00f6bb felv\u00e1s\u00e1rl\u00e1sra Franciaorsz\u00e1gban, az Egyes\u00fclt Kir\u00e1lys\u00e1gban \u00e9s Belgiumban ker\u00fclhet sor &#8211; der\u00fcl ki a felm\u00e9r\u00e9s\u00e9b\u0151l.<br \/>\nA vezet\u0151 banki szakemberek szerint r\u00f6vid \u00e9s k\u00f6z\u00e9pt\u00e1von is konszolid\u00e1ci\u00f3ra kell felk\u00e9sz\u00fclni a szektorban. Egy\u00e9ves t\u00e1vlatban 73 sz\u00e1zal\u00e9kuk sz\u00e1m\u00edt erre, h\u00e1rom \u00e9ven bel\u00fcl pedig a megk\u00e9rdezett banki szakemberek 86 sz\u00e1zal\u00e9ka sz\u00e1mol ezzel a lehet\u0151s\u00e9ggel.<br \/>\nA v\u00e1laszad\u00f3k 56 sz\u00e1zal\u00e9ka szerint javulnak majd a gazdas\u00e1gi kil\u00e1t\u00e1sok saj\u00e1t piacaikon, ez nagy v\u00e1ltoz\u00e1s a f\u00e9l \u00e9vvel kor\u00e1bbi 25 sz\u00e1zal\u00e9khoz k\u00e9pest. Ezzel p\u00e1rhuzamosan a banki vezet\u0151k szerint egyre kev\u00e9sb\u00e9 \u00e9rezteti hat\u00e1s\u00e1t az eur\u00f3pai hitelv\u00e1ls\u00e1g: a megk\u00e9rdezettek 35 sz\u00e1zal\u00e9ka nyilatkozott \u00fagy, hogy ennek befoly\u00e1sa\u00a0\u00a0a bankszektorra a k\u00f6vetkez\u0151 f\u00e9l \u00e9vben cs\u00f6kken, mintegy fel\u00fck szerint pedig v\u00e1ltozatlan marad &#8211; der\u00fcl ki az EY felm\u00e9r\u00e9s\u00e9b\u0151l.<br \/>\nAz EY egyike a vil\u00e1g vezet\u0151 k\u00f6nyvvizsg\u00e1l\u00f3, ad\u00f3-, tranzakci\u00f3s \u00e9s \u00fczleti tan\u00e1csad\u00e1st ny\u00fajt\u00f3 v\u00e1llalatainak. Az interj\u00fakat 2013 szeptember\u00e9ben \u00e9s okt\u00f3ber\u00e9ben k\u00e9sz\u00edtett\u00e9k, a v\u00e1laszad\u00f3k 11 eur\u00f3pai orsz\u00e1gb\u00f3l ker\u00fcltek ki.(MTI)<\/p>\n","protected":false},"excerpt":{"rendered":"<p>\u00c1trendez\u0151dik az eur\u00f3pai bankszektor, a t\u00e1rsas\u00e1gok t\u00f6bb mint fele tervez \u00e9rt\u00e9kes\u00edt\u00e9st, illetve felv\u00e1s\u00e1rl\u00e1st a k\u00f6vetkez\u0151 f\u00e9l \u00e9vben &#8211; olvashat\u00f3 az EY nemzetk\u00f6zi tan\u00e1csad\u00f3 c\u00e9g legfrissebb ipar\u00e1gi felm\u00e9r\u00e9s\u00e9ben, amelynek \u00f6ssze\u00e1ll\u00edt\u00e1sakor mintegy 200 banki vezet\u0151t k\u00e9rdeztek meg.<\/p>\n","protected":false},"author":1,"featured_media":0,"comment_status":"open","ping_status":"closed","sticky":false,"template":"","format":"standard","meta":[],"categories":[12],"tags":[],"_links":{"self":[{"href":"https:\/\/gazdasagportal.hu\/index.php\/wp-json\/wp\/v2\/posts\/25568"}],"collection":[{"href":"https:\/\/gazdasagportal.hu\/index.php\/wp-json\/wp\/v2\/posts"}],"about":[{"href":"https:\/\/gazdasagportal.hu\/index.php\/wp-json\/wp\/v2\/types\/post"}],"author":[{"embeddable":true,"href":"https:\/\/gazdasagportal.hu\/index.php\/wp-json\/wp\/v2\/users\/1"}],"replies":[{"embeddable":true,"href":"https:\/\/gazdasagportal.hu\/index.php\/wp-json\/wp\/v2\/comments?post=25568"}],"version-history":[{"count":1,"href":"https:\/\/gazdasagportal.hu\/index.php\/wp-json\/wp\/v2\/posts\/25568\/revisions"}],"predecessor-version":[{"id":25569,"href":"https:\/\/gazdasagportal.hu\/index.php\/wp-json\/wp\/v2\/posts\/25568\/revisions\/25569"}],"wp:attachment":[{"href":"https:\/\/gazdasagportal.hu\/index.php\/wp-json\/wp\/v2\/media?parent=25568"}],"wp:term":[{"taxonomy":"category","embeddable":true,"href":"https:\/\/gazdasagportal.hu\/index.php\/wp-json\/wp\/v2\/categories?post=25568"},{"taxonomy":"post_tag","embeddable":true,"href":"https:\/\/gazdasagportal.hu\/index.php\/wp-json\/wp\/v2\/tags?post=25568"}],"curies":[{"name":"wp","href":"https:\/\/api.w.org\/{rel}","templated":true}]}}