{"id":25551,"date":"2014-01-21T07:23:05","date_gmt":"2014-01-21T06:23:05","guid":{"rendered":"http:\/\/stockportal.hu\/?p=25551"},"modified":"2014-01-20T21:04:17","modified_gmt":"2014-01-20T20:04:17","slug":"eu-kulugyminiszterek-iran-elleni-szankciok-enyhitese-ukrajnat-illetoen-aggodalom-kozep-afrikai-misszio","status":"publish","type":"post","link":"https:\/\/gazdasagportal.hu\/index.php\/eu-kulugyminiszterek-iran-elleni-szankciok-enyhitese-ukrajnat-illetoen-aggodalom-kozep-afrikai-misszio\/","title":{"rendered":"EU-k\u00fcl\u00fcgyminiszterek &#8211; Ir\u00e1n elleni szankci\u00f3k enyh\u00edt\u00e9se, Ukrajn\u00e1t illet\u0151en aggodalom, k\u00f6z\u00e9p-afrikai misszi\u00f3"},"content":{"rendered":"<p><strong>Hat h\u00f3napra felf\u00fcggesztik az Ir\u00e1n elleni uni\u00f3s gazdas\u00e1gi szankci\u00f3k egy r\u00e9sz\u00e9t &#8211; d\u00f6nt\u00f6ttek h\u00e9tf\u0151n Br\u00fcsszelben az EU-orsz\u00e1gok k\u00fcl\u00fcgyminiszterei.<!--more--><\/strong><\/p>\n<p>A szankci\u00f3k r\u00e9szleges felold\u00e1s\u00e1ra az iszl\u00e1m k\u00f6zt\u00e1rsas\u00e1ggal tavaly novemberben k\u00f6t\u00f6tt, Teher\u00e1n atomprogramj\u00e1nak megf\u00e9kez\u00e9s\u00e9t c\u00e9lz\u00f3 ideiglenes nemzetk\u00f6zi meg\u00e1llapod\u00e1s \u00e9rtelm\u00e9ben ker\u00fclt sor. A meg\u00e1llapod\u00e1s r\u00e9szek\u00e9nt Ir\u00e1n nem sokkal kor\u00e1bban a Nemzetk\u00f6zi Atomenergia-\u00fcgyn\u00f6ks\u00e9g (NA\u00dc) ellen\u0151reinek jelenl\u00e9t\u00e9ben le\u00e1ll\u00edtotta a 20 sz\u00e1zal\u00e9kosra t\u00f6rt\u00e9n\u0151 ur\u00e1nd\u00fas\u00edt\u00e1st, \u00e9s megkezdte a 20 sz\u00e1zal\u00e9kosra d\u00fas\u00edtott k\u00e9szlet visszahig\u00edt\u00e1s\u00e1t, ami\u00e9rt cser\u00e9be a nemzetk\u00f6zi szankci\u00f3k enyh\u00edt\u00e9s\u00e9t ir\u00e1nyozt\u00e1k el\u0151.<br \/>\nAz ir\u00e1ni nyersolaj uni\u00f3s behozatali tilalma fennmarad, de a k\u00fcl\u00f6nb\u00f6z\u0151 orsz\u00e1gokba ir\u00e1nyul\u00f3 feldolgozott ir\u00e1ni olajterm\u00e9kek tengeri sz\u00e1ll\u00edt\u00e1sa, illetve e sz\u00e1ll\u00edtm\u00e1nyok biztos\u00edt\u00e1sa ism\u00e9t enged\u00e9lyezett lesz. Szint\u00e9n feloldj\u00e1k az arany-, illetve m\u00e1s nemesf\u00e9m-kereskedelem tilalm\u00e1t. Fennmaradnak az ir\u00e1ni bankokkal szembeni eddigi korl\u00e1toz\u00e1sok, de az Ir\u00e1nba ir\u00e1nyul\u00f3, k\u00fcl\u00f6n enged\u00e9lyez\u00e9s n\u00e9lk\u00fcli \u00e1tutal\u00e1sok \u00e9rt\u00e9khat\u00e1r\u00e1t az eddigi t\u00f6bbsz\u00f6r\u00f6s\u00e9re emelik.<br \/>\nAz Ir\u00e1nnal november 24-\u00e9n k\u00f6t\u00f6tt, hat h\u00f3napra sz\u00f3l\u00f3 ideiglenes meg\u00e1llapod\u00e1s \u00e9rtelm\u00e9ben az ur\u00e1nd\u00fas\u00edt\u00e1s korl\u00e1toz\u00e1s\u00e1\u00e9rt cser\u00e9be az iszl\u00e1m k\u00f6zt\u00e1rsas\u00e1g t\u00f6bb milli\u00e1rd doll\u00e1r bev\u00e9telhez juthat a gazdas\u00e1gi szankci\u00f3k enyh\u00edt\u00e9se nyom\u00e1n. Ezenfel\u00fcl Teher\u00e1n k\u00fclf\u00f6ld\u00f6n t\u00e1rolt, 100 milli\u00e1rd doll\u00e1rra becs\u00fclt devizavagyon\u00e1nak egy t\u00f6red\u00e9k\u00e9t, 4,2 milli\u00e1rd doll\u00e1rt felszabad\u00edtan\u00e1nak. Amerikai szak\u00e9rt\u0151k becsl\u00e9se szerint Ir\u00e1n \u00edgy \u00f6sszesen 7 milli\u00e1rd doll\u00e1r bev\u00e9telhez juthat. A k\u00fclf\u00f6ld\u00f6n befagyasztott vagyonb\u00f3l az els\u0151 550 milli\u00f3 doll\u00e1ros r\u00e9szletet Ir\u00e1n febru\u00e1r 1-j\u00e9n kapja meg.<br \/>\nN\u00e9meth Zsolt, a k\u00fcl\u00fcgyminiszt\u00e9rium parlamenti \u00e1llamtitk\u00e1ra, aki Magyarorsz\u00e1got k\u00e9pviselte a br\u00fcsszeli k\u00fcl\u00fcgyi \u00e9rtekezleten, magyar \u00fajs\u00e1g\u00edr\u00f3knak nyilatkozva \u00fagy v\u00e9lekedett, hogy az Ir\u00e1nnal kapcsolatban tapasztalhat\u00f3 kedvez\u0151 fejlem\u00e9nyek hat\u00e1ssal lehetnek egyebek k\u00f6zt a Sz\u00edri\u00e1val kapcsolatos helyzet alakul\u00e1s\u00e1ra is.<br \/>\nA k\u00fcl\u00fcgyminiszterek k\u00f6z\u00f6s nyilatkozatban biztos\u00edtott\u00e1k t\u00e1mogat\u00e1sukr\u00f3l a tervek szerint szerd\u00e1n Sv\u00e1jcban kezd\u0151d\u0151 \u00fajabb nemzetk\u00f6zi Sz\u00edria-b\u00e9kekonferenci\u00e1t, amely a k\u00f6zel-keleti orsz\u00e1gban d\u00fal\u00f3 belh\u00e1bor\u00fa befejez\u00e9s\u00e9t c\u00e9lozza. A dokumentumban hangs\u00falyozz\u00e1k, hogy a sz\u00edriai konfliktusra politikai megold\u00e1st kell tal\u00e1lni, \u00e9s e megold\u00e1snak &#8222;val\u00f3di politikai \u00e1tmenetet&#8221; kell jelentenie, a kor\u00e1bbi genfi Sz\u00edria-b\u00e9kekonferencia hat\u00e1rozatainak megval\u00f3s\u00edt\u00e1sa alapj\u00e1n. Nem tartalmazza azonban a nyilatkozat azt a kor\u00e1bban gyakran hangoztatott kit\u00e9telt, hogy Bass\u00e1r el-Aszad sz\u00edriai eln\u00f6knek &#8222;mennie kell&#8221;.<br \/>\nA most esed\u00e9kes \u00fajabb konferenci\u00e1n az uni\u00f3 szerint teljes v\u00e9grehajt\u00f3 hatalommal b\u00edr\u00f3 \u00e1tmeneti korm\u00e1nyz\u00f3 test\u00fclet l\u00e9trehoz\u00e1s\u00e1ban kell meg\u00e1llapodni. N\u00e9meth Zsolt megjegyezte: nem vil\u00e1gos m\u00e9g, hogy a konferenci\u00e1ra megh\u00edvott Ir\u00e1n elfogadja-e kiindul\u00f3 pontk\u00e9nt a sz\u00edriai \u00e1tmeneti korm\u00e1ny megalak\u00edt\u00e1s\u00e1nak sz\u00fcks\u00e9gess\u00e9g\u00e9t, ahogyan azt az els\u0151 genfi b\u00e9kekonferencia el\u0151ir\u00e1nyozta.<br \/>\nAz EU-orsz\u00e1gok k\u00fcl\u00fcgyminiszterei k\u00f6z\u00f6s nyilatkozatban adtak hangot aggodalmuknak az ukr\u00e1n parlament \u00e1ltal a m\u00falt h\u00e9ten elfogadott t\u00f6rv\u00e9nyek miatt, amelyek meg\u00edt\u00e9l\u00e9s\u00fck szerint jelent\u0151s m\u00e9rt\u00e9kben korl\u00e1tozz\u00e1k a gy\u00fclekez\u00e9si jogot, a m\u00e9di\u00e1t \u00e9s a civil t\u00e1rsadalom szervezeteinek a tev\u00e9kenys\u00e9g\u00e9t.<br \/>\nAz EU felsz\u00f3l\u00edtotta az ukr\u00e1n hat\u00f3s\u00e1gokat, hogy ford\u00edts\u00e1k vissza ezeket a fejlem\u00e9nyeket, \u00e9s hozz\u00e1k \u00f6sszhangba a jogszab\u00e1lyokat Ukrajna eur\u00f3pai \u00e9s nemzetk\u00f6zi k\u00f6telezetts\u00e9geivel. Az uni\u00f3 szerint p\u00e1rbesz\u00e9d \u00fatj\u00e1n kell demokratikus megold\u00e1st keresni a politikai v\u00e1ls\u00e1gra; minden \u00e9rintettnek \u00f6nm\u00e9rs\u00e9kletet kell tan\u00fas\u00edtania, a hat\u00f3s\u00e1goknak pedig tiszteletben kell tartaniuk a b\u00e9k\u00e9s t\u00fcntet\u0151k gy\u00fclekez\u00e9si \u00e9s sz\u00f3l\u00e1sszabads\u00e1g\u00e1t.<br \/>\nA k\u00fcl\u00fcgyminiszterek meger\u0151s\u00edtett\u00e9k: az uni\u00f3 hajland\u00f3 al\u00e1\u00edrni a m\u00e9ly \u00e9s \u00e1tfog\u00f3 szabadkereskedelmi egyezm\u00e9nyt is tartalmaz\u00f3 EU-ukr\u00e1n t\u00e1rsul\u00e1si meg\u00e1llapod\u00e1st, amint arra Ukrajna is k\u00e9sz.<br \/>\nA magyar k\u00fcl\u00fcgyminiszt\u00e9riumi \u00e1llamtitk\u00e1r szerint az uni\u00f3s nyilatkozat egy\u00e9rtelm\u0171en, hat\u00e1rozottan fogalmaz. N\u00e9meth Zsolt felh\u00edvta a figyelmet arra, hogy a vitatott t\u00f6rv\u00e9nyeket h\u00e1zszab\u00e1ly-ellenes m\u00f3don fogadt\u00e1k el. Magyar nemzetpolitikai szempontb\u00f3l k\u00fcl\u00f6n\u00f6sen kifog\u00e1soland\u00f3nak min\u0151s\u00edtette azt, hogy az \u00faj ukr\u00e1n t\u00f6rv\u00e9nyek \u00e9rtelm\u00e9ben a k\u00fclf\u00f6ldi t\u00e1mogat\u00e1sban r\u00e9szes\u00fcl\u0151 civil szervezetek &#8211; orosz mint\u00e1ra &#8211; k\u00fclf\u00f6ldi \u00fcgyn\u00f6kk\u00e9nt k\u00f6telesek bejegyeztetni magukat.<br \/>\nH\u00e9tf\u0151n arr\u00f3l is d\u00f6nt\u00f6ttek Br\u00fcsszelben, hogy az Eur\u00f3pai Uni\u00f3 &#8211; francia kezdem\u00e9nyez\u00e9sre &#8211; mintegy \u00f6tsz\u00e1z f\u0151s katonai misszi\u00f3t k\u00fcld f\u00e9l \u00e9vre az er\u0151szak \u00e1ltal s\u00fajtott, k\u00e1oszba s\u00fcllyedt K\u00f6z\u00e9p-afrikai K\u00f6zt\u00e1rsas\u00e1gba. Az ENSZ a minap arra figyelmeztetett, hogy n\u00e9pirt\u00e1shoz vezethetnek az etikai-vall\u00e1si k\u00f6z\u00f6ss\u00e9gek k\u00f6zti konfliktusok, ha a nemzetk\u00f6zi k\u00f6z\u00f6ss\u00e9g nem l\u00e9p k\u00f6zbe. Jelenleg 1600 francia \u00e9s 4000 afrikai uni\u00f3s b\u00e9kefenntart\u00f3 katona pr\u00f3b\u00e1l g\u00e1tat szabni az er\u0151szaknak a K\u00f6z\u00e9p-afrikai K\u00f6zt\u00e1rsas\u00e1gban.<br \/>\nAz eur\u00f3pai uni\u00f3s katon\u00e1k a tervek szerint els\u0151sorban a f\u0151v\u00e1ros, Bangui rep\u00fcl\u0151ter\u00e9nek a biztons\u00e1g\u00e1r\u00f3l gondoskodnak majd. A k\u00fcldet\u00e9s v\u00e9grehajt\u00e1sa n\u00e9h\u00e1ny h\u00e9ten bel\u00fcl megkezd\u0151dhet, de az indul\u00e1shoz sz\u00fcks\u00e9g van ENSZ-felhatalmaz\u00e1sra is.(MTI)<\/p>\n","protected":false},"excerpt":{"rendered":"<p>Hat h\u00f3napra felf\u00fcggesztik az Ir\u00e1n elleni uni\u00f3s gazdas\u00e1gi szankci\u00f3k egy r\u00e9sz\u00e9t &#8211; d\u00f6nt\u00f6ttek h\u00e9tf\u0151n Br\u00fcsszelben az EU-orsz\u00e1gok k\u00fcl\u00fcgyminiszterei.<\/p>\n","protected":false},"author":1,"featured_media":0,"comment_status":"open","ping_status":"closed","sticky":false,"template":"","format":"standard","meta":[],"categories":[12],"tags":[],"_links":{"self":[{"href":"https:\/\/gazdasagportal.hu\/index.php\/wp-json\/wp\/v2\/posts\/25551"}],"collection":[{"href":"https:\/\/gazdasagportal.hu\/index.php\/wp-json\/wp\/v2\/posts"}],"about":[{"href":"https:\/\/gazdasagportal.hu\/index.php\/wp-json\/wp\/v2\/types\/post"}],"author":[{"embeddable":true,"href":"https:\/\/gazdasagportal.hu\/index.php\/wp-json\/wp\/v2\/users\/1"}],"replies":[{"embeddable":true,"href":"https:\/\/gazdasagportal.hu\/index.php\/wp-json\/wp\/v2\/comments?post=25551"}],"version-history":[{"count":1,"href":"https:\/\/gazdasagportal.hu\/index.php\/wp-json\/wp\/v2\/posts\/25551\/revisions"}],"predecessor-version":[{"id":25552,"href":"https:\/\/gazdasagportal.hu\/index.php\/wp-json\/wp\/v2\/posts\/25551\/revisions\/25552"}],"wp:attachment":[{"href":"https:\/\/gazdasagportal.hu\/index.php\/wp-json\/wp\/v2\/media?parent=25551"}],"wp:term":[{"taxonomy":"category","embeddable":true,"href":"https:\/\/gazdasagportal.hu\/index.php\/wp-json\/wp\/v2\/categories?post=25551"},{"taxonomy":"post_tag","embeddable":true,"href":"https:\/\/gazdasagportal.hu\/index.php\/wp-json\/wp\/v2\/tags?post=25551"}],"curies":[{"name":"wp","href":"https:\/\/api.w.org\/{rel}","templated":true}]}}