{"id":25549,"date":"2014-01-21T06:01:10","date_gmt":"2014-01-21T05:01:10","guid":{"rendered":"http:\/\/stockportal.hu\/?p=25549"},"modified":"2014-01-20T21:02:21","modified_gmt":"2014-01-20T20:02:21","slug":"rezsicsokkentes-a-munka-meg-nem-fejezodott-be","status":"publish","type":"post","link":"https:\/\/gazdasagportal.hu\/index.php\/rezsicsokkentes-a-munka-meg-nem-fejezodott-be\/","title":{"rendered":"Rezsics\u00f6kkent\u00e9s &#8211; A munka m\u00e9g nem fejez\u0151d\u00f6tt be"},"content":{"rendered":"<p><strong>Eddig kilenc szolg\u00e1ltat\u00e1st \u00e9rintett a korm\u00e1ny \u00e1ltal bevezetett rezsics\u00f6kkent\u00e9s, a d\u00edjak tov\u00e1bbi m\u00e9rs\u00e9kl\u00e9s\u00e9re ir\u00e1nyul\u00f3 munka azonban kor\u00e1ntsem fejez\u0151d\u00f6tt be &#8211; k\u00f6z\u00f6lte Pint\u00e9r S\u00e1ndor a t\u00e9m\u00e1ban tartott f\u00f3rumon h\u00e9tf\u0151n a Szabolcs-Szatm\u00e1r-Bereg megyei Kisv\u00e1rd\u00e1n.<!--more--><\/strong><\/p>\n<p>A bel\u00fcgyminiszter a m\u0171vel\u0151d\u00e9si h\u00e1zban t\u00f6bb mint \u00f6tsz\u00e1z ember el\u0151tt felid\u00e9zte, hogy az eddigi rezsics\u00f6kkent\u00e9s eredm\u00e9nyek\u00e9ppen a korm\u00e1ny h\u00fasz sz\u00e1zal\u00e9kkal cs\u00f6kkentette a g\u00e1z, az \u00e1ram \u00e9s a t\u00e1vf\u0171t\u00e9s d\u00edjait, az int\u00e9zked\u00e9s folytat\u00e1sak\u00e9nt pedig t\u00edz sz\u00e1zal\u00e9kkal m\u00e9rs\u00e9kl\u0151d\u00f6tt a szem\u00e9tsz\u00e1ll\u00edt\u00e1s, az iv\u00f3v\u00edz-szolg\u00e1ltat\u00e1s, a k\u00e9m\u00e9nysepr\u00e9s, a szennyv\u00edzszippant\u00e1s \u00e9s a palackos g\u00e1z d\u00edjszab\u00e1sa, valamint a csatornad\u00edj is.<br \/>\nPint\u00e9r S\u00e1ndor hozz\u00e1tette, p\u00e9nteken \u00fajabb d\u00f6nt\u00e9s v\u00e1rhat\u00f3 a rezsics\u00f6kkent\u00e9s \u00fcgy\u00e9ben.<br \/>\nA miniszter kifejtette: 2010-ben Magyarorsz\u00e1gon volt a legdr\u00e1g\u00e1bb a g\u00e1z az Eur\u00f3pai Uni\u00f3 tag\u00e1llamai k\u00f6z\u00fcl, az \u00e1ram tekintet\u00e9ben pedig Csehorsz\u00e1g ut\u00e1n a m\u00e1sodik helyet foglalta el. A korm\u00e1ny az int\u00e9zked\u00e9sekkel azt szeretn\u00e9 el\u00e9rni, hogy a rezsics\u00f6kkent\u00e9ssel el\u00e9rt eredm\u00e9nyek val\u00f3ss\u00e1 v\u00e1ljanak, ennek betartat\u00e1s\u00e1t viszont folyamatosan ellen\u0151rizni kell, ami r\u00e9szben a fogyaszt\u00f3v\u00e9delem feladata. A rezsisz\u00e1ml\u00e1kkal kapcsolatban a rezsipontok ny\u00fajtanak seg\u00edts\u00e9get az \u00fcgyfeleknek &#8211; tette hozz\u00e1.<br \/>\nA magyar t\u00e1rsadalom ki\u00e1llt a korm\u00e1ny c\u00e9lkit\u0171z\u00e9sei mellett, amit j\u00f3l bizony\u00edt, hogy k\u00e9t \u00e9s f\u00e9l milli\u00f3an \u00edrt\u00e1k al\u00e1 a rezsics\u00f6kkent\u00e9s t\u00e1mogat\u00e1s\u00e1ra elind\u00edtott pet\u00edci\u00f3s \u00edveket &#8211; fogalmazott Pint\u00e9r S\u00e1ndor, hozz\u00e1t\u00e9ve, hogy a d\u00edjcs\u00f6kkent\u00e9s miatt jelent\u0151s t\u00e1mad\u00e1s \u00e9rte a korm\u00e1nyt a k\u00fclf\u00f6ldi k\u00f6zm\u0171c\u00e9gek r\u00e9sz\u00e9r\u0151l, \u00e9s Br\u00fcsszel sem \u00e9rtett egyet a korm\u00e1ny int\u00e9zked\u00e9s\u00e9vel.<br \/>\nPint\u00e9r S\u00e1ndor a Bel\u00fcgyminiszt\u00e9rium 2010 \u00f3ta elv\u00e9gzett munk\u00e1j\u00e1t \u00e9rt\u00e9kelve elmondta, a t\u00e1rca nagy er\u0151fesz\u00edt\u00e9seket tett a k\u00f6zrend \u00e9s k\u00f6zbiztons\u00e1g jav\u00edt\u00e1s\u00e1ra, valamint az ir\u00e1ny\u00edt\u00e1sa al\u00e1 tartoz\u00f3 szervezetek meg\u00faj\u00edt\u00e1s\u00e1ra. A k\u00f6zrend megv\u00e9d\u00e9se \u00e9rdek\u00e9ben meghozott jogi l\u00e9p\u00e9sek k\u00f6z\u00f6tt a tulajdon elleni szab\u00e1lys\u00e9rt\u00e9sek elz\u00e1r\u00e1ssal t\u00f6rt\u00e9n\u0151 b\u00fcntet\u00e9se \u00e9s a h\u00e1rom csap\u00e1s t\u00f6rv\u00e9ny megalkot\u00e1sa mellett meg\u00fajult \u00e9s egys\u00e9gesedett a katasztr\u00f3fav\u00e9delem, \u00e1talak\u00edtott\u00e1k a b\u00fcntet\u00e9s-v\u00e9grehajt\u00e1st \u00e9s a v\u00edz\u00fcgyi szervezetet, javult a rend\u0151rs\u00e9g eredm\u00e9nyess\u00e9ge, cs\u00f6kkent a b\u0171ncselekm\u00e9nyek sz\u00e1ma, az \u00f6nkorm\u00e1nyzatok ad\u00f3ss\u00e1g\u00e1t pedig teljes eg\u00e9sz\u00e9ben \u00e1tv\u00e1llalta az \u00e1llam.<br \/>\nA miniszter egyben r\u00e1mutatott, hogy a k\u00f6zfoglalkoztat\u00e1s r\u00e9v\u00e9n seg\u00e9ly helyett \u00e9rt\u00e9kteremt\u0151 munk\u00e1t kaptak az \u00e1ll\u00e1stalanok, a bev\u00e1ndorl\u00e1si \u00e9s \u00e1llampolg\u00e1rs\u00e1gi ter\u00fclet pedig egy rendk\u00edv\u00fcli feladatot oldott meg a k\u00fclhoni magyarok \u00e1llampolg\u00e1rs\u00e1ghoz juttat\u00e1s\u00e1val. \u00d6tsz\u00e1zezer \u00faj \u00e1llampolg\u00e1rs\u00e1got adott ki ez a hivatal, amivel &#8222;visszak\u00f6t\u00f6tt\u00fck&#8221; Magyarorsz\u00e1ghoz a magyarokat &#8211; tette hozz\u00e1 Pint\u00e9r S\u00e1ndor.(MTI)<\/p>\n","protected":false},"excerpt":{"rendered":"<p>Eddig kilenc szolg\u00e1ltat\u00e1st \u00e9rintett a korm\u00e1ny \u00e1ltal bevezetett rezsics\u00f6kkent\u00e9s, a d\u00edjak tov\u00e1bbi m\u00e9rs\u00e9kl\u00e9s\u00e9re ir\u00e1nyul\u00f3 munka azonban kor\u00e1ntsem fejez\u0151d\u00f6tt be &#8211; k\u00f6z\u00f6lte Pint\u00e9r S\u00e1ndor a t\u00e9m\u00e1ban tartott f\u00f3rumon h\u00e9tf\u0151n a Szabolcs-Szatm\u00e1r-Bereg megyei Kisv\u00e1rd\u00e1n.<\/p>\n","protected":false},"author":1,"featured_media":0,"comment_status":"open","ping_status":"closed","sticky":false,"template":"","format":"standard","meta":[],"categories":[19],"tags":[],"_links":{"self":[{"href":"https:\/\/gazdasagportal.hu\/index.php\/wp-json\/wp\/v2\/posts\/25549"}],"collection":[{"href":"https:\/\/gazdasagportal.hu\/index.php\/wp-json\/wp\/v2\/posts"}],"about":[{"href":"https:\/\/gazdasagportal.hu\/index.php\/wp-json\/wp\/v2\/types\/post"}],"author":[{"embeddable":true,"href":"https:\/\/gazdasagportal.hu\/index.php\/wp-json\/wp\/v2\/users\/1"}],"replies":[{"embeddable":true,"href":"https:\/\/gazdasagportal.hu\/index.php\/wp-json\/wp\/v2\/comments?post=25549"}],"version-history":[{"count":1,"href":"https:\/\/gazdasagportal.hu\/index.php\/wp-json\/wp\/v2\/posts\/25549\/revisions"}],"predecessor-version":[{"id":25550,"href":"https:\/\/gazdasagportal.hu\/index.php\/wp-json\/wp\/v2\/posts\/25549\/revisions\/25550"}],"wp:attachment":[{"href":"https:\/\/gazdasagportal.hu\/index.php\/wp-json\/wp\/v2\/media?parent=25549"}],"wp:term":[{"taxonomy":"category","embeddable":true,"href":"https:\/\/gazdasagportal.hu\/index.php\/wp-json\/wp\/v2\/categories?post=25549"},{"taxonomy":"post_tag","embeddable":true,"href":"https:\/\/gazdasagportal.hu\/index.php\/wp-json\/wp\/v2\/tags?post=25549"}],"curies":[{"name":"wp","href":"https:\/\/api.w.org\/{rel}","templated":true}]}}