{"id":25543,"date":"2014-01-20T20:02:38","date_gmt":"2014-01-20T19:02:38","guid":{"rendered":"http:\/\/stockportal.hu\/?p=25543"},"modified":"2014-01-20T20:02:38","modified_gmt":"2014-01-20T19:02:38","slug":"felmertek-a-horvat-tengerpartot-az-olajkitermeles-erdekeben","status":"publish","type":"post","link":"https:\/\/gazdasagportal.hu\/index.php\/felmertek-a-horvat-tengerpartot-az-olajkitermeles-erdekeben\/","title":{"rendered":"Felm\u00e9rt\u00e9k a horv\u00e1t tengerpartot az olajkitermel\u00e9s \u00e9rdek\u00e9ben"},"content":{"rendered":"<p><strong>Befejez\u0151d\u00f6tt az adriai tengerfen\u00e9k horv\u00e1t r\u00e9sz\u00e9nek a felm\u00e9r\u00e9se, amely alapj\u00e1n ki\u00edrhatj\u00e1k majd a partmenti k\u0151olaj- \u00e9s f\u00f6ldg\u00e1zkitermel\u00e9sre sz\u00f3l\u00f3 koncesszi\u00f3s p\u00e1ly\u00e1zatokat &#8211; \u00edrta a Vecernji list.<!--more--><\/strong><\/p>\n<p>A napilap \u00e9rtes\u00fcl\u00e9sei szerint a kutat\u00e1si eredm\u00e9nyek ir\u00e1nt nagy az \u00e9rdekl\u0151d\u00e9s az olajc\u00e9gek k\u00f6z\u00f6tt, a vil\u00e1g t\u00edz legnagyobb, f\u00f6ldg\u00e1zzal \u00e9s k\u0151olajjal foglalkoz\u00f3 c\u00e9ge v\u00e1s\u00e1rolta m\u00e1r meg a kutat\u00e1s dokument\u00e1ci\u00f3j\u00e1t.<br \/>\nA kutat\u00e1si eredm\u00e9nyek \u00f6sszes\u00edt\u00e9se ut\u00e1n k\u00e9sz\u00edti el a kutat\u00e1st v\u00e9gz\u0151 norv\u00e9g c\u00e9g a tengerfen\u00e9k horv\u00e1t r\u00e9sz\u00e9nek szeizmol\u00f3giai t\u00e9rk\u00e9p\u00e9t. A gazdas\u00e1gi miniszt\u00e9rium ez alapj\u00e1n k\u00e9sz\u00edtheti el a kitermel\u00e9si koncesszi\u00f3hoz sz\u00fcks\u00e9ges p\u00e1ly\u00e1zati dokument\u00e1ci\u00f3t.<br \/>\nUgyan m\u00e9g nem tudni, hogy mekkora k\u00e9szleteket rejt a tenger, de a vil\u00e1gc\u00e9gek \u00e9rdekl\u0151d\u00e9se gazdag f\u00f6ldg\u00e1z \u00e9s k\u0151olajmez\u0151kre enged k\u00f6vetkeztetni &#8211; jegyzi meg a lap.<br \/>\nA lap \u00e1ltal id\u00e9zet becsl\u00e9s szerint maximum h\u00fasz mez\u0151r\u0151l van sz\u00f3, amelyekb\u0151l 2019-ben indulhat meg a kitermel\u00e9s.<br \/>\nSzak\u00e9rt\u0151k szerint a tengerfen\u00e9kr\u0151l szerzett inform\u00e1ci\u00f3k az orsz\u00e1g legnagyobb gazdas\u00e1gi projektj\u00e9nek el\u0151felt\u00e9teleit teremthetik meg.(MTI)<\/p>\n","protected":false},"excerpt":{"rendered":"<p>Befejez\u0151d\u00f6tt az adriai tengerfen\u00e9k horv\u00e1t r\u00e9sz\u00e9nek a felm\u00e9r\u00e9se, amely alapj\u00e1n ki\u00edrhatj\u00e1k majd a partmenti k\u0151olaj- \u00e9s f\u00f6ldg\u00e1zkitermel\u00e9sre sz\u00f3l\u00f3 koncesszi\u00f3s p\u00e1ly\u00e1zatokat &#8211; \u00edrta a Vecernji list.<\/p>\n","protected":false},"author":1,"featured_media":0,"comment_status":"open","ping_status":"closed","sticky":false,"template":"","format":"standard","meta":[],"categories":[12],"tags":[],"_links":{"self":[{"href":"https:\/\/gazdasagportal.hu\/index.php\/wp-json\/wp\/v2\/posts\/25543"}],"collection":[{"href":"https:\/\/gazdasagportal.hu\/index.php\/wp-json\/wp\/v2\/posts"}],"about":[{"href":"https:\/\/gazdasagportal.hu\/index.php\/wp-json\/wp\/v2\/types\/post"}],"author":[{"embeddable":true,"href":"https:\/\/gazdasagportal.hu\/index.php\/wp-json\/wp\/v2\/users\/1"}],"replies":[{"embeddable":true,"href":"https:\/\/gazdasagportal.hu\/index.php\/wp-json\/wp\/v2\/comments?post=25543"}],"version-history":[{"count":1,"href":"https:\/\/gazdasagportal.hu\/index.php\/wp-json\/wp\/v2\/posts\/25543\/revisions"}],"predecessor-version":[{"id":25544,"href":"https:\/\/gazdasagportal.hu\/index.php\/wp-json\/wp\/v2\/posts\/25543\/revisions\/25544"}],"wp:attachment":[{"href":"https:\/\/gazdasagportal.hu\/index.php\/wp-json\/wp\/v2\/media?parent=25543"}],"wp:term":[{"taxonomy":"category","embeddable":true,"href":"https:\/\/gazdasagportal.hu\/index.php\/wp-json\/wp\/v2\/categories?post=25543"},{"taxonomy":"post_tag","embeddable":true,"href":"https:\/\/gazdasagportal.hu\/index.php\/wp-json\/wp\/v2\/tags?post=25543"}],"curies":[{"name":"wp","href":"https:\/\/api.w.org\/{rel}","templated":true}]}}