{"id":25539,"date":"2014-01-20T18:31:40","date_gmt":"2014-01-20T17:31:40","guid":{"rendered":"http:\/\/stockportal.hu\/?p=25539"},"modified":"2014-01-20T15:32:23","modified_gmt":"2014-01-20T14:32:23","slug":"sziria-moszkva-udvozolte-iran-meghivasat-a-bekekonferenciara","status":"publish","type":"post","link":"https:\/\/gazdasagportal.hu\/index.php\/sziria-moszkva-udvozolte-iran-meghivasat-a-bekekonferenciara\/","title":{"rendered":"Sz\u00edria &#8211; Moszkva \u00fcdv\u00f6z\u00f6lte Ir\u00e1n megh\u00edv\u00e1s\u00e1t a b\u00e9kekonferenci\u00e1ra"},"content":{"rendered":"<p><strong>Az orosz k\u00fcl\u00fcgyminiszter \u00fcdv\u00f6z\u00f6lte Ir\u00e1n megh\u00edv\u00e1s\u00e1t a sv\u00e1jci Sz\u00edria-konferenci\u00e1ra. Szergej Lavrov err\u0151l azt k\u00f6vet\u0151en besz\u00e9lt, hogy h\u00e9tf\u0151n norv\u00e9g koll\u00e9g\u00e1j\u00e1val t\u00e1rgyalt az orosz f\u0151v\u00e1rosban.<!--more--><\/strong><\/p>\n<p>Az orosz diplom\u00e1cia vezet\u0151je szerint az \u00fcgy kics\u00fafol\u00e1s\u00e1ra hasonl\u00edtana, ha a sz\u00edriai rendez\u00e9sre hat\u00e1st gyakorl\u00f3 Teher\u00e1n &#8211; amely Moszkva mellett Damaszkusz m\u00e1sik nagy t\u00e1mogat\u00f3ja &#8211; m\u00e9gsem lenne ott a sv\u00e1jci Montreux-ben szerd\u00e1ra \u00f6sszeh\u00edvott nemzetk\u00f6zi \u00e9rtekezleten.<br \/>\nSzergej Lavrov azt is kijelentette: az alepp\u00f3i humanit\u00e1rius seg\u00edts\u00e9gny\u00fajt\u00e1sban val\u00f3 k\u00f6zrem\u0171k\u00f6d\u00e9s nem jelenti azt, hogy b\u00e9kefenntart\u00f3kat k\u00fclden\u00e9nek a sz\u00edriai nagyv\u00e1ros k\u00f6rzet\u00e9be. A korm\u00e1nyer\u0151knek \u00e9s az ellene harcol\u00f3 fegyveres csoportoknak kell megegyezni\u00fck abban, hogy \u00fagynevezett humanit\u00e1rius folyos\u00f3t nyissanak a seg\u00e9lysz\u00e1ll\u00edtm\u00e1nyok eljuttat\u00e1s\u00e1ra, biztos\u00edtva a seg\u00e9lyszervezetek munkat\u00e1rsainak biztons\u00e1g\u00e1t&#8221;.<br \/>\nAz orosz k\u00fcl\u00fcgyminiszter c\u00e1folta, hogy Moszkva, Damaszkusz vagy Washington, illetve a sz\u00edriai rendez\u00e9sben \u00e9rintett b\u00e1rmelyik f\u00e9l kezdem\u00e9nyezte volna a b\u00e9kefenntart\u00f3k Sz\u00edri\u00e1ba meneszt\u00e9s\u00e9t. Megjegyezte, hogy &#8222;nem kev\u00e9s azoknak a sz\u00e1ma, akik b\u00e1rmilyen \u00fcr\u00fcgyet felhaszn\u00e1ln\u00e1nak arra, hogy nemzetk\u00f6zi katonai form\u00e1ci\u00f3t k\u00fcldjenek Sz\u00edri\u00e1ba&#8221;.<br \/>\nAz orosz k\u00fcl\u00fcgyminiszter a m\u00falt p\u00e9nteken Moszkv\u00e1ban t\u00e1rgyalt Val\u00edd Moallem sz\u00edriai k\u00fcl\u00fcgyminiszterrel, aki \u00e1tadta orosz koll\u00e9g\u00e1j\u00e1nak azt a cselekv\u00e9si tervet, amely Damaszkusz elk\u00e9pzel\u00e9s\u00e9t tartalmazza az alepp\u00f3i t\u0171zsz\u00fcnet megval\u00f3s\u00edt\u00e1s\u00e1r\u00f3l.<br \/>\nLavrov azt is hangoztatta a Borge Brende norv\u00e9g k\u00fcl\u00fcgyminiszterrel k\u00f6z\u00f6sen tartott moszkvai t\u00e1j\u00e9koztat\u00f3n, hogy Oroszorsz\u00e1g el\u00e9gedett a vegyi fegyverek Sz\u00edri\u00e1b\u00f3l val\u00f3 elsz\u00e1ll\u00edt\u00e1s\u00e1val. Azt mondta, arra t\u00f6rekszenek, hogy a t\u00f6megpuszt\u00edt\u00f3 fegyverek megsemmis\u00edt\u00e9s\u00e9nek minden egyes szakasza a legbiztons\u00e1gosabban \u00e9s leghamarabb menjen v\u00e9gbe.(MTI)<\/p>\n","protected":false},"excerpt":{"rendered":"<p>Az orosz k\u00fcl\u00fcgyminiszter \u00fcdv\u00f6z\u00f6lte Ir\u00e1n megh\u00edv\u00e1s\u00e1t a sv\u00e1jci Sz\u00edria-konferenci\u00e1ra. Szergej Lavrov err\u0151l azt k\u00f6vet\u0151en besz\u00e9lt, hogy h\u00e9tf\u0151n norv\u00e9g koll\u00e9g\u00e1j\u00e1val t\u00e1rgyalt az orosz f\u0151v\u00e1rosban.<\/p>\n","protected":false},"author":1,"featured_media":0,"comment_status":"open","ping_status":"closed","sticky":false,"template":"","format":"standard","meta":[],"categories":[16],"tags":[],"_links":{"self":[{"href":"https:\/\/gazdasagportal.hu\/index.php\/wp-json\/wp\/v2\/posts\/25539"}],"collection":[{"href":"https:\/\/gazdasagportal.hu\/index.php\/wp-json\/wp\/v2\/posts"}],"about":[{"href":"https:\/\/gazdasagportal.hu\/index.php\/wp-json\/wp\/v2\/types\/post"}],"author":[{"embeddable":true,"href":"https:\/\/gazdasagportal.hu\/index.php\/wp-json\/wp\/v2\/users\/1"}],"replies":[{"embeddable":true,"href":"https:\/\/gazdasagportal.hu\/index.php\/wp-json\/wp\/v2\/comments?post=25539"}],"version-history":[{"count":1,"href":"https:\/\/gazdasagportal.hu\/index.php\/wp-json\/wp\/v2\/posts\/25539\/revisions"}],"predecessor-version":[{"id":25540,"href":"https:\/\/gazdasagportal.hu\/index.php\/wp-json\/wp\/v2\/posts\/25539\/revisions\/25540"}],"wp:attachment":[{"href":"https:\/\/gazdasagportal.hu\/index.php\/wp-json\/wp\/v2\/media?parent=25539"}],"wp:term":[{"taxonomy":"category","embeddable":true,"href":"https:\/\/gazdasagportal.hu\/index.php\/wp-json\/wp\/v2\/categories?post=25539"},{"taxonomy":"post_tag","embeddable":true,"href":"https:\/\/gazdasagportal.hu\/index.php\/wp-json\/wp\/v2\/tags?post=25539"}],"curies":[{"name":"wp","href":"https:\/\/api.w.org\/{rel}","templated":true}]}}